{"id":27268,"date":"2025-04-14T15:53:05","date_gmt":"2025-04-14T13:53:05","guid":{"rendered":"https:\/\/www.dudelange.lu\/?post_type=actualites&#038;p=27268"},"modified":"2025-04-15T14:41:31","modified_gmt":"2025-04-15T12:41:31","slug":"budget-participatif-5-nouveaux-projets-pour-dudelange","status":"publish","type":"actualites","link":"https:\/\/www.dudelange.lu\/index.php\/actualites\/budget-participatif-5-nouveaux-projets-pour-dudelange\/","title":{"rendered":"Budget participatif : 5 nouveaux projets pour Dudelange"},"content":{"rendered":"<p><span class=\"fontstyle0\">[FR] La deuxi\u00e8me \u00e9dition du budget participatif de Dudelange a d\u00e9but\u00e9 fin avril 2024. Au d\u00e9but du mois de juin, les habitant\u00b7es de Dudelange avaient soumis un total de 29 projets. 110 000 \u20ac sont disponibles pour l\u2019\u00e9dition de cette ann\u00e9e. Le 16 d\u00e9cembre, les cinq projets gagnants ont \u00e9t\u00e9 annonc\u00e9s. Nous vous pr\u00e9sentons ci-dessous ces projets qui seront mis en \u0153uvre dans le courant de cette ann\u00e9e.<\/span><\/p>\n<p>&#8211;<\/p>\n<p><span class=\"fontstyle0\">[DE] Ende April 2024 startete die zweite Auflage des D\u00fcdelinger B\u00fcrger*innenhaushalts. Bis Anfang Juni wurden insgesamt 29 Projekte von D\u00fcdelinger B\u00fcrger*innen eingereicht. Am 16. Dezember wurden die f\u00fcnf Gewinnerprojekte bekannt gegeben. 110.000 \u20ac stehen f\u00fcr die diesj\u00e4hrige Auflage zur Verf\u00fcgung. Nachfolgend m\u00f6chten wir Ihnen die f\u00fcnf Projekte, die im Laufe dieses Jahres umgesetzt werden, vorstellen.<\/span><\/p>\n<hr \/>\n<p><strong><span class=\"fontstyle0\">Babbelb\u00e4nk am Duerf<\/span><\/strong><\/p>\n<div id=\"attachment_27269\" style=\"width: 243px\" class=\"wp-caption aligncenter\"><img decoding=\"async\" aria-describedby=\"caption-attachment-27269\" class=\"lazyload wp-image-27269\" src=\"https:\/\/sadudelangedata.blob.core.windows.net\/files\/2025\/04\/VdD_Budget-Participatif_iNET-72dpi-\u00a9-Marc-Lazzarini-standart-24-200x300.jpg\" data-orig-src=\"https:\/\/sadudelangedata.blob.core.windows.net\/files\/2025\/04\/VdD_Budget-Participatif_iNET-72dpi-\u00a9-Marc-Lazzarini-standart-24-200x300.jpg\" width=\"233\" height=\"350\" srcset=\"data:image\/svg+xml,%3Csvg%20xmlns%3D%27http%3A%2F%2Fwww.w3.org%2F2000%2Fsvg%27%20width%3D%27233%27%20height%3D%27350%27%20viewBox%3D%270%200%20233%20350%27%3E%3Crect%20width%3D%27233%27%20height%3D%27350%27%20fill-opacity%3D%220%22%2F%3E%3C%2Fsvg%3E\" data-srcset=\"https:\/\/sadudelangedata.blob.core.windows.net\/files\/2025\/04\/VdD_Budget-Participatif_iNET-72dpi-\u00a9-Marc-Lazzarini-standart-24-200x300.jpg 200w, https:\/\/sadudelangedata.blob.core.windows.net\/files\/2025\/04\/VdD_Budget-Participatif_iNET-72dpi-\u00a9-Marc-Lazzarini-standart-24-400x600.jpg 400w, https:\/\/sadudelangedata.blob.core.windows.net\/files\/2025\/04\/VdD_Budget-Participatif_iNET-72dpi-\u00a9-Marc-Lazzarini-standart-24-600x900.jpg 600w, https:\/\/sadudelangedata.blob.core.windows.net\/files\/2025\/04\/VdD_Budget-Participatif_iNET-72dpi-\u00a9-Marc-Lazzarini-standart-24-683x1024.jpg 683w, https:\/\/sadudelangedata.blob.core.windows.net\/files\/2025\/04\/VdD_Budget-Participatif_iNET-72dpi-\u00a9-Marc-Lazzarini-standart-24-768x1152.jpg 768w, https:\/\/sadudelangedata.blob.core.windows.net\/files\/2025\/04\/VdD_Budget-Participatif_iNET-72dpi-\u00a9-Marc-Lazzarini-standart-24-800x1200.jpg 800w, https:\/\/sadudelangedata.blob.core.windows.net\/files\/2025\/04\/VdD_Budget-Participatif_iNET-72dpi-\u00a9-Marc-Lazzarini-standart-24-1024x1536.jpg 1024w, https:\/\/sadudelangedata.blob.core.windows.net\/files\/2025\/04\/VdD_Budget-Participatif_iNET-72dpi-\u00a9-Marc-Lazzarini-standart-24-1200x1800.jpg 1200w, https:\/\/sadudelangedata.blob.core.windows.net\/files\/2025\/04\/VdD_Budget-Participatif_iNET-72dpi-\u00a9-Marc-Lazzarini-standart-24.jpg 1365w\" data-sizes=\"auto\" data-orig-sizes=\"(max-width: 233px) 100vw, 233px\" \/><p id=\"caption-attachment-27269\" class=\"wp-caption-text\">Viviane Simon (Photo \u00a9 Marc Lazzarini)<\/p><\/div>\n<p>[FR] <span class=\"fontstyle3\">Ce projet a \u00e9t\u00e9 soumis par Viviane Simon. Originaire de Dudelange, elle souhaite r\u00e9unir diff\u00e9rentes g\u00e9n\u00e9rations au centre-ville de Dudelange, gr\u00e2ce \u00e0 un ou plusieurs bancs comme moyen de lutter contre la solitude. \u00ab De plus en plus de personnes sont seules et isol\u00e9es et aimeraient pouvoir parler \u00e0 quelqu\u2018un. C\u2018est ce qui m\u2018a motiv\u00e9e \u00e0 soumettre ce projet dans le cadre du budget participatif \u00bb, explique Viviane Simon.<\/span><\/p>\n<p><span class=\"fontstyle2\">[DE]\u00a0 <\/span><span class=\"fontstyle3\">Dieses Projekt wurde von Viviane Simon eingereicht. Die D\u00fcdelingerin m\u00f6chte mithilfe einer Bank oder mehreren B\u00e4nken im Zentrum von D\u00fcdelingen Generationen zusammenbringen und somit gegen das Alleinsein vorgehen. \u201eImmer mehr Menschen sind isoliert und einsam und w\u00fcrden gerne mit jemandem reden. Das war meine Motivation, dieses Projekt im Rahmen des B\u00fcrger*innenhaushalts einzureichen\u201c, erkl\u00e4rt Viviane Simon.<\/span><\/p>\n<p><strong><span class=\"fontstyle0\">Parcours de sant\u00e9 Ginzebierg \/ Fitness parcours Ginzebierg<\/span><\/strong><\/p>\n<div id=\"attachment_27270\" style=\"width: 243px\" class=\"wp-caption aligncenter\"><img decoding=\"async\" aria-describedby=\"caption-attachment-27270\" class=\"lazyload wp-image-27270\" src=\"https:\/\/sadudelangedata.blob.core.windows.net\/files\/2025\/04\/VdD_Budget-Participatif_iNET-72dpi-\u00a9-Marc-Lazzarini-standart-28-200x300.jpg\" data-orig-src=\"https:\/\/sadudelangedata.blob.core.windows.net\/files\/2025\/04\/VdD_Budget-Participatif_iNET-72dpi-\u00a9-Marc-Lazzarini-standart-28-200x300.jpg\" width=\"233\" height=\"350\" srcset=\"data:image\/svg+xml,%3Csvg%20xmlns%3D%27http%3A%2F%2Fwww.w3.org%2F2000%2Fsvg%27%20width%3D%27233%27%20height%3D%27350%27%20viewBox%3D%270%200%20233%20350%27%3E%3Crect%20width%3D%27233%27%20height%3D%27350%27%20fill-opacity%3D%220%22%2F%3E%3C%2Fsvg%3E\" data-srcset=\"https:\/\/sadudelangedata.blob.core.windows.net\/files\/2025\/04\/VdD_Budget-Participatif_iNET-72dpi-\u00a9-Marc-Lazzarini-standart-28-200x300.jpg 200w, https:\/\/sadudelangedata.blob.core.windows.net\/files\/2025\/04\/VdD_Budget-Participatif_iNET-72dpi-\u00a9-Marc-Lazzarini-standart-28-400x600.jpg 400w, https:\/\/sadudelangedata.blob.core.windows.net\/files\/2025\/04\/VdD_Budget-Participatif_iNET-72dpi-\u00a9-Marc-Lazzarini-standart-28-600x900.jpg 600w, https:\/\/sadudelangedata.blob.core.windows.net\/files\/2025\/04\/VdD_Budget-Participatif_iNET-72dpi-\u00a9-Marc-Lazzarini-standart-28-683x1024.jpg 683w, https:\/\/sadudelangedata.blob.core.windows.net\/files\/2025\/04\/VdD_Budget-Participatif_iNET-72dpi-\u00a9-Marc-Lazzarini-standart-28-768x1152.jpg 768w, https:\/\/sadudelangedata.blob.core.windows.net\/files\/2025\/04\/VdD_Budget-Participatif_iNET-72dpi-\u00a9-Marc-Lazzarini-standart-28-800x1200.jpg 800w, https:\/\/sadudelangedata.blob.core.windows.net\/files\/2025\/04\/VdD_Budget-Participatif_iNET-72dpi-\u00a9-Marc-Lazzarini-standart-28-1024x1536.jpg 1024w, https:\/\/sadudelangedata.blob.core.windows.net\/files\/2025\/04\/VdD_Budget-Participatif_iNET-72dpi-\u00a9-Marc-Lazzarini-standart-28-1200x1800.jpg 1200w, https:\/\/sadudelangedata.blob.core.windows.net\/files\/2025\/04\/VdD_Budget-Participatif_iNET-72dpi-\u00a9-Marc-Lazzarini-standart-28.jpg 1365w\" data-sizes=\"auto\" data-orig-sizes=\"(max-width: 233px) 100vw, 233px\" \/><p id=\"caption-attachment-27270\" class=\"wp-caption-text\">Claude Sabus &amp; Steve Lanners (Photo \u00a9 Marc Lazzarini)<\/p><\/div>\n<p><span class=\"fontstyle0\">[FR] Claude Sabus court souvent avec un groupe de voisins autour de l\u2019antenne de t\u00e9l\u00e9vision au Ginzebierg. Afin de rendre ce parcours plus dynamique, des agr\u00e8s de fitness seront install\u00e9s \u00e0 diff\u00e9rents endroits. \u00ab Nous voulons combiner sport et nature et promouvoir la sant\u00e9 de tou\u00b7tes les citoyen\u00b7nes. C\u2018est pourquoi nous avons soumis ce projet \u00bb, souligne l\u2018initiateur.<\/span><\/p>\n<p><span class=\"fontstyle2\">[DE] <\/span><span class=\"fontstyle0\">Claude Sabus l\u00e4uft des \u00d6fteren mit einer Gruppe von Nachbar*innen rund um den Sender auf dem Ginzebierg. Um die Laufstrecke aktiver zu gestalten, sollen in verschiedenen Abst\u00e4nden Fitnessstationen aufgestellt werden. \u201eWir m\u00f6chten Sport und Natur miteinander verbinden und die Gesundheit aller B\u00fcrger*innen f\u00f6rdern, deshalb haben wir dieses Projekt eingereicht\u201c, betont der Initiator.<\/span><\/p>\n<p><strong><span class=\"fontstyle0\">Des repas \u00e9quilibr\u00e9s pour les \u00e9l\u00e8ves \/ Ausgewogene Mahlzeiten f\u00fcr Sch\u00fcler*innen<\/span><\/strong><\/p>\n<div id=\"attachment_27271\" style=\"width: 243px\" class=\"wp-caption aligncenter\"><img decoding=\"async\" aria-describedby=\"caption-attachment-27271\" class=\"lazyload wp-image-27271\" src=\"https:\/\/sadudelangedata.blob.core.windows.net\/files\/2025\/04\/VdD_Budget-Participatif_iNET-72dpi-\u00a9-Marc-Lazzarini-standart-25-200x300.jpg\" data-orig-src=\"https:\/\/sadudelangedata.blob.core.windows.net\/files\/2025\/04\/VdD_Budget-Participatif_iNET-72dpi-\u00a9-Marc-Lazzarini-standart-25-200x300.jpg\" width=\"233\" height=\"350\" srcset=\"data:image\/svg+xml,%3Csvg%20xmlns%3D%27http%3A%2F%2Fwww.w3.org%2F2000%2Fsvg%27%20width%3D%27233%27%20height%3D%27350%27%20viewBox%3D%270%200%20233%20350%27%3E%3Crect%20width%3D%27233%27%20height%3D%27350%27%20fill-opacity%3D%220%22%2F%3E%3C%2Fsvg%3E\" data-srcset=\"https:\/\/sadudelangedata.blob.core.windows.net\/files\/2025\/04\/VdD_Budget-Participatif_iNET-72dpi-\u00a9-Marc-Lazzarini-standart-25-200x300.jpg 200w, https:\/\/sadudelangedata.blob.core.windows.net\/files\/2025\/04\/VdD_Budget-Participatif_iNET-72dpi-\u00a9-Marc-Lazzarini-standart-25-400x600.jpg 400w, https:\/\/sadudelangedata.blob.core.windows.net\/files\/2025\/04\/VdD_Budget-Participatif_iNET-72dpi-\u00a9-Marc-Lazzarini-standart-25-600x900.jpg 600w, https:\/\/sadudelangedata.blob.core.windows.net\/files\/2025\/04\/VdD_Budget-Participatif_iNET-72dpi-\u00a9-Marc-Lazzarini-standart-25-683x1024.jpg 683w, https:\/\/sadudelangedata.blob.core.windows.net\/files\/2025\/04\/VdD_Budget-Participatif_iNET-72dpi-\u00a9-Marc-Lazzarini-standart-25-768x1152.jpg 768w, https:\/\/sadudelangedata.blob.core.windows.net\/files\/2025\/04\/VdD_Budget-Participatif_iNET-72dpi-\u00a9-Marc-Lazzarini-standart-25-800x1200.jpg 800w, https:\/\/sadudelangedata.blob.core.windows.net\/files\/2025\/04\/VdD_Budget-Participatif_iNET-72dpi-\u00a9-Marc-Lazzarini-standart-25-1024x1536.jpg 1024w, https:\/\/sadudelangedata.blob.core.windows.net\/files\/2025\/04\/VdD_Budget-Participatif_iNET-72dpi-\u00a9-Marc-Lazzarini-standart-25-1200x1800.jpg 1200w, https:\/\/sadudelangedata.blob.core.windows.net\/files\/2025\/04\/VdD_Budget-Participatif_iNET-72dpi-\u00a9-Marc-Lazzarini-standart-25.jpg 1365w\" data-sizes=\"auto\" data-orig-sizes=\"(max-width: 233px) 100vw, 233px\" \/><p id=\"caption-attachment-27271\" class=\"wp-caption-text\">Nicolas Lori (Photo \u00a9 Marc Lazzarini)<\/p><\/div>\n<p><span class=\"fontstyle0\">[FR] Cette initiative de Nicolas Lori pr\u00e9voit la cr\u00e9ation d\u2018une charte en collaboration avec les restaurants locaux, afin de proposer aux \u00e9l\u00e8ves de Dudelange des repas \u00e9quilibr\u00e9s mais n\u00e9anmoins abordables. \u00ab Il est inqui\u00e9tant de voir que de nombreux \u00e9l\u00e8ves mangent \u00e0 midi des repas malsains tels que des pizzas industrielles et des boissons sucr\u00e9es, qu\u2019en plus ils\u00b7elles paient cher \u00bb, explique Nicolas Lori pour expliquer sa motivation.<\/span><\/p>\n<p><span class=\"fontstyle2\">[DE]\u00a0 <\/span><span class=\"fontstyle0\">Diese Initiative von Nicolas Lori sieht vor, dass in Zusammenarbeit mit den lokalen Restaurants eine Charta aufgestellt wird, um den Sch\u00fcler*innen in D\u00fcdelingen ausgewogene, aber trotzdem g\u00fcnstige Mahlzeiten anzubieten. \u201eEs ist bedenklich, dass viele Sch\u00fcler*innen mittags ungesunde Mahlzeiten wie Fertigpizzas und ges\u00fc\u00dfte Softdrinks zu sich nehmen und teilweise auch noch teuer daf\u00fcr bezahlen m\u00fcssen\u201c, erkl\u00e4rt Nicolas Lori seine Motivation.<\/span><\/p>\n<p><strong><span class=\"fontstyle0\">1 voix pour la nature &#8211; 1 nature pour nous tou\u00b7tes \/ 1 St\u00ebmm fir d&rsquo;Natur &#8211; 1 Natur fir eis all<\/span><\/strong><\/p>\n<div id=\"attachment_27272\" style=\"width: 243px\" class=\"wp-caption aligncenter\"><img decoding=\"async\" aria-describedby=\"caption-attachment-27272\" class=\"lazyload wp-image-27272\" src=\"https:\/\/sadudelangedata.blob.core.windows.net\/files\/2025\/04\/VdD_Budget-Participatif_iNET-72dpi-\u00a9-Marc-Lazzarini-standart-23-200x300.jpg\" data-orig-src=\"https:\/\/sadudelangedata.blob.core.windows.net\/files\/2025\/04\/VdD_Budget-Participatif_iNET-72dpi-\u00a9-Marc-Lazzarini-standart-23-200x300.jpg\" width=\"233\" height=\"350\" srcset=\"data:image\/svg+xml,%3Csvg%20xmlns%3D%27http%3A%2F%2Fwww.w3.org%2F2000%2Fsvg%27%20width%3D%27233%27%20height%3D%27350%27%20viewBox%3D%270%200%20233%20350%27%3E%3Crect%20width%3D%27233%27%20height%3D%27350%27%20fill-opacity%3D%220%22%2F%3E%3C%2Fsvg%3E\" data-srcset=\"https:\/\/sadudelangedata.blob.core.windows.net\/files\/2025\/04\/VdD_Budget-Participatif_iNET-72dpi-\u00a9-Marc-Lazzarini-standart-23-200x300.jpg 200w, https:\/\/sadudelangedata.blob.core.windows.net\/files\/2025\/04\/VdD_Budget-Participatif_iNET-72dpi-\u00a9-Marc-Lazzarini-standart-23-400x600.jpg 400w, https:\/\/sadudelangedata.blob.core.windows.net\/files\/2025\/04\/VdD_Budget-Participatif_iNET-72dpi-\u00a9-Marc-Lazzarini-standart-23-600x900.jpg 600w, https:\/\/sadudelangedata.blob.core.windows.net\/files\/2025\/04\/VdD_Budget-Participatif_iNET-72dpi-\u00a9-Marc-Lazzarini-standart-23-683x1024.jpg 683w, https:\/\/sadudelangedata.blob.core.windows.net\/files\/2025\/04\/VdD_Budget-Participatif_iNET-72dpi-\u00a9-Marc-Lazzarini-standart-23-768x1152.jpg 768w, https:\/\/sadudelangedata.blob.core.windows.net\/files\/2025\/04\/VdD_Budget-Participatif_iNET-72dpi-\u00a9-Marc-Lazzarini-standart-23-800x1200.jpg 800w, https:\/\/sadudelangedata.blob.core.windows.net\/files\/2025\/04\/VdD_Budget-Participatif_iNET-72dpi-\u00a9-Marc-Lazzarini-standart-23-1024x1536.jpg 1024w, https:\/\/sadudelangedata.blob.core.windows.net\/files\/2025\/04\/VdD_Budget-Participatif_iNET-72dpi-\u00a9-Marc-Lazzarini-standart-23-1200x1800.jpg 1200w, https:\/\/sadudelangedata.blob.core.windows.net\/files\/2025\/04\/VdD_Budget-Participatif_iNET-72dpi-\u00a9-Marc-Lazzarini-standart-23.jpg 1365w\" data-sizes=\"auto\" data-orig-sizes=\"(max-width: 233px) 100vw, 233px\" \/><p id=\"caption-attachment-27272\" class=\"wp-caption-text\">Georges Lahr (Photo \u00a9 Marc Lazzarini)<\/p><\/div>\n<p><span class=\"fontstyle0\">[FR] <\/span><span class=\"fontstyle2\">Georges Lahr en a assez de devoir ramasser les d\u00e9chets des autres et de les jeter dans la poubelle lorsqu\u2018il se prom\u00e8ne avec son chien. \u00ab Gr\u00e2ce \u00e0 ce projet, je voudrais sensibiliser les gens et les rendre attentifs \u00e0 leurs actes irr\u00e9fl\u00e9- chis, qui ont des cons\u00e9quences graves pour notre nature \u00bb, explique le citoyen engag\u00e9 de Dudelange. \u00ab Nous devons \u00e9lever la voix pour prot\u00e9ger la nature et le monde animal ! \u00bb.<\/span><\/p>\n<p><span class=\"fontstyle0\">[DE] <\/span><span class=\"fontstyle2\">Georges Lahr ist es leid, wenn er mit seinem Hund spazieren geht, immer wieder M\u00fcll von Fremden aufsammeln zu m\u00fcssen und in die M\u00fclltonne zu schmei\u00dfen. \u201eIch m\u00f6chte mit diesem Projekt sensibilisieren und die Menschen auf ihr un\u00fcberlegtes Handeln, das gravierende Folgen f\u00fcr unsere Natur hat, aufmerksam machen\u201c, so der engagierte D\u00fcdelinger. \u201eWir m\u00fcssen unsere Stimme erheben, um die Natur und die Tierwelt zu sch\u00fctzen!\u00a0\u00bb<\/span><\/p>\n<p><strong><span class=\"fontstyle0\">Des lieux de compost dans l\u2018espace public \/ Kompoststellen im \u00f6ffentlichen Raum<\/span><\/strong><\/p>\n<div id=\"attachment_27273\" style=\"width: 243px\" class=\"wp-caption aligncenter\"><img decoding=\"async\" aria-describedby=\"caption-attachment-27273\" class=\"lazyload wp-image-27273\" src=\"https:\/\/sadudelangedata.blob.core.windows.net\/files\/2025\/04\/VdD_BP_David-Mahnen_iNET-72dpi-\u00a9-Marc-Lazzarini-standart-1-200x300.jpg\" data-orig-src=\"https:\/\/sadudelangedata.blob.core.windows.net\/files\/2025\/04\/VdD_BP_David-Mahnen_iNET-72dpi-\u00a9-Marc-Lazzarini-standart-1-200x300.jpg\" width=\"233\" height=\"350\" srcset=\"data:image\/svg+xml,%3Csvg%20xmlns%3D%27http%3A%2F%2Fwww.w3.org%2F2000%2Fsvg%27%20width%3D%27233%27%20height%3D%27350%27%20viewBox%3D%270%200%20233%20350%27%3E%3Crect%20width%3D%27233%27%20height%3D%27350%27%20fill-opacity%3D%220%22%2F%3E%3C%2Fsvg%3E\" data-srcset=\"https:\/\/sadudelangedata.blob.core.windows.net\/files\/2025\/04\/VdD_BP_David-Mahnen_iNET-72dpi-\u00a9-Marc-Lazzarini-standart-1-200x300.jpg 200w, https:\/\/sadudelangedata.blob.core.windows.net\/files\/2025\/04\/VdD_BP_David-Mahnen_iNET-72dpi-\u00a9-Marc-Lazzarini-standart-1-400x600.jpg 400w, https:\/\/sadudelangedata.blob.core.windows.net\/files\/2025\/04\/VdD_BP_David-Mahnen_iNET-72dpi-\u00a9-Marc-Lazzarini-standart-1-600x900.jpg 600w, https:\/\/sadudelangedata.blob.core.windows.net\/files\/2025\/04\/VdD_BP_David-Mahnen_iNET-72dpi-\u00a9-Marc-Lazzarini-standart-1-683x1024.jpg 683w, https:\/\/sadudelangedata.blob.core.windows.net\/files\/2025\/04\/VdD_BP_David-Mahnen_iNET-72dpi-\u00a9-Marc-Lazzarini-standart-1-768x1152.jpg 768w, https:\/\/sadudelangedata.blob.core.windows.net\/files\/2025\/04\/VdD_BP_David-Mahnen_iNET-72dpi-\u00a9-Marc-Lazzarini-standart-1-800x1200.jpg 800w, https:\/\/sadudelangedata.blob.core.windows.net\/files\/2025\/04\/VdD_BP_David-Mahnen_iNET-72dpi-\u00a9-Marc-Lazzarini-standart-1-1024x1536.jpg 1024w, https:\/\/sadudelangedata.blob.core.windows.net\/files\/2025\/04\/VdD_BP_David-Mahnen_iNET-72dpi-\u00a9-Marc-Lazzarini-standart-1-1200x1800.jpg 1200w, https:\/\/sadudelangedata.blob.core.windows.net\/files\/2025\/04\/VdD_BP_David-Mahnen_iNET-72dpi-\u00a9-Marc-Lazzarini-standart-1.jpg 1365w\" data-sizes=\"auto\" data-orig-sizes=\"(max-width: 233px) 100vw, 233px\" \/><p id=\"caption-attachment-27273\" class=\"wp-caption-text\">David Mahnen (Photo \u00a9 Marc Lazzarini)<\/p><\/div>\n<p><span class=\"fontstyle0\">[FR] <\/span><span class=\"fontstyle2\">Le projet de David Mahnen pr\u00e9voit l\u2018installation de points de collecte de compost ferm\u00e9s dans l\u2018espace public du centre-ville, afin d\u2018am\u00e9liorer l\u2018\u00e9limination des d\u00e9chets organiques et de promouvoir les gestes en faveur de l\u2019environnement. \u00ab Dans de nombreux immeubles du centre de Dudelange, il n\u2018y a malheureusement pas de poubelles vertes \u00bb, d\u00e9plore David Mahnen. \u00ab Soit il n\u2018y a pas assez de place, soit ce n\u2018est pas autoris\u00e9, et les d\u00e9chets organiques finissent dans la poubelle noire. Je veux changer cet \u00e9tat de fait ! \u00bb.<\/span><\/p>\n<p><span class=\"fontstyle0\">[DE] <\/span><span class=\"fontstyle2\">Das Projekt von David Mahnen sieht vor, dass geschlossene Kompostsammelstellen im \u00f6ffentlichen Raum im Stadtzentrum errichtet werden, um die Entsorgung von organischem Abfall zu verbessern und nachhaltige Methoden zu f\u00f6rdern. \u201eIn vielen Mehrfamilienh\u00e4usern im Zentrum D\u00fcdelingens sind leider keine Biotonnen verf\u00fcgbar\u201c, bedauert David Mahnen. \u201eEntweder es mangelt am n\u00f6tigen Platz oder es ist nicht erlaubt und somit landet der organische Abfall in der schwarzen Tonne und diesen Zustand m\u00f6chte ich \u00e4ndern!\u00a0\u00bb<\/span><\/p>\n<p>&nbsp;<\/p>\n<p><strong>Downloads:<\/strong><\/p>\n<p>[PDF] <span style=\"text-decoration: underline;\"><span style=\"color: #ef4030; text-decoration: underline;\"><a style=\"color: #ef4030; text-decoration: underline;\" href=\"https:\/\/sadudelangedata.blob.core.windows.net\/files\/2025\/04\/Budget-Participatif.pdf\" target=\"_blank\" rel=\"noopener\">Article Meng Stad \/ Artikel Meng Stad<\/a><\/span><\/span><strong><br \/>\n<\/strong><span style=\"color: #000000;\">[PDF] <span style=\"text-decoration: underline;\"><span style=\"color: #ef4030; text-decoration: underline;\"><a style=\"color: #ef4030; text-decoration: underline;\" href=\"https:\/\/sadudelangedata.blob.core.windows.net\/files\/2025\/04\/MengStad-1-2025-WEB.pdf\" target=\"_blank\" rel=\"noopener\">Meng Stad 2025 \/ n\u00b01<\/a><\/span><\/span><\/span><\/p>\n","protected":false},"excerpt":{"rendered":"<p>Meng Stad: Nous vous pr\u00e9sentons les projets qui seront mis en \u0153uvre.<\/p>\n","protected":false},"featured_media":27315,"template":"","categories":[],"class_list":["post-27268","actualites","type-actualites","status-publish","has-post-thumbnail","hentry"],"date_debut_affichage":"0000-00-00 00:00:00","date_fin_affichage":"0000-00-00 00:00:00","description_ecran":"","place_hotel_de_ville":"0","gare_dudelange_ville":"0","lycee_nic_biever":"0","preview":"0","visuel_prepare":false,"ordre_affichage_ecran":"0","featured_image_url":"https:\/\/sadudelangedata.blob.core.windows.net\/files\/2025\/04\/Foto-Budget.jpg","publishpress_future_workflow_manual_trigger":{"enabledWorkflows":[]},"_links":{"self":[{"href":"https:\/\/www.dudelange.lu\/index.php\/wp-json\/wp\/v2\/actualites\/27268","targetHints":{"allow":["GET"]}}],"collection":[{"href":"https:\/\/www.dudelange.lu\/index.php\/wp-json\/wp\/v2\/actualites"}],"about":[{"href":"https:\/\/www.dudelange.lu\/index.php\/wp-json\/wp\/v2\/types\/actualites"}],"wp:featuredmedia":[{"embeddable":true,"href":"https:\/\/www.dudelange.lu\/index.php\/wp-json\/wp\/v2\/media\/27315"}],"wp:attachment":[{"href":"https:\/\/www.dudelange.lu\/index.php\/wp-json\/wp\/v2\/media?parent=27268"}],"wp:term":[{"taxonomy":"category","embeddable":true,"href":"https:\/\/www.dudelange.lu\/index.php\/wp-json\/wp\/v2\/categories?post=27268"}],"curies":[{"name":"wp","href":"https:\/\/api.w.org\/{rel}","templated":true}]}}