{"id":27318,"date":"2025-04-15T15:02:54","date_gmt":"2025-04-15T13:02:54","guid":{"rendered":"https:\/\/www.dudelange.lu\/?post_type=actualites&#038;p=27318"},"modified":"2025-04-16T14:52:07","modified_gmt":"2025-04-16T12:52:07","slug":"dudelange-continue-dinvestir-massivement-dans-le-sport","status":"publish","type":"actualites","link":"https:\/\/www.dudelange.lu\/index.php\/actualites\/dudelange-continue-dinvestir-massivement-dans-le-sport\/","title":{"rendered":"Meng Stad : Dudelange continue d\u2019investir massivement dans le sport"},"content":{"rendered":"<p><span class=\"fontstyle0\">La ville de Dudelange est en croissance constante. Par cons\u00e9quent, de plus en plus d\u2018habitant\u00b7es s\u2018inscrivent dans nos clubs sportifs locaux. Pour le Service des sports de la Ville de Dudelange, c\u2018est un d\u00e9fi quotidien que de r\u00e9pondre \u00e0 toutes les demandes. D\u2018une part, le niveau de nos infrastructures sportives doit \u00eatre adapt\u00e9 aux besoins et, d\u2018autre part, les clubs doivent recevoir tout le soutien n\u00e9- cessaire. <\/span>Pour la seule ann\u00e9e 2025, pas moins de 8,5 millions d\u2018euros suppl\u00e9mentaires (budget ordinaire) seront investis dans le domaine sportif.<\/p>\n<p><em>(F\u00fcr die deutsche Fassung, scrollen Sie bitte runter)<\/em><\/p>\n<blockquote><p><span class=\"fontstyle0\">\u00ab Il est important pour nous de chercher \u00e0 poursuivre le dialogue avec les clubs sportifs de Dudelange \u00bb, a soulign\u00e9 l\u2019\u00e9chevin Loris Spina le 13 d\u00e9-cembre lors du conseil communal. De quoi les clubs ont-ils besoin et quelles sont leurs attentes vis-\u00e0-vis de l\u2018administration communale ? Ces questions, parmi d\u2019autres, doivent \u00eatre discut\u00e9es lors des entretiens avec les comit\u00e9s directeurs des clubs.<\/span><\/p><\/blockquote>\n<p><span class=\"fontstyle0\">Le\u00b7la premier\u00b7\u00e8re coordinateur\u00b7rice sportif\u00b7ve communal\u00b7e sera responsable de cet \u00e9change. En effet, par la \u00ab Charte communale pour le d\u00e9veloppement de l\u2018activit\u00e9 physique et du sport \u00bb, notre commune s\u2018est engag\u00e9e \u00e0 cr\u00e9er un environnement qui encourage la pratique de l\u2018activit\u00e9 physique et du sport de mani\u00e8re \u00e0 la fois inclusive, accessible et durable. C\u2018est aussi dans cet esprit que la charte \u00ab Meng Gemeng lieft Sport \u00bb a \u00e9t\u00e9 sign\u00e9e le 27 f\u00e9vrier au minist\u00e8re des Sports. En outre, le\u00b7la coordinateur\u00b7rice sportif\u00b7ve fera office d\u2018interlocuteur\u00b7rice entre la commune, les parents, les clubs sportifs, les maisons relais et les \u00e9coles.<\/span><\/p>\n<div id=\"attachment_27320\" style=\"width: 1034px\" class=\"wp-caption aligncenter\"><img decoding=\"async\" aria-describedby=\"caption-attachment-27320\" class=\"lazyload wp-image-27320 size-large\" src=\"https:\/\/sadudelangedata.blob.core.windows.net\/files\/2025\/04\/Jos-Nosbaum-Statium_iNET-72dpi-\u00a9-Marc-Lazzarini-standart-4-1024x767.jpg\" data-orig-src=\"https:\/\/sadudelangedata.blob.core.windows.net\/files\/2025\/04\/Jos-Nosbaum-Statium_iNET-72dpi-\u00a9-Marc-Lazzarini-standart-4-1024x767.jpg\" width=\"1024\" height=\"767\" srcset=\"data:image\/svg+xml,%3Csvg%20xmlns%3D%27http%3A%2F%2Fwww.w3.org%2F2000%2Fsvg%27%20width%3D%271024%27%20height%3D%27767%27%20viewBox%3D%270%200%201024%20767%27%3E%3Crect%20width%3D%271024%27%20height%3D%27767%27%20fill-opacity%3D%220%22%2F%3E%3C%2Fsvg%3E\" data-srcset=\"https:\/\/sadudelangedata.blob.core.windows.net\/files\/2025\/04\/Jos-Nosbaum-Statium_iNET-72dpi-\u00a9-Marc-Lazzarini-standart-4-200x150.jpg 200w, https:\/\/sadudelangedata.blob.core.windows.net\/files\/2025\/04\/Jos-Nosbaum-Statium_iNET-72dpi-\u00a9-Marc-Lazzarini-standart-4-300x225.jpg 300w, https:\/\/sadudelangedata.blob.core.windows.net\/files\/2025\/04\/Jos-Nosbaum-Statium_iNET-72dpi-\u00a9-Marc-Lazzarini-standart-4-400x300.jpg 400w, https:\/\/sadudelangedata.blob.core.windows.net\/files\/2025\/04\/Jos-Nosbaum-Statium_iNET-72dpi-\u00a9-Marc-Lazzarini-standart-4-600x449.jpg 600w, https:\/\/sadudelangedata.blob.core.windows.net\/files\/2025\/04\/Jos-Nosbaum-Statium_iNET-72dpi-\u00a9-Marc-Lazzarini-standart-4-768x575.jpg 768w, https:\/\/sadudelangedata.blob.core.windows.net\/files\/2025\/04\/Jos-Nosbaum-Statium_iNET-72dpi-\u00a9-Marc-Lazzarini-standart-4-800x599.jpg 800w, https:\/\/sadudelangedata.blob.core.windows.net\/files\/2025\/04\/Jos-Nosbaum-Statium_iNET-72dpi-\u00a9-Marc-Lazzarini-standart-4-1024x767.jpg 1024w, https:\/\/sadudelangedata.blob.core.windows.net\/files\/2025\/04\/Jos-Nosbaum-Statium_iNET-72dpi-\u00a9-Marc-Lazzarini-standart-4-1200x899.jpg 1200w, https:\/\/sadudelangedata.blob.core.windows.net\/files\/2025\/04\/Jos-Nosbaum-Statium_iNET-72dpi-\u00a9-Marc-Lazzarini-standart-4-1536x1151.jpg 1536w\" data-sizes=\"auto\" data-orig-sizes=\"(max-width: 1024px) 100vw, 1024px\" \/><p id=\"caption-attachment-27320\" class=\"wp-caption-text\">Stade Jos Nosbaum \/ Photo \u00a9 Marc Lazzarini<\/p><\/div>\n<p><strong><span class=\"fontstyle0\">Le monde du sport de Dudelange en chiffres :<\/span><\/strong><\/p>\n<p><span class=\"fontstyle2\">L\u2018ann\u00e9e derni\u00e8re, le nombre d\u2018heures d\u2018enseignement et d\u2018entra\u00eenement a une fois encore battu des records, tant au niveau du sport scolaire que du sport amateur.<\/span><\/p>\n<p><strong>R\u00e9trospective de l&rsquo;ann\u00e9e 2024 :<\/strong><\/p>\n<ul style=\"list-style-type: disc;\">\n<li><strong>46 034 heures<\/strong> d&rsquo;\u00e9ducation physique au total<\/li>\n<li><strong>6 763 heures <\/strong>de sport scolaire<\/li>\n<li><strong>1 433 heures <\/strong>de natation scolaire<\/li>\n<li><strong>45 275 visiteurs <\/strong>\u00e0 la piscine couverte (Centre Hartmann)<\/li>\n<li><strong>33 055 visiteurs<\/strong> \u00e0 la piscine en plein air (de mai \u00e0 septembre)<\/li>\n<li><strong>18 261 heures d&rsquo;entra\u00eenement<\/strong> (sport amateur dans toutes les infrastructures sportives)<\/li>\n<\/ul>\n<p><strong><span class=\"fontstyle0\">Perspectives pour 2025<\/span><\/strong><\/p>\n<p><span class=\"fontstyle2\">La r\u00e9novation du stade J.F. Kennedy repr\u00e9sente sans aucun doute un moment important pour le monde sportif de Dudelange. Le stade du quartier Brill, inaugur\u00e9 en 1954, va faire peau neuve. Une salle d\u2018athl\u00e9tisme couverte de plus de 1150 m\u00b2 dot\u00e9e d\u2019une piste d\u2019athl\u00e9tisme de 60 m\u00e8tres de long et une installation d\u00e9di\u00e9e au saut \u00e0 la perche y seront notamment am\u00e9nag\u00e9es. En outre, un nouveau court de tennis couvert avec deux terrains est pr\u00e9vu et un autre terrain de padel tennis sera construit.<\/span><\/p>\n<div id=\"attachment_27321\" style=\"width: 1034px\" class=\"wp-caption aligncenter\"><img decoding=\"async\" aria-describedby=\"caption-attachment-27321\" class=\"lazyload wp-image-27321 size-large\" src=\"https:\/\/sadudelangedata.blob.core.windows.net\/files\/2025\/04\/P2-FINAL-1024x576.jpg\" data-orig-src=\"https:\/\/sadudelangedata.blob.core.windows.net\/files\/2025\/04\/P2-FINAL-1024x576.jpg\" width=\"1024\" height=\"576\" srcset=\"data:image\/svg+xml,%3Csvg%20xmlns%3D%27http%3A%2F%2Fwww.w3.org%2F2000%2Fsvg%27%20width%3D%271024%27%20height%3D%27576%27%20viewBox%3D%270%200%201024%20576%27%3E%3Crect%20width%3D%271024%27%20height%3D%27576%27%20fill-opacity%3D%220%22%2F%3E%3C%2Fsvg%3E\" data-srcset=\"https:\/\/sadudelangedata.blob.core.windows.net\/files\/2025\/04\/P2-FINAL-200x112.jpg 200w, https:\/\/sadudelangedata.blob.core.windows.net\/files\/2025\/04\/P2-FINAL-300x169.jpg 300w, https:\/\/sadudelangedata.blob.core.windows.net\/files\/2025\/04\/P2-FINAL-400x225.jpg 400w, https:\/\/sadudelangedata.blob.core.windows.net\/files\/2025\/04\/P2-FINAL-600x337.jpg 600w, https:\/\/sadudelangedata.blob.core.windows.net\/files\/2025\/04\/P2-FINAL-768x432.jpg 768w, https:\/\/sadudelangedata.blob.core.windows.net\/files\/2025\/04\/P2-FINAL-800x450.jpg 800w, https:\/\/sadudelangedata.blob.core.windows.net\/files\/2025\/04\/P2-FINAL-1024x576.jpg 1024w, https:\/\/sadudelangedata.blob.core.windows.net\/files\/2025\/04\/P2-FINAL-1200x675.jpg 1200w, https:\/\/sadudelangedata.blob.core.windows.net\/files\/2025\/04\/P2-FINAL-1536x864.jpg 1536w\" data-sizes=\"auto\" data-orig-sizes=\"(max-width: 1024px) 100vw, 1024px\" \/><p id=\"caption-attachment-27321\" class=\"wp-caption-text\">Maquette du future Stade J.F. Kennedy<\/p><\/div>\n<p><span class=\"fontstyle2\">Les travaux de r\u00e9novation vont bient\u00f4t commencer. Les infrastructures existantes seront d\u00e9molies dans les mois \u00e0 venir. La construction de la nouvelle infrastructure sera lanc\u00e9e par la suite. Les clubs sportifs qui s\u2018entra\u00eenent r\u00e9guli\u00e8rement au stade Kennedy (CAD, Rugby Club \u00ab Terres Rouges \u00bb, Dudelange Steelers, TennisClub Diddeleng) auront \u00e0 leur disposition des modules couverts qu\u2018ils pourront utiliser comme vestiaires et pour leur mat\u00e9riel.<\/span><\/p>\n<p><span class=\"fontstyle2\">Un autre projet encore concerne le stade de football Jos Nosbaum. Les tribunes et la buvette y seront int\u00e9gralement r\u00e9nov\u00e9es. Les fans de cyclisme seront \u00e9galement heureux\u00b7ses d\u2019apprendre que Dudelange accueillera le contre-la-montre de la Fl\u00e8che du Sud le 28 mai prochain. Il est \u00e9galement pr\u00e9vu de faire rena\u00eetre le c\u00e9l\u00e8bre festival \u00ab Dudelange on Wheels \u00bb.<\/span><\/p>\n<hr \/>\n<p><strong> <span class=\"fontstyle0\">D\u00fcdelingen investiert weiterhin konsequent in den Sport<\/span><\/strong><\/p>\n<p><span class=\"fontstyle0\">Die Stadt D\u00fcdelingen w\u00e4chst st\u00e4ndig. Dies hat zur Folge, dass sich auch immer mehr Einwohner*innen in unseren lokalen Sportvereinen anmelden. F\u00fcr das Sportamt der Stadt D\u00fcdelingen ist es deshalb eine tagt\u00e4gliche Herausforderung, allen Anfragen gerecht zu werden. Einerseits muss das Niveau unserer Sportinfrastrukturen stimmen und andererseits m\u00fcssen die Vereine die Unterst\u00fctzung bekommen, die sie ben\u00f6tigen. Allein dieses Jahre werden weitere 8,5 Millionen \u20ac (regul\u00e4rer Haushalt) in unsere Sportwelt investiert.<\/span><\/p>\n<blockquote><p><span class=\"fontstyle0\">\u201eEs ist uns wichtig, weiterhin den Austausch mit den D\u00fcdelinger Sportvereinen zu suchen\u201c, betonte Sportsch\u00f6ffe Loris Spina am 13. Dezember im Gemeinderat. Was ben\u00f6tigen die Vereine und welche Erwartungen haben sie an die Stadtverwaltung? Unter anderem sollen diese Fragen im Gespr\u00e4ch mit den Vereinsvorst\u00e4nden diskutiert werden.<\/span><\/p><\/blockquote>\n<p><span class=\"fontstyle0\">F\u00fcr diesen Austausch wird k\u00fcnftig der*die erste kommunale Sportkoordinator*in zust\u00e4ndig sein. Unsere Gemeinde hat sich n\u00e4mlich durch die \u201eGemeindecharta f\u00fcr die Entwicklung von Bewegung und Sport\u201c dazu verpflichtet, ein Umfeld zu schaffen, das sowohl auf integrative als auch zug\u00e4ngliche und nachhaltige Weise die Aus\u00fcbung von Bewegung und Sport f\u00f6rdert. In dem Sinne wurde am 27. Februar im Sportministerium die Charta \u201eMeng Gemeng lieft Sport\u201c unterschrieben. Der*die Sportkoordinator*in wird k\u00fcnftig als Ansprechpartner*in zwischen der Gemeinde, den Eltern, den Sportvereinen und den Maisons Relais sowie Schulen fungieren.<\/span><\/p>\n<div id=\"attachment_27324\" style=\"width: 1034px\" class=\"wp-caption aligncenter\"><img decoding=\"async\" aria-describedby=\"caption-attachment-27324\" class=\"lazyload wp-image-27324 size-large\" src=\"https:\/\/sadudelangedata.blob.core.windows.net\/files\/2025\/04\/image00052-1024x684.jpeg\" data-orig-src=\"https:\/\/sadudelangedata.blob.core.windows.net\/files\/2025\/04\/image00052-1024x684.jpeg\" width=\"1024\" height=\"684\" srcset=\"data:image\/svg+xml,%3Csvg%20xmlns%3D%27http%3A%2F%2Fwww.w3.org%2F2000%2Fsvg%27%20width%3D%271024%27%20height%3D%27684%27%20viewBox%3D%270%200%201024%20684%27%3E%3Crect%20width%3D%271024%27%20height%3D%27684%27%20fill-opacity%3D%220%22%2F%3E%3C%2Fsvg%3E\" data-srcset=\"https:\/\/sadudelangedata.blob.core.windows.net\/files\/2025\/04\/image00052-200x134.jpeg 200w, https:\/\/sadudelangedata.blob.core.windows.net\/files\/2025\/04\/image00052-300x200.jpeg 300w, https:\/\/sadudelangedata.blob.core.windows.net\/files\/2025\/04\/image00052-400x267.jpeg 400w, https:\/\/sadudelangedata.blob.core.windows.net\/files\/2025\/04\/image00052-600x401.jpeg 600w, https:\/\/sadudelangedata.blob.core.windows.net\/files\/2025\/04\/image00052-768x513.jpeg 768w, https:\/\/sadudelangedata.blob.core.windows.net\/files\/2025\/04\/image00052-800x535.jpeg 800w, https:\/\/sadudelangedata.blob.core.windows.net\/files\/2025\/04\/image00052-1024x684.jpeg 1024w, https:\/\/sadudelangedata.blob.core.windows.net\/files\/2025\/04\/image00052-1200x802.jpeg 1200w, https:\/\/sadudelangedata.blob.core.windows.net\/files\/2025\/04\/image00052-1536x1027.jpeg 1536w, https:\/\/sadudelangedata.blob.core.windows.net\/files\/2025\/04\/image00052.jpeg 1616w\" data-sizes=\"auto\" data-orig-sizes=\"(max-width: 1024px) 100vw, 1024px\" \/><p id=\"caption-attachment-27324\" class=\"wp-caption-text\">Signature Charte \u00ab\u00a0Meng Gemeng lieft Sport\u00a0\u00bb 27.02.2025 (Sven Loscheider, Dan Biancalana, Ren\u00e9 Manderscheid, Georges Mischo, Claudia Dall&rsquo;Agnol, Loris Spina<\/p><\/div>\n<p><strong><span class=\"fontstyle0\">Die D\u00fcdelinger Sportwelt in Zahlen<\/span><\/strong><\/p>\n<p><span class=\"fontstyle2\">Vergangenes Jahr konnten wieder einige Rekorde aufgestellt werden. So wurden sowohl im Schul- als auch im Freizeitsport ein paar Tausend Unterrichts- und Trainingsstunden registriert.<\/span><\/p>\n<p><strong>R\u00fcckblick auf 2024: <\/strong><\/p>\n<ul>\n<li><strong>46 034 Stunden<\/strong> Sportunterricht insgesamt<\/li>\n<li><strong>6 763 Stunden <\/strong>Schulsport<\/li>\n<li><strong>1 433 Stunden <\/strong>Schulschwimmen<\/li>\n<li><strong>45 275 Besucher*innen <\/strong>im geschlossenen Schwimmbad (Centre Hartmann)<\/li>\n<li><strong>33 055 Besucher*innen<\/strong> im Freibad (von Mai bis September)<\/li>\n<li><strong>18 261 Trainingsstunden<\/strong> (Freizeitsport in s\u00e4mtlichen Sportinfrastrukturen)<\/li>\n<\/ul>\n<p><strong><span class=\"fontstyle0\">Ausblick auf 2025<\/span><\/strong><\/p>\n<p><span class=\"fontstyle2\">Ein bedeutender Moment f\u00fcr die D\u00fcdelinger Sportwelt stellt ohne Zweifel der Umbau des Stade J.F. Kennedy dar. Das Stadion im Wohnviertel Brill, das im Jahr 1954 eingeweiht wurde, bekommt ein neues Gesicht. An dieser Stelle entsteht u. a. eine \u00fcber 1150 m\u00b2 gro\u00dfe Leichtathletik-Indoor-Halle mit einer 60 Meter langen Laufpiste und einer Stabhochsprunganlage. Zus\u00e4tzlich ist eine neue Indoor-Tennishalle mit zwei Spielfeldern geplant, und es wird ein weiteres Paddel-Spielfeld gebaut.<\/span><\/p>\n<div id=\"attachment_27322\" style=\"width: 1034px\" class=\"wp-caption aligncenter\"><img decoding=\"async\" aria-describedby=\"caption-attachment-27322\" class=\"lazyload wp-image-27322 size-large\" src=\"https:\/\/sadudelangedata.blob.core.windows.net\/files\/2025\/04\/P5-FINAL-1024x724.jpg\" data-orig-src=\"https:\/\/sadudelangedata.blob.core.windows.net\/files\/2025\/04\/P5-FINAL-1024x724.jpg\" width=\"1024\" height=\"724\" srcset=\"data:image\/svg+xml,%3Csvg%20xmlns%3D%27http%3A%2F%2Fwww.w3.org%2F2000%2Fsvg%27%20width%3D%271024%27%20height%3D%27724%27%20viewBox%3D%270%200%201024%20724%27%3E%3Crect%20width%3D%271024%27%20height%3D%27724%27%20fill-opacity%3D%220%22%2F%3E%3C%2Fsvg%3E\" data-srcset=\"https:\/\/sadudelangedata.blob.core.windows.net\/files\/2025\/04\/P5-FINAL-200x141.jpg 200w, https:\/\/sadudelangedata.blob.core.windows.net\/files\/2025\/04\/P5-FINAL-300x212.jpg 300w, https:\/\/sadudelangedata.blob.core.windows.net\/files\/2025\/04\/P5-FINAL-400x283.jpg 400w, https:\/\/sadudelangedata.blob.core.windows.net\/files\/2025\/04\/P5-FINAL-600x424.jpg 600w, https:\/\/sadudelangedata.blob.core.windows.net\/files\/2025\/04\/P5-FINAL-768x543.jpg 768w, https:\/\/sadudelangedata.blob.core.windows.net\/files\/2025\/04\/P5-FINAL-800x566.jpg 800w, https:\/\/sadudelangedata.blob.core.windows.net\/files\/2025\/04\/P5-FINAL-1024x724.jpg 1024w, https:\/\/sadudelangedata.blob.core.windows.net\/files\/2025\/04\/P5-FINAL-1200x848.jpg 1200w, https:\/\/sadudelangedata.blob.core.windows.net\/files\/2025\/04\/P5-FINAL-1536x1086.jpg 1536w\" data-sizes=\"auto\" data-orig-sizes=\"(max-width: 1024px) 100vw, 1024px\" \/><p id=\"caption-attachment-27322\" class=\"wp-caption-text\">K\u00fcnftige Leichtathletik-Indoor-Halle mit einer 60 Meter langen Laufpiste.<\/p><\/div>\n<p><span class=\"fontstyle2\">Demn\u00e4chst starten die Sanierungsarbeiten. Ende dieses Jahres werden die bestehenden Infrastrukturen abgerissen. Anschlie\u00dfend beginnt der Aufbau der neuen Indoor-Halle. Die Sportvereine, die regelm\u00e4\u00dfig hier trainieren (CAD, Rugby Club \u201eTerres Rouges\u201c, Dudelange Steelers, TennisClub Diddeleng) bekommen Container-Module zur Verf\u00fcgung gestellt, die sie als Umkleidekabinen und f\u00fcr ihr Material benutzen k\u00f6nnen. <\/span><span class=\"fontstyle2\">Ein weiteres Projekt betrifft das Fu\u00dfballstadion Jos Nosbaum. Hier werden die Trib\u00fcnen und der Ausschank erneuert. Zudem d\u00fcrfte es die Fans des Radsports interessieren, dass D\u00fcdelingen dieses Jahr am 28. Mai das Zeitfahren der Fl\u00e8che du Sud austr\u00e4gt. Des Weiteren ist geplant, das bekannte \u201eDudelange on Wheels\u201c -Festival zu reaktivieren.<\/span><\/p>\n<p><strong>Downloads:<\/strong><\/p>\n<p><strong>[PDF]<\/strong> <span style=\"text-decoration: underline;\"><span style=\"color: #ef4030; text-decoration: underline;\"><a style=\"color: #ef4030; text-decoration: underline;\" href=\"https:\/\/sadudelangedata.blob.core.windows.net\/files\/2025\/04\/Sport.pdf\" target=\"_blank\" rel=\"noopener\">Article Meng Stad \/ Artikel Meng Stad<\/a><\/span><\/span><\/p>\n<p><strong>[PDF]<\/strong> <span style=\"text-decoration: underline;\"><span style=\"color: #ef4030;\"><a style=\"color: #ef4030; text-decoration: underline;\" title=\"Meng Stad 2025 \/ N\u00b01\" href=\"https:\/\/sadudelangedata.blob.core.windows.net\/files\/2025\/04\/MengStad-1-2025-WEB.pdf\" target=\"_blank\" rel=\"noopener\">Meng Stad 2025 \/ n\u00b01<\/a><\/span><\/span><\/p>\n","protected":false},"excerpt":{"rendered":"<p>Perspectives pour 2025<\/p>\n","protected":false},"featured_media":27319,"template":"","categories":[],"class_list":["post-27318","actualites","type-actualites","status-publish","has-post-thumbnail","hentry"],"date_debut_affichage":"0000-00-00 00:00:00","date_fin_affichage":"0000-00-00 00:00:00","description_ecran":"","place_hotel_de_ville":"0","gare_dudelange_ville":"0","lycee_nic_biever":"0","preview":"0","visuel_prepare":false,"ordre_affichage_ecran":"0","featured_image_url":"https:\/\/sadudelangedata.blob.core.windows.net\/files\/2025\/04\/Sport.jpeg","publishpress_future_workflow_manual_trigger":{"enabledWorkflows":[]},"_links":{"self":[{"href":"https:\/\/www.dudelange.lu\/index.php\/wp-json\/wp\/v2\/actualites\/27318","targetHints":{"allow":["GET"]}}],"collection":[{"href":"https:\/\/www.dudelange.lu\/index.php\/wp-json\/wp\/v2\/actualites"}],"about":[{"href":"https:\/\/www.dudelange.lu\/index.php\/wp-json\/wp\/v2\/types\/actualites"}],"wp:featuredmedia":[{"embeddable":true,"href":"https:\/\/www.dudelange.lu\/index.php\/wp-json\/wp\/v2\/media\/27319"}],"wp:attachment":[{"href":"https:\/\/www.dudelange.lu\/index.php\/wp-json\/wp\/v2\/media?parent=27318"}],"wp:term":[{"taxonomy":"category","embeddable":true,"href":"https:\/\/www.dudelange.lu\/index.php\/wp-json\/wp\/v2\/categories?post=27318"}],"curies":[{"name":"wp","href":"https:\/\/api.w.org\/{rel}","templated":true}]}}