{"id":27350,"date":"2025-04-18T10:00:04","date_gmt":"2025-04-18T08:00:04","guid":{"rendered":"https:\/\/www.dudelange.lu\/?post_type=actualites&#038;p=27350"},"modified":"2025-04-16T15:09:19","modified_gmt":"2025-04-16T13:09:19","slug":"paperjam-a-demenage-a-dudelange","status":"publish","type":"actualites","link":"https:\/\/www.dudelange.lu\/index.php\/actualites\/paperjam-a-demenage-a-dudelange\/","title":{"rendered":"Paperjam a d\u00e9m\u00e9nag\u00e9 \u00e0 Dudelange !"},"content":{"rendered":"<p><span class=\"fontstyle0\">C\u2019est presque vrai ! Si ce n\u2019est que ce fut un d\u00e9m\u00e9nagement \u00e9ph\u00e9m\u00e8re, mais n\u00e9anmoins intense ! En effet, les 16 et 17 janvier dernier, c\u2019est \u00e0 peu de choses pr\u00e8s la totalit\u00e9 de la r\u00e9daction du magazine Paperjam qui s\u2019est d\u00e9localis\u00e9e \u00e0 Dudelange. Ce fut \u00e0 la fois une premi\u00e8re exp\u00e9rience pour ses journalistes et pour la Ville de Dudelange !<\/span><\/p>\n<p><em>(F\u00fcr die deutsche Fassung, scrollen Sie bitte runter)<\/em><\/p>\n<p><span class=\"fontstyle0\">Jeudi 16 janvier 8h30, nous attendons avec un m\u00e9lange d\u2019impatience et d\u2019excitation l\u2019arriv\u00e9e au compte-gouttes des journalistes et de leur r\u00e9dacteur en chef, Thierry Labro. \u00c0 9h00, tout le monde est dans les starting-blocks : mot de bienvenue, conf\u00e9rence de r\u00e9daction et quelques conseils plus tard, c\u2019est parti pour deux jours d\u2019interviews, de rencontres, de recherches, de r\u00e9daction, de surprises, d\u2019\u00e9mulation et nous le croyons de beaucoup de plaisir ! La jeune \u00e9quipe de journalistes r\u00e9alisera un v\u00e9ritable exploit:<\/span><\/p>\n<p><strong><span class=\"fontstyle0\">EN \u00c0 PEINE DEUX JOURS, PAS MOINS DE 17 ARTICLES\u2009!<\/span><\/strong><\/p>\n<p><span class=\"fontstyle2\">De l\u2019interview de Denis Scuto, premier titulaire de la Chaire Histoire et Migrations lanc\u00e9e par la Ville de Dudelange et l\u2019Universit\u00e9 du Luxembourg, \u00e0 la rencontre avec la propri\u00e9- taire du c\u00e9l\u00e8bre Cofficook qui r\u00e9alise des biscuits pour chiens, en passant par l\u2019entretien avec Martin Guerin \u00e0 la t\u00eate de notre incubateur \u00ab Innovation Hub \u00bb ou encore Gledis Kryeziu qui raconte son histoire \u00ab entre int\u00e9gration et engagement \u00bb, la palette des sujets fut tr\u00e8s \u00e9tendue. Tout comme le talent des journalistes pour relater avec une qualit\u00e9 toujours \u00e9gale ces histoires si diverses.<\/span><\/p>\n<table style=\"border-collapse: collapse; width: 100%;\">\n<tbody>\n<tr>\n<td style=\"width: 25%;\"><img decoding=\"async\" class=\"lazyload size-medium wp-image-27352 aligncenter\" src=\"https:\/\/sadudelangedata.blob.core.windows.net\/files\/2025\/04\/698773-300x200.jpg\" data-orig-src=\"https:\/\/sadudelangedata.blob.core.windows.net\/files\/2025\/04\/698773-300x200.jpg\" alt=\"\" width=\"300\" height=\"200\" srcset=\"data:image\/svg+xml,%3Csvg%20xmlns%3D%27http%3A%2F%2Fwww.w3.org%2F2000%2Fsvg%27%20width%3D%27300%27%20height%3D%27200%27%20viewBox%3D%270%200%20300%20200%27%3E%3Crect%20width%3D%27300%27%20height%3D%27200%27%20fill-opacity%3D%220%22%2F%3E%3C%2Fsvg%3E\" data-srcset=\"https:\/\/sadudelangedata.blob.core.windows.net\/files\/2025\/04\/698773-200x133.jpg 200w, https:\/\/sadudelangedata.blob.core.windows.net\/files\/2025\/04\/698773-300x200.jpg 300w, https:\/\/sadudelangedata.blob.core.windows.net\/files\/2025\/04\/698773-400x267.jpg 400w, https:\/\/sadudelangedata.blob.core.windows.net\/files\/2025\/04\/698773-600x400.jpg 600w, https:\/\/sadudelangedata.blob.core.windows.net\/files\/2025\/04\/698773-768x512.jpg 768w, https:\/\/sadudelangedata.blob.core.windows.net\/files\/2025\/04\/698773-800x534.jpg 800w, https:\/\/sadudelangedata.blob.core.windows.net\/files\/2025\/04\/698773-1024x683.jpg 1024w, https:\/\/sadudelangedata.blob.core.windows.net\/files\/2025\/04\/698773-1200x801.jpg 1200w, https:\/\/sadudelangedata.blob.core.windows.net\/files\/2025\/04\/698773.jpg 1277w\" data-sizes=\"auto\" data-orig-sizes=\"(max-width: 300px) 100vw, 300px\" \/><\/td>\n<td style=\"width: 25%;\"><img decoding=\"async\" class=\"lazyload size-medium wp-image-27353 aligncenter\" src=\"https:\/\/sadudelangedata.blob.core.windows.net\/files\/2025\/04\/698839-300x200.jpg\" data-orig-src=\"https:\/\/sadudelangedata.blob.core.windows.net\/files\/2025\/04\/698839-300x200.jpg\" alt=\"\" width=\"300\" height=\"200\" srcset=\"data:image\/svg+xml,%3Csvg%20xmlns%3D%27http%3A%2F%2Fwww.w3.org%2F2000%2Fsvg%27%20width%3D%27300%27%20height%3D%27200%27%20viewBox%3D%270%200%20300%20200%27%3E%3Crect%20width%3D%27300%27%20height%3D%27200%27%20fill-opacity%3D%220%22%2F%3E%3C%2Fsvg%3E\" data-srcset=\"https:\/\/sadudelangedata.blob.core.windows.net\/files\/2025\/04\/698839-200x133.jpg 200w, https:\/\/sadudelangedata.blob.core.windows.net\/files\/2025\/04\/698839-300x200.jpg 300w, https:\/\/sadudelangedata.blob.core.windows.net\/files\/2025\/04\/698839-400x267.jpg 400w, https:\/\/sadudelangedata.blob.core.windows.net\/files\/2025\/04\/698839-600x400.jpg 600w, https:\/\/sadudelangedata.blob.core.windows.net\/files\/2025\/04\/698839-768x512.jpg 768w, https:\/\/sadudelangedata.blob.core.windows.net\/files\/2025\/04\/698839-800x533.jpg 800w, https:\/\/sadudelangedata.blob.core.windows.net\/files\/2025\/04\/698839-1024x683.jpg 1024w, https:\/\/sadudelangedata.blob.core.windows.net\/files\/2025\/04\/698839-1200x800.jpg 1200w, https:\/\/sadudelangedata.blob.core.windows.net\/files\/2025\/04\/698839.jpg 1278w\" data-sizes=\"auto\" data-orig-sizes=\"(max-width: 300px) 100vw, 300px\" \/><\/td>\n<td style=\"width: 25%;\"><img decoding=\"async\" class=\"lazyload size-medium wp-image-27354 aligncenter\" src=\"https:\/\/sadudelangedata.blob.core.windows.net\/files\/2025\/04\/698896-300x200.jpg\" data-orig-src=\"https:\/\/sadudelangedata.blob.core.windows.net\/files\/2025\/04\/698896-300x200.jpg\" alt=\"\" width=\"300\" height=\"200\" srcset=\"data:image\/svg+xml,%3Csvg%20xmlns%3D%27http%3A%2F%2Fwww.w3.org%2F2000%2Fsvg%27%20width%3D%27300%27%20height%3D%27200%27%20viewBox%3D%270%200%20300%20200%27%3E%3Crect%20width%3D%27300%27%20height%3D%27200%27%20fill-opacity%3D%220%22%2F%3E%3C%2Fsvg%3E\" data-srcset=\"https:\/\/sadudelangedata.blob.core.windows.net\/files\/2025\/04\/698896-200x133.jpg 200w, https:\/\/sadudelangedata.blob.core.windows.net\/files\/2025\/04\/698896-300x200.jpg 300w, https:\/\/sadudelangedata.blob.core.windows.net\/files\/2025\/04\/698896-400x267.jpg 400w, https:\/\/sadudelangedata.blob.core.windows.net\/files\/2025\/04\/698896-600x400.jpg 600w, https:\/\/sadudelangedata.blob.core.windows.net\/files\/2025\/04\/698896-768x512.jpg 768w, https:\/\/sadudelangedata.blob.core.windows.net\/files\/2025\/04\/698896-800x533.jpg 800w, https:\/\/sadudelangedata.blob.core.windows.net\/files\/2025\/04\/698896-1024x683.jpg 1024w, https:\/\/sadudelangedata.blob.core.windows.net\/files\/2025\/04\/698896-1200x800.jpg 1200w, https:\/\/sadudelangedata.blob.core.windows.net\/files\/2025\/04\/698896.jpg 1278w\" data-sizes=\"auto\" data-orig-sizes=\"(max-width: 300px) 100vw, 300px\" \/><\/td>\n<td style=\"width: 25%;\"><img decoding=\"async\" class=\"lazyload size-medium wp-image-27355 aligncenter\" src=\"https:\/\/sadudelangedata.blob.core.windows.net\/files\/2025\/04\/698647-300x200.jpg\" data-orig-src=\"https:\/\/sadudelangedata.blob.core.windows.net\/files\/2025\/04\/698647-300x200.jpg\" alt=\"\" width=\"300\" height=\"200\" srcset=\"data:image\/svg+xml,%3Csvg%20xmlns%3D%27http%3A%2F%2Fwww.w3.org%2F2000%2Fsvg%27%20width%3D%27300%27%20height%3D%27200%27%20viewBox%3D%270%200%20300%20200%27%3E%3Crect%20width%3D%27300%27%20height%3D%27200%27%20fill-opacity%3D%220%22%2F%3E%3C%2Fsvg%3E\" data-srcset=\"https:\/\/sadudelangedata.blob.core.windows.net\/files\/2025\/04\/698647-200x133.jpg 200w, https:\/\/sadudelangedata.blob.core.windows.net\/files\/2025\/04\/698647-300x200.jpg 300w, https:\/\/sadudelangedata.blob.core.windows.net\/files\/2025\/04\/698647-400x267.jpg 400w, https:\/\/sadudelangedata.blob.core.windows.net\/files\/2025\/04\/698647-600x400.jpg 600w, https:\/\/sadudelangedata.blob.core.windows.net\/files\/2025\/04\/698647-768x512.jpg 768w, https:\/\/sadudelangedata.blob.core.windows.net\/files\/2025\/04\/698647-800x533.jpg 800w, https:\/\/sadudelangedata.blob.core.windows.net\/files\/2025\/04\/698647-1024x683.jpg 1024w, https:\/\/sadudelangedata.blob.core.windows.net\/files\/2025\/04\/698647-1200x800.jpg 1200w, https:\/\/sadudelangedata.blob.core.windows.net\/files\/2025\/04\/698647.jpg 1278w\" data-sizes=\"auto\" data-orig-sizes=\"(max-width: 300px) 100vw, 300px\" \/><\/td>\n<\/tr>\n<\/tbody>\n<\/table>\n<p><em>Photos \u00a9 Paperjam<\/em><\/p>\n<p><span class=\"fontstyle0\">Les articles exposent en effet de mani\u00e8re parfaite la diversit\u00e9 de notre ville : diversit\u00e9 de nationalit\u00e9s (109 actuellement\u2009!), mais aussi \u00e9conomique \u2013 des petits commerces aux grandes industries -, de cultures et de g\u00e9n\u00e9- rations. De notre point de vue, le regard ext\u00e9rieur qu\u2019ont apport\u00e9 ces journalistes issu\u00b7es d\u2019horizons si multiples fut fascinant et d\u2019une grande richesse.<\/span><\/p>\n<p><span class=\"fontstyle0\">Quant aux journalistes eux\u00b7elles m\u00eames, c\u2019est en ces quelques mots qu\u2019ils\u00b7elles d\u00e9crivent leur exp\u00e9rience :<\/span><\/p>\n<blockquote><p><span class=\"fontstyle0\">\u00ab D\u00e9localiser la r\u00e9daction \u00e0 Dudelange m\u2019a donn\u00e9 l\u2019occasion de d\u00e9couvrir une ville dont il m\u2019arrive de parler, mais [qui para\u00eet] tr\u00e8s souvent loin. Cela m\u2019a \u00e9galement permis de rencontrer des personnes int\u00e9ressantes dans leur milieu plut\u00f4t qu\u2019\u00e0 la capitale. Cela peut sembler anodin, mais cela donne un ton tr\u00e8s diff\u00e9rent aux <\/span><span class=\"fontstyle0\">\u00e9changes que j\u2019ai pu avoir. Cela a \u00e9t\u00e9 \u00e9galement l\u2019occasion pour toute la r\u00e9- daction de sortir d\u2019une certaine routine et de parler de nos sujets de pr\u00e9- dilections \u00e9conomiques et politiques en changeant de focale. \u00bb Marc Fassone.<\/span><\/p>\n<p>\u00ab La ville rec\u00e8le de p\u00e9pites dans ses commerces, son patrimoine, sa vie culturelle et ses entreprises. [Ces] journ\u00e9es sur le terrain ont \u00e9t\u00e9 riches en rencontres qui t\u00e9moignent du dynamisme de Dudelange. On n\u2019aurait pas assez d\u2019une vie pour raconter l\u2019esprit qui y r\u00e8gne et qui donne envie de revenir ! \u00bb Ma\u00eblle Hamma.<\/p><\/blockquote>\n<p><span class=\"fontstyle0\">La d\u00e9localisation de la r\u00e9daction de Paperjam restera pour elle comme pour nous un souvenir inoubliable de rencontres, d\u2019\u00e9changes et d\u2019envies de r\u00e9it\u00e9rer l\u2019exp\u00e9rience !<\/span><\/p>\n<p><span class=\"fontstyle0\"><strong>[Lien]<\/strong> <span style=\"text-decoration: underline;\"><span style=\"color: #ef4030; text-decoration: underline;\"><a style=\"color: #ef4030; text-decoration: underline;\" href=\"https:\/\/paperjam.lu\/search?numericRefinementList%5BpublicationDate%5D=Tous&amp;query=Dudelange\" target=\"_blank\" rel=\"noopener\">ARTICLES DE PAPERJAM SUR DUDELANGE<\/a><\/span><\/span><\/span><\/p>\n<hr \/>\n<p><strong> <span class=\"fontstyle0\">Paperjam zog nach D\u00fcdelingen!<\/span><\/strong><\/p>\n<p><span class=\"fontstyle0\">Stimmt fast! Es war nur ein fl\u00fcchtiger, aber dennoch intensiver Umzug! Tats\u00e4chlich zog am 16. und 17. Januar fast die gesamte Redaktion des Magazins Paperjam nach D\u00fcdelingen. Es war sowohl f\u00fcr die Journalist*innen als auch f\u00fcr die Stadt D\u00fcdelingen eine erste Erfahrung!<\/span><\/p>\n<p><span class=\"fontstyle0\">Donnerstag, 16. Januar, 8:30 Uhr: Wir warten mit einer Mischung aus Ungeduld und Aufregung auf die Ankunft der Reporter*innen und ihres Chefredakteurs Thierry Labro. Um 9:00 Uhr sind alle in den Startl\u00f6chern: nach der Begr\u00fc\u00dfung, der Redaktionskonferenz und einigen Ratschl\u00e4gen geht es dann auch schon los f\u00fcr zwei Tage gef\u00fcllt mit Interviews, Begegnungen, Recherchen, Redigieren, \u00dcberraschungen, Eifer und, wie wir glauben, viel Spa\u00df! Das junge Team wird eine echte Meisterleistung vollbringen:<\/span><\/p>\n<p><strong><span class=\"fontstyle2\">IN NUR ZWEI TAGEN NICHT WENIGER ALS 17 ARTIKEL!<\/span><\/strong><\/p>\n<div id=\"attachment_27356\" style=\"width: 1034px\" class=\"wp-caption aligncenter\"><img decoding=\"async\" aria-describedby=\"caption-attachment-27356\" class=\"lazyload wp-image-27356 size-large\" src=\"https:\/\/sadudelangedata.blob.core.windows.net\/files\/2025\/04\/VdDXPaperjam_iNET-72dpi-\u00a9-Marc-Lazzarini-standart-19-1024x683.jpg\" data-orig-src=\"https:\/\/sadudelangedata.blob.core.windows.net\/files\/2025\/04\/VdDXPaperjam_iNET-72dpi-\u00a9-Marc-Lazzarini-standart-19-1024x683.jpg\" width=\"1024\" height=\"683\" srcset=\"data:image\/svg+xml,%3Csvg%20xmlns%3D%27http%3A%2F%2Fwww.w3.org%2F2000%2Fsvg%27%20width%3D%271024%27%20height%3D%27683%27%20viewBox%3D%270%200%201024%20683%27%3E%3Crect%20width%3D%271024%27%20height%3D%27683%27%20fill-opacity%3D%220%22%2F%3E%3C%2Fsvg%3E\" data-srcset=\"https:\/\/sadudelangedata.blob.core.windows.net\/files\/2025\/04\/VdDXPaperjam_iNET-72dpi-\u00a9-Marc-Lazzarini-standart-19-200x133.jpg 200w, https:\/\/sadudelangedata.blob.core.windows.net\/files\/2025\/04\/VdDXPaperjam_iNET-72dpi-\u00a9-Marc-Lazzarini-standart-19-300x200.jpg 300w, https:\/\/sadudelangedata.blob.core.windows.net\/files\/2025\/04\/VdDXPaperjam_iNET-72dpi-\u00a9-Marc-Lazzarini-standart-19-400x267.jpg 400w, https:\/\/sadudelangedata.blob.core.windows.net\/files\/2025\/04\/VdDXPaperjam_iNET-72dpi-\u00a9-Marc-Lazzarini-standart-19-600x400.jpg 600w, https:\/\/sadudelangedata.blob.core.windows.net\/files\/2025\/04\/VdDXPaperjam_iNET-72dpi-\u00a9-Marc-Lazzarini-standart-19-768x512.jpg 768w, https:\/\/sadudelangedata.blob.core.windows.net\/files\/2025\/04\/VdDXPaperjam_iNET-72dpi-\u00a9-Marc-Lazzarini-standart-19-800x533.jpg 800w, https:\/\/sadudelangedata.blob.core.windows.net\/files\/2025\/04\/VdDXPaperjam_iNET-72dpi-\u00a9-Marc-Lazzarini-standart-19-1024x683.jpg 1024w, https:\/\/sadudelangedata.blob.core.windows.net\/files\/2025\/04\/VdDXPaperjam_iNET-72dpi-\u00a9-Marc-Lazzarini-standart-19-1200x800.jpg 1200w, https:\/\/sadudelangedata.blob.core.windows.net\/files\/2025\/04\/VdDXPaperjam_iNET-72dpi-\u00a9-Marc-Lazzarini-standart-19-1536x1024.jpg 1536w\" data-sizes=\"auto\" data-orig-sizes=\"(max-width: 1024px) 100vw, 1024px\" \/><p id=\"caption-attachment-27356\" class=\"wp-caption-text\">Thierry Labro, R\u00e9dacteur en chef Paperjam \/ Photo \u00a9 Marc Lazzarini<\/p><\/div>\n<p><span class=\"fontstyle0\">Vom Interview mit Denis Scuto, dem ersten Leiter des von der Stadt D\u00fcdelingen und der Universit\u00e4t Luxemburg eingerichteten Lehrstuhls f\u00fcr Migrationsgeschichte, \u00fcber das Treffen mit der Besitzerin vom bekannten Cofficook, die Hundekekse herstellt, hin zum Gespr\u00e4ch mit Martin Guerin, Leiter des \u201eInnovation Hub\u201c oder auch Gledis Kryeziu, der seine Geschichte \u201ezwischen Integration und Engagement\u201c erz\u00e4hlt, war die Themenpalette sehr umfangreich. Ebenso wie das Talent der Journalist*innen, diese so unterschiedlichen Geschichten mit gleichbleibender Qualit\u00e4t zu erz\u00e4hlen.<\/span><\/p>\n<table style=\"border-collapse: collapse; width: 100%;\">\n<tbody>\n<tr>\n<td style=\"width: 25%;\"><img decoding=\"async\" class=\"lazyload size-medium wp-image-27357 aligncenter\" src=\"https:\/\/sadudelangedata.blob.core.windows.net\/files\/2025\/04\/698359-300x199.jpg\" data-orig-src=\"https:\/\/sadudelangedata.blob.core.windows.net\/files\/2025\/04\/698359-300x199.jpg\" alt=\"\" width=\"300\" height=\"199\" srcset=\"data:image\/svg+xml,%3Csvg%20xmlns%3D%27http%3A%2F%2Fwww.w3.org%2F2000%2Fsvg%27%20width%3D%27300%27%20height%3D%27199%27%20viewBox%3D%270%200%20300%20199%27%3E%3Crect%20width%3D%27300%27%20height%3D%27199%27%20fill-opacity%3D%220%22%2F%3E%3C%2Fsvg%3E\" data-srcset=\"https:\/\/sadudelangedata.blob.core.windows.net\/files\/2025\/04\/698359-200x133.jpg 200w, https:\/\/sadudelangedata.blob.core.windows.net\/files\/2025\/04\/698359-300x199.jpg 300w, https:\/\/sadudelangedata.blob.core.windows.net\/files\/2025\/04\/698359-400x266.jpg 400w, https:\/\/sadudelangedata.blob.core.windows.net\/files\/2025\/04\/698359-600x398.jpg 600w, https:\/\/sadudelangedata.blob.core.windows.net\/files\/2025\/04\/698359-768x510.jpg 768w, https:\/\/sadudelangedata.blob.core.windows.net\/files\/2025\/04\/698359-800x531.jpg 800w, https:\/\/sadudelangedata.blob.core.windows.net\/files\/2025\/04\/698359-1024x680.jpg 1024w, https:\/\/sadudelangedata.blob.core.windows.net\/files\/2025\/04\/698359-1200x797.jpg 1200w, https:\/\/sadudelangedata.blob.core.windows.net\/files\/2025\/04\/698359.jpg 1280w\" data-sizes=\"auto\" data-orig-sizes=\"(max-width: 300px) 100vw, 300px\" \/><\/td>\n<td style=\"width: 25%;\"><img decoding=\"async\" class=\"lazyload size-medium wp-image-27358 aligncenter\" src=\"https:\/\/sadudelangedata.blob.core.windows.net\/files\/2025\/04\/698531-300x200.jpg\" data-orig-src=\"https:\/\/sadudelangedata.blob.core.windows.net\/files\/2025\/04\/698531-300x200.jpg\" alt=\"\" width=\"300\" height=\"200\" srcset=\"data:image\/svg+xml,%3Csvg%20xmlns%3D%27http%3A%2F%2Fwww.w3.org%2F2000%2Fsvg%27%20width%3D%27300%27%20height%3D%27200%27%20viewBox%3D%270%200%20300%20200%27%3E%3Crect%20width%3D%27300%27%20height%3D%27200%27%20fill-opacity%3D%220%22%2F%3E%3C%2Fsvg%3E\" data-srcset=\"https:\/\/sadudelangedata.blob.core.windows.net\/files\/2025\/04\/698531-200x133.jpg 200w, https:\/\/sadudelangedata.blob.core.windows.net\/files\/2025\/04\/698531-300x200.jpg 300w, https:\/\/sadudelangedata.blob.core.windows.net\/files\/2025\/04\/698531-400x267.jpg 400w, https:\/\/sadudelangedata.blob.core.windows.net\/files\/2025\/04\/698531-600x400.jpg 600w, https:\/\/sadudelangedata.blob.core.windows.net\/files\/2025\/04\/698531-768x512.jpg 768w, https:\/\/sadudelangedata.blob.core.windows.net\/files\/2025\/04\/698531-800x533.jpg 800w, https:\/\/sadudelangedata.blob.core.windows.net\/files\/2025\/04\/698531-1024x683.jpg 1024w, https:\/\/sadudelangedata.blob.core.windows.net\/files\/2025\/04\/698531-1200x800.jpg 1200w, https:\/\/sadudelangedata.blob.core.windows.net\/files\/2025\/04\/698531.jpg 1278w\" data-sizes=\"auto\" data-orig-sizes=\"(max-width: 300px) 100vw, 300px\" \/><\/td>\n<td style=\"width: 25%;\"><img decoding=\"async\" class=\"lazyload size-medium wp-image-27359 aligncenter\" src=\"https:\/\/sadudelangedata.blob.core.windows.net\/files\/2025\/04\/698592-300x200.jpg\" data-orig-src=\"https:\/\/sadudelangedata.blob.core.windows.net\/files\/2025\/04\/698592-300x200.jpg\" alt=\"\" width=\"300\" height=\"200\" srcset=\"data:image\/svg+xml,%3Csvg%20xmlns%3D%27http%3A%2F%2Fwww.w3.org%2F2000%2Fsvg%27%20width%3D%27300%27%20height%3D%27200%27%20viewBox%3D%270%200%20300%20200%27%3E%3Crect%20width%3D%27300%27%20height%3D%27200%27%20fill-opacity%3D%220%22%2F%3E%3C%2Fsvg%3E\" data-srcset=\"https:\/\/sadudelangedata.blob.core.windows.net\/files\/2025\/04\/698592-200x133.jpg 200w, https:\/\/sadudelangedata.blob.core.windows.net\/files\/2025\/04\/698592-300x200.jpg 300w, https:\/\/sadudelangedata.blob.core.windows.net\/files\/2025\/04\/698592-400x267.jpg 400w, https:\/\/sadudelangedata.blob.core.windows.net\/files\/2025\/04\/698592-600x400.jpg 600w, https:\/\/sadudelangedata.blob.core.windows.net\/files\/2025\/04\/698592-768x512.jpg 768w, https:\/\/sadudelangedata.blob.core.windows.net\/files\/2025\/04\/698592-800x533.jpg 800w, https:\/\/sadudelangedata.blob.core.windows.net\/files\/2025\/04\/698592-1024x683.jpg 1024w, https:\/\/sadudelangedata.blob.core.windows.net\/files\/2025\/04\/698592-1200x800.jpg 1200w, https:\/\/sadudelangedata.blob.core.windows.net\/files\/2025\/04\/698592.jpg 1278w\" data-sizes=\"auto\" data-orig-sizes=\"(max-width: 300px) 100vw, 300px\" \/><\/td>\n<td style=\"width: 25%;\"><img decoding=\"async\" class=\"lazyload size-medium wp-image-27360 aligncenter\" src=\"https:\/\/sadudelangedata.blob.core.windows.net\/files\/2025\/04\/698603-300x200.jpg\" data-orig-src=\"https:\/\/sadudelangedata.blob.core.windows.net\/files\/2025\/04\/698603-300x200.jpg\" alt=\"\" width=\"300\" height=\"200\" srcset=\"data:image\/svg+xml,%3Csvg%20xmlns%3D%27http%3A%2F%2Fwww.w3.org%2F2000%2Fsvg%27%20width%3D%27300%27%20height%3D%27200%27%20viewBox%3D%270%200%20300%20200%27%3E%3Crect%20width%3D%27300%27%20height%3D%27200%27%20fill-opacity%3D%220%22%2F%3E%3C%2Fsvg%3E\" data-srcset=\"https:\/\/sadudelangedata.blob.core.windows.net\/files\/2025\/04\/698603-200x133.jpg 200w, https:\/\/sadudelangedata.blob.core.windows.net\/files\/2025\/04\/698603-300x200.jpg 300w, https:\/\/sadudelangedata.blob.core.windows.net\/files\/2025\/04\/698603-400x267.jpg 400w, https:\/\/sadudelangedata.blob.core.windows.net\/files\/2025\/04\/698603-600x400.jpg 600w, https:\/\/sadudelangedata.blob.core.windows.net\/files\/2025\/04\/698603-768x512.jpg 768w, https:\/\/sadudelangedata.blob.core.windows.net\/files\/2025\/04\/698603-800x533.jpg 800w, https:\/\/sadudelangedata.blob.core.windows.net\/files\/2025\/04\/698603-1024x683.jpg 1024w, https:\/\/sadudelangedata.blob.core.windows.net\/files\/2025\/04\/698603-1200x800.jpg 1200w, https:\/\/sadudelangedata.blob.core.windows.net\/files\/2025\/04\/698603.jpg 1278w\" data-sizes=\"auto\" data-orig-sizes=\"(max-width: 300px) 100vw, 300px\" \/><\/td>\n<\/tr>\n<\/tbody>\n<\/table>\n<p><em>Photos \u00a9 Paperjam<\/em><\/p>\n<p><span class=\"fontstyle0\">Die Artikel spiegeln perfekt die Vielfalt unserer Stadt wider: Diversit\u00e4t der Nationalit\u00e4ten (derzeit 109!), aber auch der Wirtschaft \u2013 von kleinen Gesch\u00e4ften hin zu gro\u00dfen Industrieunternehmen \u2013 sowie der Kulturen und Generationen. Aus unserer Sicht war der Blick von au\u00dfen, den die Journalist*innen mit ihren so unterschiedlichen Hintergr\u00fcnden mitbrachten, faszinierend und sehr bereichernd. Die Reporter*innen selbst beschreiben ihre Erfahrung mit folgenden Worten:\u00a0<\/span><\/p>\n<blockquote><p><span class=\"fontstyle0\">\u201eDie Auslagerung der Redaktion nach D\u00fcdelingen gab mir die Gelegenheit, eine Stadt zu entdecken, \u00fcber die ich manchmal spreche, die mir aber oft sehr fern erscheint. Es hat mir auch erm\u00f6glicht, interessante Menschen in ihrem Umfeld zu treffen, und das nicht in der Hauptstadt. Das mag banal klingen, aber es gibt den Gespr\u00e4- chen, die ich f\u00fchren konnte, einen ganz anderen Ton. Es war auch eine Gelegenheit f\u00fcr die gesamte Redaktion, aus einer gewissen Routine auszubrechen und \u00fcber unsere bevorzugten wirtschaftlichen und politischen Themen zu sprechen, indem wir den Fokus wechselten.\u201c Marc Fassone<\/span><\/p>\n<p><span class=\"fontstyle0\">\u201eDie Stadt birgt wahre Sch\u00e4tze, in ihren Gesch\u00e4ften, ihrem Erbe, ihrem kulturellen Leben und ihren Unternehmen. Es waren ereignisreiche Tage vor Ort, an denen wir viele Begegnungen hatten, die von der Dynamik der Stadt D\u00fcdelingen zeugen. Man br\u00e4uchte ein ganzes Leben, um den Geist zu beschreiben, der dort herrscht und der Lust macht, wiederzukommen.\u201c Ma\u00eblle Hamma<\/span><\/p><\/blockquote>\n<p><span class=\"fontstyle0\">Die Standortverlagerung der Redaktion von Paperjam wird f\u00fcr sie wie f\u00fcr uns eine unvergessliche Erinnerung an Begegnungen, Austausch und den Wunsch sein, diese Erfahrung zu wiederholen!<\/span><\/p>\n<p><span class=\"fontstyle0\"><strong>[Link]<\/strong> <span style=\"text-decoration: underline; color: #ef4030;\"><span style=\"text-decoration: underline;\"><a style=\"color: #ef4030; text-decoration: underline;\" href=\"https:\/\/paperjam.lu\/search?numericRefinementList%5BpublicationDate%5D=Tous&amp;query=Dudelange\" target=\"_blank\" rel=\"noopener\">PAPERJAM-ARTIKEL \u00dcBER D\u00dcDELINGEN<\/a><\/span><\/span><\/span><\/p>\n<p>&nbsp;<\/p>\n<p><strong>Downloads:<\/strong><\/p>\n<p><strong>[PDF]<\/strong> <span style=\"text-decoration: underline;\"><span style=\"color: #ef4030; text-decoration: underline;\"><a style=\"color: #ef4030; text-decoration: underline;\" href=\"https:\/\/sadudelangedata.blob.core.windows.net\/files\/2025\/04\/Paperjam.pdf\" target=\"_blank\" rel=\"noopener\">Article Meng Stad \/ Artikel Meng Stad<\/a><\/span><\/span><\/p>\n<p><strong>[PDF]<\/strong>\u00a0<span style=\"text-decoration: underline;\"><span style=\"color: #ef4030;\"><a style=\"color: #ef4030; text-decoration: underline;\" title=\"Meng Stad 2025 \/ N\u00b01\" href=\"https:\/\/sadudelangedata.blob.core.windows.net\/files\/2025\/04\/MengStad-1-2025-WEB.pdf\" target=\"_blank\" rel=\"noopener\">Meng Stad 2025 \/ n\u00b01<\/a><\/span><\/span><\/p>\n","protected":false},"excerpt":{"rendered":"<p>En \u00e0 peine deux jours, pas moins de 17 articles sur Dudelange!<\/p>\n","protected":false},"featured_media":27351,"template":"","categories":[1],"class_list":["post-27350","actualites","type-actualites","status-publish","has-post-thumbnail","hentry","category-uncategorised"],"date_debut_affichage":"0000-00-00 00:00:00","date_fin_affichage":"0000-00-00 00:00:00","description_ecran":"","place_hotel_de_ville":"0","gare_dudelange_ville":"0","lycee_nic_biever":"0","preview":"0","visuel_prepare":false,"ordre_affichage_ecran":"0","featured_image_url":"https:\/\/sadudelangedata.blob.core.windows.net\/files\/2025\/04\/Paperjam.jpg","publishpress_future_workflow_manual_trigger":{"enabledWorkflows":[]},"_links":{"self":[{"href":"https:\/\/www.dudelange.lu\/index.php\/wp-json\/wp\/v2\/actualites\/27350","targetHints":{"allow":["GET"]}}],"collection":[{"href":"https:\/\/www.dudelange.lu\/index.php\/wp-json\/wp\/v2\/actualites"}],"about":[{"href":"https:\/\/www.dudelange.lu\/index.php\/wp-json\/wp\/v2\/types\/actualites"}],"wp:featuredmedia":[{"embeddable":true,"href":"https:\/\/www.dudelange.lu\/index.php\/wp-json\/wp\/v2\/media\/27351"}],"wp:attachment":[{"href":"https:\/\/www.dudelange.lu\/index.php\/wp-json\/wp\/v2\/media?parent=27350"}],"wp:term":[{"taxonomy":"category","embeddable":true,"href":"https:\/\/www.dudelange.lu\/index.php\/wp-json\/wp\/v2\/categories?post=27350"}],"curies":[{"name":"wp","href":"https:\/\/api.w.org\/{rel}","templated":true}]}}