{"id":27404,"date":"2025-04-24T10:00:41","date_gmt":"2025-04-24T08:00:41","guid":{"rendered":"https:\/\/www.dudelange.lu\/?post_type=actualites&#038;p=27404"},"modified":"2025-04-18T14:04:53","modified_gmt":"2025-04-18T12:04:53","slug":"la-culture-du-respect-dans-le-sport","status":"publish","type":"actualites","link":"https:\/\/www.dudelange.lu\/index.php\/actualites\/la-culture-du-respect-dans-le-sport\/","title":{"rendered":"La culture du respect dans le sport"},"content":{"rendered":"<p><span class=\"fontstyle0\">\u00c0 l\u2018occasion de la Journ\u00e9e internationale du sport f\u00e9minin, notre Service \u00e0 l\u2018\u00e9galit\u00e9 des chances a invit\u00e9 cette ann\u00e9e une \u00ab Safeguarding Officer \u00bb \u00e0 Dudelange. <\/span><span class=\"fontstyle0\">Lors d\u2018une conf\u00e9rence qui s\u2018est tenue le 23 janvier dans la salle des f\u00eates de l\u2019H\u00f4tel de Ville, Michelle Tousch a parl\u00e9 du harc\u00e8lement et des abus dans le sport. La juriste, responsable des affaires juridiques au COSL (Comit\u00e9 Olympique et Sportif Luxembourgeois), est officiellement certifi\u00e9e \u00ab Safeguarding Officer \u00bb par le Comit\u00e9 International Olympique depuis mai 2024.<\/span><\/p>\n<p><em>(F\u00fcr die deutsche Fassung, scrollen Sie bitte runter)<\/em><\/p>\n<div id=\"attachment_27406\" style=\"width: 1034px\" class=\"wp-caption aligncenter\"><img decoding=\"async\" aria-describedby=\"caption-attachment-27406\" class=\"lazyload wp-image-27406 size-large\" src=\"https:\/\/sadudelangedata.blob.core.windows.net\/files\/2025\/04\/SEGA_Konferenz-Sport_iNET-72dpi-\u00a9-Marc-Lazzarini-standart-33-1024x683.jpg\" data-orig-src=\"https:\/\/sadudelangedata.blob.core.windows.net\/files\/2025\/04\/SEGA_Konferenz-Sport_iNET-72dpi-\u00a9-Marc-Lazzarini-standart-33-1024x683.jpg\" width=\"1024\" height=\"683\" srcset=\"data:image\/svg+xml,%3Csvg%20xmlns%3D%27http%3A%2F%2Fwww.w3.org%2F2000%2Fsvg%27%20width%3D%271024%27%20height%3D%27683%27%20viewBox%3D%270%200%201024%20683%27%3E%3Crect%20width%3D%271024%27%20height%3D%27683%27%20fill-opacity%3D%220%22%2F%3E%3C%2Fsvg%3E\" data-srcset=\"https:\/\/sadudelangedata.blob.core.windows.net\/files\/2025\/04\/SEGA_Konferenz-Sport_iNET-72dpi-\u00a9-Marc-Lazzarini-standart-33-200x133.jpg 200w, https:\/\/sadudelangedata.blob.core.windows.net\/files\/2025\/04\/SEGA_Konferenz-Sport_iNET-72dpi-\u00a9-Marc-Lazzarini-standart-33-300x200.jpg 300w, https:\/\/sadudelangedata.blob.core.windows.net\/files\/2025\/04\/SEGA_Konferenz-Sport_iNET-72dpi-\u00a9-Marc-Lazzarini-standart-33-400x267.jpg 400w, https:\/\/sadudelangedata.blob.core.windows.net\/files\/2025\/04\/SEGA_Konferenz-Sport_iNET-72dpi-\u00a9-Marc-Lazzarini-standart-33-600x400.jpg 600w, https:\/\/sadudelangedata.blob.core.windows.net\/files\/2025\/04\/SEGA_Konferenz-Sport_iNET-72dpi-\u00a9-Marc-Lazzarini-standart-33-768x512.jpg 768w, https:\/\/sadudelangedata.blob.core.windows.net\/files\/2025\/04\/SEGA_Konferenz-Sport_iNET-72dpi-\u00a9-Marc-Lazzarini-standart-33-800x533.jpg 800w, https:\/\/sadudelangedata.blob.core.windows.net\/files\/2025\/04\/SEGA_Konferenz-Sport_iNET-72dpi-\u00a9-Marc-Lazzarini-standart-33-1024x683.jpg 1024w, https:\/\/sadudelangedata.blob.core.windows.net\/files\/2025\/04\/SEGA_Konferenz-Sport_iNET-72dpi-\u00a9-Marc-Lazzarini-standart-33-1200x800.jpg 1200w, https:\/\/sadudelangedata.blob.core.windows.net\/files\/2025\/04\/SEGA_Konferenz-Sport_iNET-72dpi-\u00a9-Marc-Lazzarini-standart-33-1536x1024.jpg 1536w\" data-sizes=\"auto\" data-orig-sizes=\"(max-width: 1024px) 100vw, 1024px\" \/><p id=\"caption-attachment-27406\" class=\"wp-caption-text\">Photo \u00a9 Marc Lazzarini<\/p><\/div>\n<p><strong><span class=\"fontstyle0\">Qu\u2018est-ce qu\u2018est exactement un\u00b7e \u00ab Safeguarding Officer \u00bb?<\/span><\/strong><\/p>\n<p><span class=\"fontstyle2\">M.T. : \u00ab L\u2018une de mes principales missions est de veiller \u00e0 la s\u00e9curit\u00e9 et au bien-\u00eatre de toutes les personnes pratiquant du sport. Cela signifie que je m\u2018engage \u00e0 cr\u00e9er un environnement s\u00fbr et inclusif, dans lequel aucune forme de violence, d\u2018abus ou de discrimination n\u2018est tol\u00e9r\u00e9e. \u00bb<\/span><\/p>\n<p><strong><span class=\"fontstyle0\">Comment prot\u00e9ger les athl\u00e8tes contre la violence ou le harc\u00e8lement physique, sexuel et psychologique ?<\/span><\/strong><\/p>\n<p><span class=\"fontstyle2\">M.T. : \u00ab Dans les m\u00e9dias, on parle surtout de harc\u00e8lement sexuel ou d\u2018abus de la part des entra\u00eeneur\u00b7ses. Mais il existe bien d\u2018autres formes de violence qui doivent tout autant \u00eatre prises au s\u00e9rieux. Par exemple, la violence psychologique comme le harc\u00e8lement moral, les propos blessants, l\u2018exclusion d\u2018un groupe, etc. On entend de plus en plus souvent parler de violence physique comme la consommation forc\u00e9e de produits dopants ou le fait de priver quelqu\u2018un d\u2018eau, de nourriture ou de sommeil. Mais il existe d\u2018autres formes de vio<span class=\"fontstyle0\">lence, comme un manque d\u2018encadrement ou le fait d\u2019ignorer les besoins des athl\u00e8tes.<\/span>\u00a0<\/span><\/p>\n<p><strong><span class=\"fontstyle0\">L\u2018auteur\u00b7rice des violences n\u2018est pas forc\u00e9ment l\u2018entra\u00eeneur\u00b7se.<\/span><\/strong><\/p>\n<p><span class=\"fontstyle2\">M.T. : \u00ab Non, absolument pas ! Il peut aussi s\u2018agir des parents, du\u00b7de la manager sportif\u00b7ve, des co\u00e9quipier\u00b7\u00e8res, de b\u00e9n\u00e9voles ou d\u2018autres encadrant\u00b7 es. Des parents qui exercent par exemple une pression excessive sur leurs enfants ou qui attaquent verbalement les arbitres. \u00bb<\/span><\/p>\n<p><strong><span class=\"fontstyle0\">Et les victimes ne sont pas seulement les athl\u00e8tes ?<\/span><\/strong><\/p>\n<p><span class=\"fontstyle2\">M.T. : \u00ab Absolument. D\u2018autres personnes peuvent \u00e9galement \u00eatre concern\u00e9es, comme les entra\u00eeneur\u00b7ses, les arbitres, les b\u00e9n\u00e9voles, etc. Cela peut arriver \u00e0 tout \u00e2ge, \u00e0 tous les niveaux, dans le sport amateur comme dans le sport professionnel. \u00bb<\/span><\/p>\n<p><strong><span class=\"fontstyle0\">Quels sont les groupes particuli\u00e8rement touch\u00e9s ?<\/span><\/strong><\/p>\n<p><span class=\"fontstyle2\">M.T. : \u00ab Les enfants et les adolescents, mais aussi les athl\u00e8tes d\u2018\u00e9lite qui subissent une forte pression pour obtenir de bons r\u00e9sultats, ainsi que les athl\u00e8tes handicap\u00e9\u00b7es et les athl\u00e8tes LGBTIQ+. \u00bb\u00a0<\/span><\/p>\n<div id=\"attachment_27408\" style=\"width: 1034px\" class=\"wp-caption aligncenter\"><img decoding=\"async\" aria-describedby=\"caption-attachment-27408\" class=\"lazyload wp-image-27408 size-large\" src=\"https:\/\/sadudelangedata.blob.core.windows.net\/files\/2025\/04\/SEGA_Konferenz-Sport_iNET-72dpi-\u00a9-Marc-Lazzarini-standart-32-1024x683.jpg\" data-orig-src=\"https:\/\/sadudelangedata.blob.core.windows.net\/files\/2025\/04\/SEGA_Konferenz-Sport_iNET-72dpi-\u00a9-Marc-Lazzarini-standart-32-1024x683.jpg\" width=\"1024\" height=\"683\" srcset=\"data:image\/svg+xml,%3Csvg%20xmlns%3D%27http%3A%2F%2Fwww.w3.org%2F2000%2Fsvg%27%20width%3D%271024%27%20height%3D%27683%27%20viewBox%3D%270%200%201024%20683%27%3E%3Crect%20width%3D%271024%27%20height%3D%27683%27%20fill-opacity%3D%220%22%2F%3E%3C%2Fsvg%3E\" data-srcset=\"https:\/\/sadudelangedata.blob.core.windows.net\/files\/2025\/04\/SEGA_Konferenz-Sport_iNET-72dpi-\u00a9-Marc-Lazzarini-standart-32-200x133.jpg 200w, https:\/\/sadudelangedata.blob.core.windows.net\/files\/2025\/04\/SEGA_Konferenz-Sport_iNET-72dpi-\u00a9-Marc-Lazzarini-standart-32-300x200.jpg 300w, https:\/\/sadudelangedata.blob.core.windows.net\/files\/2025\/04\/SEGA_Konferenz-Sport_iNET-72dpi-\u00a9-Marc-Lazzarini-standart-32-400x267.jpg 400w, https:\/\/sadudelangedata.blob.core.windows.net\/files\/2025\/04\/SEGA_Konferenz-Sport_iNET-72dpi-\u00a9-Marc-Lazzarini-standart-32-600x400.jpg 600w, https:\/\/sadudelangedata.blob.core.windows.net\/files\/2025\/04\/SEGA_Konferenz-Sport_iNET-72dpi-\u00a9-Marc-Lazzarini-standart-32-768x512.jpg 768w, https:\/\/sadudelangedata.blob.core.windows.net\/files\/2025\/04\/SEGA_Konferenz-Sport_iNET-72dpi-\u00a9-Marc-Lazzarini-standart-32-800x533.jpg 800w, https:\/\/sadudelangedata.blob.core.windows.net\/files\/2025\/04\/SEGA_Konferenz-Sport_iNET-72dpi-\u00a9-Marc-Lazzarini-standart-32-1024x683.jpg 1024w, https:\/\/sadudelangedata.blob.core.windows.net\/files\/2025\/04\/SEGA_Konferenz-Sport_iNET-72dpi-\u00a9-Marc-Lazzarini-standart-32-1200x800.jpg 1200w, https:\/\/sadudelangedata.blob.core.windows.net\/files\/2025\/04\/SEGA_Konferenz-Sport_iNET-72dpi-\u00a9-Marc-Lazzarini-standart-32-1536x1024.jpg 1536w\" data-sizes=\"auto\" data-orig-sizes=\"(max-width: 1024px) 100vw, 1024px\" \/><p id=\"caption-attachment-27408\" class=\"wp-caption-text\">Photo \u00a9 Marc Lazzarini<\/p><\/div>\n<p><strong><span class=\"fontstyle0\">\u00c0 quelle fr\u00e9quence la violence physique, sexuelle ou psychologique survient-elle dans le sport ?<\/span><\/strong><\/p>\n<p><span class=\"fontstyle2\">M.T. : \u00ab M\u00eame si nous ne disposons pas de chiffres concrets, le Luxembourg ne fait malheureusement pas exception. Une \u00e9tude n\u00e9erlandaise r\u00e9alis\u00e9e en 2016 montre toutefois que sur 4 000 adultes, 38 % ont subi des violences psychologiques dans le sport avant l\u2018\u00e2ge de 18 ans, 14 % des violences sexuelles et 11 % des violences physiques. De nombreux cas <span class=\"fontstyle0\">ne sont m\u00eame pas signal\u00e9s. Les expert\u00b7es estiment que ce chiffre d\u00e9- passe les 50 %. Une \u00e9tude sur ce sujet est \u00e9galement pr\u00e9vue prochainement au Luxembourg. \u00bb<\/span><\/span><\/p>\n<p><strong><span class=\"fontstyle0\">Quelles mesures les clubs ou les organisations sportives doivent-ils mettre en place pour garantir un espace s\u00fbr dans le sport ?<\/span><\/strong><\/p>\n<p><span class=\"fontstyle2\">M.T. : \u00ab Les clubs devraient tout d\u2018abord nommer une personne charg\u00e9e de s\u2018occuper de cette question primordiale, de prendre des mesures pr\u00e9ventives et de servir de contact aux personnes concern\u00e9es. Les clubs devraient \u00e9galement planifier des campagnes de sensibilisation et introduire un code de conduite, avec des directives et des sanctions concr\u00e8tes. Nous devons promouvoir une \u00ab culture du respect. \u00bb<\/span><\/p>\n<blockquote><p><strong><span class=\"fontstyle0\">Quel message souhaitez-vous transmettre pour conclure ?<\/span><\/strong><\/p>\n<p><span class=\"fontstyle2\">M.T. : \u00ab Il faut aborder ouvertement le sujet de la violence dans le sport. Il est important que le sport soit un environnement s\u00fbr pour tou\u00b7tes. Toute personne qui est t\u00e9moin ou victime d\u2018un abus doit absolument le signaler \u00e0 une personne de confiance et demander de l\u2018aide. Ma devise est la suivante : seul\u00b7e, nous pouvons faire bouger les choses, mais ensemble, nous pouvons les changer ! \u00bb<\/span><\/p><\/blockquote>\n<hr \/>\n<p>&nbsp;<\/p>\n<p><strong> <span class=\"fontstyle0\">Die Kultur des Respekts im Sport<\/span><\/strong><\/p>\n<p><span class=\"fontstyle0\">Anl\u00e4sslich des internationalen Frauensporttages hatte unsere Gleichstellungsdienststelle dieses Jahr eine \u201eSafeguarding Officer\u201c nach D\u00fcdelingen eingeladen. <\/span><span class=\"fontstyle0\">W\u00e4hrend einer Konferenz, die am 23. Januar im Festsaal der Gemeinde stattfand, sprach Michelle Tousch \u00fcber Bel\u00e4stigung und Missbrauch im Sport. Die Juristin und Verantwortliche f\u00fcr Rechtsangelegenheiten beim COSL (Comit\u00e9 Olympique et Sportif Luxembourgeois) ist seit Mai 2024 vom Internationalen Olympischen Komitee offiziell zertifizierte \u201eSafeguarding Officer\u201c.<\/span><\/p>\n<table style=\"border-collapse: collapse; width: 100%;\">\n<tbody>\n<tr>\n<td style=\"width: 50%;\"><img decoding=\"async\" class=\"lazyload  wp-image-27407 aligncenter\" src=\"https:\/\/sadudelangedata.blob.core.windows.net\/files\/2025\/04\/SEGA_Konferenz-Sport_iNET-72dpi-\u00a9-Marc-Lazzarini-standart-28-300x200.jpg\" data-orig-src=\"https:\/\/sadudelangedata.blob.core.windows.net\/files\/2025\/04\/SEGA_Konferenz-Sport_iNET-72dpi-\u00a9-Marc-Lazzarini-standart-28-300x200.jpg\" alt=\"\" width=\"349\" height=\"232\" srcset=\"data:image\/svg+xml,%3Csvg%20xmlns%3D%27http%3A%2F%2Fwww.w3.org%2F2000%2Fsvg%27%20width%3D%27349%27%20height%3D%27232%27%20viewBox%3D%270%200%20349%20232%27%3E%3Crect%20width%3D%27349%27%20height%3D%27232%27%20fill-opacity%3D%220%22%2F%3E%3C%2Fsvg%3E\" data-srcset=\"https:\/\/sadudelangedata.blob.core.windows.net\/files\/2025\/04\/SEGA_Konferenz-Sport_iNET-72dpi-\u00a9-Marc-Lazzarini-standart-28-200x133.jpg 200w, https:\/\/sadudelangedata.blob.core.windows.net\/files\/2025\/04\/SEGA_Konferenz-Sport_iNET-72dpi-\u00a9-Marc-Lazzarini-standart-28-300x200.jpg 300w, https:\/\/sadudelangedata.blob.core.windows.net\/files\/2025\/04\/SEGA_Konferenz-Sport_iNET-72dpi-\u00a9-Marc-Lazzarini-standart-28-400x267.jpg 400w, https:\/\/sadudelangedata.blob.core.windows.net\/files\/2025\/04\/SEGA_Konferenz-Sport_iNET-72dpi-\u00a9-Marc-Lazzarini-standart-28-600x400.jpg 600w, https:\/\/sadudelangedata.blob.core.windows.net\/files\/2025\/04\/SEGA_Konferenz-Sport_iNET-72dpi-\u00a9-Marc-Lazzarini-standart-28-768x512.jpg 768w, https:\/\/sadudelangedata.blob.core.windows.net\/files\/2025\/04\/SEGA_Konferenz-Sport_iNET-72dpi-\u00a9-Marc-Lazzarini-standart-28-800x533.jpg 800w, https:\/\/sadudelangedata.blob.core.windows.net\/files\/2025\/04\/SEGA_Konferenz-Sport_iNET-72dpi-\u00a9-Marc-Lazzarini-standart-28-1024x683.jpg 1024w, https:\/\/sadudelangedata.blob.core.windows.net\/files\/2025\/04\/SEGA_Konferenz-Sport_iNET-72dpi-\u00a9-Marc-Lazzarini-standart-28-1200x800.jpg 1200w, https:\/\/sadudelangedata.blob.core.windows.net\/files\/2025\/04\/SEGA_Konferenz-Sport_iNET-72dpi-\u00a9-Marc-Lazzarini-standart-28-1536x1024.jpg 1536w\" data-sizes=\"auto\" data-orig-sizes=\"(max-width: 349px) 100vw, 349px\" \/><\/td>\n<td style=\"width: 50%;\"><img decoding=\"async\" class=\"lazyload  wp-image-27409 aligncenter\" src=\"https:\/\/sadudelangedata.blob.core.windows.net\/files\/2025\/04\/SEGA_Konferenz-Sport_iNET-72dpi-\u00a9-Marc-Lazzarini-standart-29-300x200.jpg\" data-orig-src=\"https:\/\/sadudelangedata.blob.core.windows.net\/files\/2025\/04\/SEGA_Konferenz-Sport_iNET-72dpi-\u00a9-Marc-Lazzarini-standart-29-300x200.jpg\" alt=\"\" width=\"353\" height=\"236\" srcset=\"data:image\/svg+xml,%3Csvg%20xmlns%3D%27http%3A%2F%2Fwww.w3.org%2F2000%2Fsvg%27%20width%3D%27353%27%20height%3D%27236%27%20viewBox%3D%270%200%20353%20236%27%3E%3Crect%20width%3D%27353%27%20height%3D%27236%27%20fill-opacity%3D%220%22%2F%3E%3C%2Fsvg%3E\" data-srcset=\"https:\/\/sadudelangedata.blob.core.windows.net\/files\/2025\/04\/SEGA_Konferenz-Sport_iNET-72dpi-\u00a9-Marc-Lazzarini-standart-29-200x133.jpg 200w, https:\/\/sadudelangedata.blob.core.windows.net\/files\/2025\/04\/SEGA_Konferenz-Sport_iNET-72dpi-\u00a9-Marc-Lazzarini-standart-29-300x200.jpg 300w, https:\/\/sadudelangedata.blob.core.windows.net\/files\/2025\/04\/SEGA_Konferenz-Sport_iNET-72dpi-\u00a9-Marc-Lazzarini-standart-29-400x267.jpg 400w, https:\/\/sadudelangedata.blob.core.windows.net\/files\/2025\/04\/SEGA_Konferenz-Sport_iNET-72dpi-\u00a9-Marc-Lazzarini-standart-29-600x400.jpg 600w, https:\/\/sadudelangedata.blob.core.windows.net\/files\/2025\/04\/SEGA_Konferenz-Sport_iNET-72dpi-\u00a9-Marc-Lazzarini-standart-29-768x512.jpg 768w, https:\/\/sadudelangedata.blob.core.windows.net\/files\/2025\/04\/SEGA_Konferenz-Sport_iNET-72dpi-\u00a9-Marc-Lazzarini-standart-29-800x533.jpg 800w, https:\/\/sadudelangedata.blob.core.windows.net\/files\/2025\/04\/SEGA_Konferenz-Sport_iNET-72dpi-\u00a9-Marc-Lazzarini-standart-29-1024x683.jpg 1024w, https:\/\/sadudelangedata.blob.core.windows.net\/files\/2025\/04\/SEGA_Konferenz-Sport_iNET-72dpi-\u00a9-Marc-Lazzarini-standart-29-1200x800.jpg 1200w, https:\/\/sadudelangedata.blob.core.windows.net\/files\/2025\/04\/SEGA_Konferenz-Sport_iNET-72dpi-\u00a9-Marc-Lazzarini-standart-29-1536x1024.jpg 1536w\" data-sizes=\"auto\" data-orig-sizes=\"(max-width: 353px) 100vw, 353px\" \/><\/td>\n<\/tr>\n<\/tbody>\n<\/table>\n<p><em>Photos \u00a9 Marc Lazzarini<\/em><\/p>\n<p><strong><span class=\"fontstyle0\">Was genau ist ein*e \u201eSafeguarding Officer\u201c ?<\/span><\/strong><\/p>\n<p><span class=\"fontstyle2\">M.T.: \u201eEine meiner Hauptaufgaben ist, f\u00fcr die Sicherheit und das Wohlbefinden von allen Personen im Sport zu sorgen. Das hei\u00dft, ich setze mich f\u00fcr ein sicheres und inklusives Umfeld ein, in dem keine Form von Gewalt, Missbrauch oder Diskrimination toleriert wird.\u201c<\/span><\/p>\n<p><strong><span class=\"fontstyle0\">Wie k\u00f6nnen Sportler*innen vor physischer, sexueller und psychischer Gewalt oder Bel\u00e4stigung gesch\u00fctzt werden?<\/span><\/strong><\/p>\n<p><span class=\"fontstyle2\">M.T.: \u201eIn den Medien wird meistens von sexueller Bel\u00e4stigung oder Missbrauch seitens der Trainer*innen berichtet. Es gibt jedoch noch viele andere Formen von Gewalt, die genauso ernst genommen werden m\u00fcssen. So etwa psychologische Gewalt wie Mobbing, verletzende Aussagen, Ausschluss aus einer Gruppe usw. Immer \u00f6fter h\u00f6ren wir von k\u00f6rperlicher Gewalt wie Zwangskonsum von Dopingmitteln oder Entzug von Wasser, Essen oder Schlaf. Es gibt jedoch weitere Formen von Gewalt, wie Mangel <span class=\"fontstyle0\">an Betreuung oder Ignoranz gegen- \u00fcber den Bed\u00fcrfnissen der Athlet*innen.\u201c<\/span><\/span><\/p>\n<p><strong><span class=\"fontstyle2\">Der oder die T\u00e4ter*in muss nicht unbedingt der oder die Trainer*in sein?<\/span><\/strong><\/p>\n<p><span class=\"fontstyle2\"><span class=\"fontstyle0\">M.T.: \u201eNein, auf keinen Fall! Es k\u00f6nnen auch die Eltern sein, der oder die Sportmanager*in, Mitspieler*innen, Freiwillige oder andere Betreuer*innen. Eltern, die zum Beispiel zu viel Druck auf ihre Kinder aus\u00fcben oder Schiedsrichter*innen verbal attackieren.\u201c<\/span>\u00a0<\/span><\/p>\n<p><strong><span class=\"fontstyle0\">Und die Opfer sind nicht nur Sportler*innen?<\/span><\/strong><\/p>\n<p><span class=\"fontstyle2\">M.T.: \u201eAbsolut. Auch andere Beteiligte k\u00f6nnen betroffen sein, wie Trainer*innen, Schiedsrichter*innen, Freiwillige usw. Es kann in jedem Alter, auf jedem Niveau, im Freizeit- sowie im Profisport geschehen.\u201c<\/span><\/p>\n<p><strong><span class=\"fontstyle0\">Welche Gruppen sind besonders betroffen?<\/span><\/strong><\/p>\n<p><span class=\"fontstyle2\">M.T.: \u201eKinder und Jugendliche, jedoch auch Elite-Sportler*innen, die unter hohem Leistungsdruck stehen sowie Sportler*innen mit einer Behinderung und LGBTIQ+ Athlet*innen.\u201c<\/span><\/p>\n<p><strong><span class=\"fontstyle0\">Wie oft kommt es im Sport zu physischer, sexueller oder psychischer Gewalt?<\/span><\/strong><\/p>\n<p><span class=\"fontstyle2\">M.T.: \u201eAuch wenn keine konkreten <\/span><span class=\"fontstyle2\">Zahlen vorliegen, bildet Luxemburg <\/span><span class=\"fontstyle2\">leider keine Ausnahme. Eine niederl\u00e4ndische Studie aus dem Jahr 2016 <\/span><span class=\"fontstyle2\">belegt jedoch, dass von 4.000 Erwachsenen 38 % vor ihrem 18. <\/span><span class=\"fontstyle2\">Lebensjahr psychische Gewalt im <\/span><span class=\"fontstyle2\">Sport erlebt haben, 14 % sexuelle <\/span><span class=\"fontstyle2\">Gewalt und 11 % physische Gewalt. <\/span><span class=\"fontstyle2\">Viele F\u00e4lle werden gar nicht gemeldet. Expert*innen gehen von \u00fcber 50 <span class=\"fontstyle0\">% aus. Demn\u00e4chst ist auch in Luxemburg eine Studie zu dieser Thematik geplant.\u201c<\/span>\u00a0<\/span><\/p>\n<p><strong><span class=\"fontstyle0\">Welche Ma\u00dfnahmen m\u00fcssen Sportvereine oder Sportorganisationen umsetzen, um einen sicheren Raum im Sport zu garantieren?<\/span><\/strong><\/p>\n<p><span class=\"fontstyle2\">M.T.: \u201eZuerst sollten die Vereine eine Person benennen, die sich um diese wichtige Thematik k\u00fcmmert, pr\u00e4ventive Ma\u00dfnahmen ergreift und als Kontaktperson f\u00fcr Betroffene fungiert. Des Weiteren sollten die Vereine Aufkl\u00e4rungskampagnen planen und einen Verhaltenskodex einf\u00fchren, mit konkreten Richtlinien und Sanktionen. Wir m\u00fcssen eine \u201aKultur des Respekts\u2018 f\u00f6rdern.\u201c<\/span><\/p>\n<blockquote><p><strong><span class=\"fontstyle0\">Welche Botschaft k\u00f6nnen Sie uns abschlie\u00dfend geben?<\/span><\/strong><\/p>\n<p><span class=\"fontstyle2\">M.T.: \u201eDas Thema Gewalt im Sport muss offen thematisiert werden. Es ist wichtig, dass der Sport ein sicheres Umfeld f\u00fcr alle ist. Alle, die Zeugin oder Zeuge oder selbst Opfer eines Missbrauchs werden, sollten dies unbedingt einer Vertrauensperson melden und Hilfe aufsuchen. Meine Devise lautet: Allein k\u00f6nnen wir etwas bewegen, doch zusammen k\u00f6nnen wir etwas ver\u00e4ndern!\u201c<\/span><\/p><\/blockquote>\n<p>&nbsp;<\/p>\n<p><strong>Infos:<\/strong><br \/>\n<span class=\"fontstyle0\">Comit\u00e9 Olympique et Sportif Luxembourgeois (COSL)<br \/>\n<\/span><span style=\"color: #ef4030;\"><span class=\"fontstyle2\"><span style=\"color: #000000;\">Michelle Tousch<\/span><br \/>\n<\/span><\/span><span class=\"fontstyle2\" style=\"color: #ef4030;\"><a style=\"color: #ef4030;\" href=\"mailto:mtousch@cosl.lu\" target=\"_blank\" rel=\"noopener\">mtousch@cosl.lu<\/a><\/span><\/p>\n<p><strong>Downloads:<\/strong><\/p>\n<p><strong>[PDF]<\/strong> <span style=\"text-decoration: underline;\"><span style=\"color: #ef4030; text-decoration: underline;\"><a style=\"color: #ef4030; text-decoration: underline;\" href=\"https:\/\/sadudelangedata.blob.core.windows.net\/files\/2025\/04\/Michelle-Tousch.pdf\" target=\"_blank\" rel=\"noopener\">Article Meng Stad \/ Artikel Meng Stad<\/a><\/span><\/span><\/p>\n<p><strong>[PDF]<\/strong> <span style=\"text-decoration: underline;\"><span style=\"color: #ef4030; text-decoration: underline;\"><a style=\"color: #ef4030; text-decoration: underline;\" title=\"Meng Stad 2025 \/ N\u00b01\" href=\"https:\/\/sadudelangedata.blob.core.windows.net\/files\/2025\/04\/MengStad-1-2025-WEB.pdf\" target=\"_blank\" rel=\"noopener\">Meng Stad 2025 \/ n\u00b01<\/a><\/span><\/span><\/p>\n","protected":false},"excerpt":{"rendered":"<p>Interview avec Michelle Tousch, Safeguarding Officer COSL<\/p>\n","protected":false},"featured_media":27405,"template":"","categories":[1],"class_list":["post-27404","actualites","type-actualites","status-publish","has-post-thumbnail","hentry","category-uncategorised"],"date_debut_affichage":"0000-00-00 00:00:00","date_fin_affichage":"0000-00-00 00:00:00","description_ecran":"","place_hotel_de_ville":"0","gare_dudelange_ville":"0","lycee_nic_biever":"0","preview":"0","visuel_prepare":false,"ordre_affichage_ecran":"0","featured_image_url":"https:\/\/sadudelangedata.blob.core.windows.net\/files\/2025\/04\/Michelle-Tousch.jpg","publishpress_future_workflow_manual_trigger":{"enabledWorkflows":[]},"_links":{"self":[{"href":"https:\/\/www.dudelange.lu\/index.php\/wp-json\/wp\/v2\/actualites\/27404","targetHints":{"allow":["GET"]}}],"collection":[{"href":"https:\/\/www.dudelange.lu\/index.php\/wp-json\/wp\/v2\/actualites"}],"about":[{"href":"https:\/\/www.dudelange.lu\/index.php\/wp-json\/wp\/v2\/types\/actualites"}],"wp:featuredmedia":[{"embeddable":true,"href":"https:\/\/www.dudelange.lu\/index.php\/wp-json\/wp\/v2\/media\/27405"}],"wp:attachment":[{"href":"https:\/\/www.dudelange.lu\/index.php\/wp-json\/wp\/v2\/media?parent=27404"}],"wp:term":[{"taxonomy":"category","embeddable":true,"href":"https:\/\/www.dudelange.lu\/index.php\/wp-json\/wp\/v2\/categories?post=27404"}],"curies":[{"name":"wp","href":"https:\/\/api.w.org\/{rel}","templated":true}]}}