{"id":27411,"date":"2025-04-25T10:00:48","date_gmt":"2025-04-25T08:00:48","guid":{"rendered":"https:\/\/www.dudelange.lu\/?post_type=actualites&#038;p=27411"},"modified":"2025-04-25T12:26:21","modified_gmt":"2025-04-25T10:26:21","slug":"joyeux-anniversaire-gehansbiergknappen","status":"publish","type":"actualites","link":"https:\/\/www.dudelange.lu\/index.php\/actualites\/joyeux-anniversaire-gehansbiergknappen\/","title":{"rendered":"Joyeux anniversaire Gehansbiergknappen !"},"content":{"rendered":"<p><span class=\"fontstyle0\">Le 7 janvier 1975, l\u2018association Gehansbiergknappen 75 Butschebuerg asbl a vu le jour dans un caf\u00e9 \u00e0 Boudersberg. Le premier comit\u00e9 directeur, pr\u00e9sid\u00e9 par Jos Wintersdorf, comptait alors une douzaine de membres. Apr\u00e8s Marco Weis, Chantal Klein a repris le poste de pr\u00e9sidente en 2012. Nous nous sommes entretenu\u00b7es avec elle \u00e0 l\u2018occasion du 50\u00e8me anniversaire de l\u2018association.<\/span><\/p>\n<p><em>(F\u00fcr die deutsche Fassung, scrollen Sie bitte runter)<\/em><\/p>\n<blockquote><p><span class=\"fontstyle0\">\u00ab Les festivit\u00e9s se d\u00e9rouleront tout au long de l\u2018ann\u00e9e \u00bb, d\u00e9clare fi\u00e8rement la pr\u00e9sidente. <\/span><\/p><\/blockquote>\n<p><span class=\"fontstyle0\">\u00ab Le coup d\u2018envoi a \u00e9t\u00e9 donn\u00e9 le 9 f\u00e9vrier avec une randonn\u00e9e IVV \u00e0 Dudelange. L\u2018acte officiel, sous forme d\u2018une s\u00e9ance acad\u00e9mique, aura lieu le 26 avril au Hall Polyvalent, en pr\u00e9sence de nombreux\u00b7ses invit\u00e9\u00b7es d\u2018honneur. Une autre manifestation est pr\u00e9vue le 31 ao\u00fbt. Les Gehansbiergknappen participeront alors \u00e0 la Coupe des 5 Nations. Dans ce cadre, nous organisons une grande randonn\u00e9e de 5, 10, 15, 20, 42 et 50 kilom\u00e8tres \u00e0 travers la r\u00e9serve naturelle de la Haard. \u00bb Le 1er mars, l\u2018assembl\u00e9e g\u00e9n\u00e9rale de la FLMP (F\u00e9d\u00e9ration Luxembourgeoise de Marche Populaire) s\u2018est tenue au Hall Polyvalent.<\/span><\/p>\n<div id=\"attachment_27413\" style=\"width: 1034px\" class=\"wp-caption aligncenter\"><img decoding=\"async\" aria-describedby=\"caption-attachment-27413\" class=\"lazyload wp-image-27413 size-large\" src=\"https:\/\/sadudelangedata.blob.core.windows.net\/files\/2025\/04\/VdD_Congres-Federation-Marche-Populaire-_iNET-72dpi-\u00a9-Marc-Lazzarini-standart-23-1024x683.jpg\" data-orig-src=\"https:\/\/sadudelangedata.blob.core.windows.net\/files\/2025\/04\/VdD_Congres-Federation-Marche-Populaire-_iNET-72dpi-\u00a9-Marc-Lazzarini-standart-23-1024x683.jpg\" width=\"1024\" height=\"683\" srcset=\"data:image\/svg+xml,%3Csvg%20xmlns%3D%27http%3A%2F%2Fwww.w3.org%2F2000%2Fsvg%27%20width%3D%271024%27%20height%3D%27683%27%20viewBox%3D%270%200%201024%20683%27%3E%3Crect%20width%3D%271024%27%20height%3D%27683%27%20fill-opacity%3D%220%22%2F%3E%3C%2Fsvg%3E\" data-srcset=\"https:\/\/sadudelangedata.blob.core.windows.net\/files\/2025\/04\/VdD_Congres-Federation-Marche-Populaire-_iNET-72dpi-\u00a9-Marc-Lazzarini-standart-23-200x133.jpg 200w, https:\/\/sadudelangedata.blob.core.windows.net\/files\/2025\/04\/VdD_Congres-Federation-Marche-Populaire-_iNET-72dpi-\u00a9-Marc-Lazzarini-standart-23-300x200.jpg 300w, https:\/\/sadudelangedata.blob.core.windows.net\/files\/2025\/04\/VdD_Congres-Federation-Marche-Populaire-_iNET-72dpi-\u00a9-Marc-Lazzarini-standart-23-400x267.jpg 400w, https:\/\/sadudelangedata.blob.core.windows.net\/files\/2025\/04\/VdD_Congres-Federation-Marche-Populaire-_iNET-72dpi-\u00a9-Marc-Lazzarini-standart-23-600x400.jpg 600w, https:\/\/sadudelangedata.blob.core.windows.net\/files\/2025\/04\/VdD_Congres-Federation-Marche-Populaire-_iNET-72dpi-\u00a9-Marc-Lazzarini-standart-23-768x512.jpg 768w, https:\/\/sadudelangedata.blob.core.windows.net\/files\/2025\/04\/VdD_Congres-Federation-Marche-Populaire-_iNET-72dpi-\u00a9-Marc-Lazzarini-standart-23-800x533.jpg 800w, https:\/\/sadudelangedata.blob.core.windows.net\/files\/2025\/04\/VdD_Congres-Federation-Marche-Populaire-_iNET-72dpi-\u00a9-Marc-Lazzarini-standart-23-1024x683.jpg 1024w, https:\/\/sadudelangedata.blob.core.windows.net\/files\/2025\/04\/VdD_Congres-Federation-Marche-Populaire-_iNET-72dpi-\u00a9-Marc-Lazzarini-standart-23-1200x800.jpg 1200w, https:\/\/sadudelangedata.blob.core.windows.net\/files\/2025\/04\/VdD_Congres-Federation-Marche-Populaire-_iNET-72dpi-\u00a9-Marc-Lazzarini-standart-23-1536x1024.jpg 1536w\" data-sizes=\"auto\" data-orig-sizes=\"(max-width: 1024px) 100vw, 1024px\" \/><p id=\"caption-attachment-27413\" class=\"wp-caption-text\">Chantal Klein, pr\u00e9sidente des Gehansbiergknappen lors du congr\u00e8s FLMP le 1er mars 2025 \/ Photo \u00a9 Marc Lazzarini<\/p><\/div>\n<p><span class=\"fontstyle0\">Chaque ann\u00e9e, les 301 membres actuel\u00b7les parcourent ensemble plusieurs milliers de kilom\u00e8tres. Selon Chantal Klein, les Gehansbiergknappen sont le deuxi\u00e8me club de randonn\u00e9e le plus actif du Luxembourg, derri\u00e8re le club de Junglinster. La plus jeune membre n\u2018a que 7 ans, le plus \u00e2g\u00e9 plus de 90 ans ! \u00ab La randonn\u00e9e est un sport qui s\u2018adresse \u00e0 tous les \u00e2ges \u00bb, souligne la pr\u00e9sidente.<\/span><\/p>\n<p><span class=\"fontstyle0\">Deux fois par an, les Gehansbiergknappen organisent une grande randonn\u00e9e IVV \u00e0 Dudelange, \u00e0 laquelle participent environ 1 400 randonneur\u00b7 ses. En plus des randonn\u00e9es IVV dominicales \u00e0 travers le pays, les \u00ab Knappen \u00bb se rendent r\u00e9guli\u00e8rement \u00e0 l\u2018\u00e9tranger pour participer aux Europiades IVV et aux Olympiades. Cette ann\u00e9e, plus de 50 \u00ab Gehansbiergknappen \u00bb se rendront \u00e0 Tampere en Finlande du 12 au 20 ao\u00fbt pour participer aux Olympiades IVV.<\/span><\/p>\n<table style=\"border-collapse: collapse; width: 100%;\">\n<tbody>\n<tr>\n<td style=\"width: 33.3333%;\"><img decoding=\"async\" class=\"lazyload size-medium wp-image-27415 aligncenter\" src=\"https:\/\/sadudelangedata.blob.core.windows.net\/files\/2025\/04\/VdD_Marche-Populaire-IVV_iNET-72dpi-\u00a9-Marc-Lazzarini-standart-4-300x200.jpg\" data-orig-src=\"https:\/\/sadudelangedata.blob.core.windows.net\/files\/2025\/04\/VdD_Marche-Populaire-IVV_iNET-72dpi-\u00a9-Marc-Lazzarini-standart-4-300x200.jpg\" alt=\"\" width=\"300\" height=\"200\" srcset=\"data:image\/svg+xml,%3Csvg%20xmlns%3D%27http%3A%2F%2Fwww.w3.org%2F2000%2Fsvg%27%20width%3D%27300%27%20height%3D%27200%27%20viewBox%3D%270%200%20300%20200%27%3E%3Crect%20width%3D%27300%27%20height%3D%27200%27%20fill-opacity%3D%220%22%2F%3E%3C%2Fsvg%3E\" data-srcset=\"https:\/\/sadudelangedata.blob.core.windows.net\/files\/2025\/04\/VdD_Marche-Populaire-IVV_iNET-72dpi-\u00a9-Marc-Lazzarini-standart-4-200x133.jpg 200w, https:\/\/sadudelangedata.blob.core.windows.net\/files\/2025\/04\/VdD_Marche-Populaire-IVV_iNET-72dpi-\u00a9-Marc-Lazzarini-standart-4-300x200.jpg 300w, https:\/\/sadudelangedata.blob.core.windows.net\/files\/2025\/04\/VdD_Marche-Populaire-IVV_iNET-72dpi-\u00a9-Marc-Lazzarini-standart-4-400x267.jpg 400w, https:\/\/sadudelangedata.blob.core.windows.net\/files\/2025\/04\/VdD_Marche-Populaire-IVV_iNET-72dpi-\u00a9-Marc-Lazzarini-standart-4-600x400.jpg 600w, https:\/\/sadudelangedata.blob.core.windows.net\/files\/2025\/04\/VdD_Marche-Populaire-IVV_iNET-72dpi-\u00a9-Marc-Lazzarini-standart-4-768x512.jpg 768w, https:\/\/sadudelangedata.blob.core.windows.net\/files\/2025\/04\/VdD_Marche-Populaire-IVV_iNET-72dpi-\u00a9-Marc-Lazzarini-standart-4-800x533.jpg 800w, https:\/\/sadudelangedata.blob.core.windows.net\/files\/2025\/04\/VdD_Marche-Populaire-IVV_iNET-72dpi-\u00a9-Marc-Lazzarini-standart-4-1024x683.jpg 1024w, https:\/\/sadudelangedata.blob.core.windows.net\/files\/2025\/04\/VdD_Marche-Populaire-IVV_iNET-72dpi-\u00a9-Marc-Lazzarini-standart-4-1200x800.jpg 1200w, https:\/\/sadudelangedata.blob.core.windows.net\/files\/2025\/04\/VdD_Marche-Populaire-IVV_iNET-72dpi-\u00a9-Marc-Lazzarini-standart-4-1536x1024.jpg 1536w\" data-sizes=\"auto\" data-orig-sizes=\"(max-width: 300px) 100vw, 300px\" \/><\/td>\n<td style=\"width: 33.3333%;\"><img decoding=\"async\" class=\"lazyload size-medium wp-image-27416 aligncenter\" src=\"https:\/\/sadudelangedata.blob.core.windows.net\/files\/2025\/04\/VdD_Marche-Populaire-IVV_iNET-72dpi-\u00a9-Marc-Lazzarini-standart-12-300x200.jpg\" data-orig-src=\"https:\/\/sadudelangedata.blob.core.windows.net\/files\/2025\/04\/VdD_Marche-Populaire-IVV_iNET-72dpi-\u00a9-Marc-Lazzarini-standart-12-300x200.jpg\" alt=\"\" width=\"300\" height=\"200\" srcset=\"data:image\/svg+xml,%3Csvg%20xmlns%3D%27http%3A%2F%2Fwww.w3.org%2F2000%2Fsvg%27%20width%3D%27300%27%20height%3D%27200%27%20viewBox%3D%270%200%20300%20200%27%3E%3Crect%20width%3D%27300%27%20height%3D%27200%27%20fill-opacity%3D%220%22%2F%3E%3C%2Fsvg%3E\" data-srcset=\"https:\/\/sadudelangedata.blob.core.windows.net\/files\/2025\/04\/VdD_Marche-Populaire-IVV_iNET-72dpi-\u00a9-Marc-Lazzarini-standart-12-200x133.jpg 200w, https:\/\/sadudelangedata.blob.core.windows.net\/files\/2025\/04\/VdD_Marche-Populaire-IVV_iNET-72dpi-\u00a9-Marc-Lazzarini-standart-12-300x200.jpg 300w, https:\/\/sadudelangedata.blob.core.windows.net\/files\/2025\/04\/VdD_Marche-Populaire-IVV_iNET-72dpi-\u00a9-Marc-Lazzarini-standart-12-400x267.jpg 400w, https:\/\/sadudelangedata.blob.core.windows.net\/files\/2025\/04\/VdD_Marche-Populaire-IVV_iNET-72dpi-\u00a9-Marc-Lazzarini-standart-12-600x400.jpg 600w, https:\/\/sadudelangedata.blob.core.windows.net\/files\/2025\/04\/VdD_Marche-Populaire-IVV_iNET-72dpi-\u00a9-Marc-Lazzarini-standart-12-768x512.jpg 768w, https:\/\/sadudelangedata.blob.core.windows.net\/files\/2025\/04\/VdD_Marche-Populaire-IVV_iNET-72dpi-\u00a9-Marc-Lazzarini-standart-12-800x533.jpg 800w, https:\/\/sadudelangedata.blob.core.windows.net\/files\/2025\/04\/VdD_Marche-Populaire-IVV_iNET-72dpi-\u00a9-Marc-Lazzarini-standart-12-1024x683.jpg 1024w, https:\/\/sadudelangedata.blob.core.windows.net\/files\/2025\/04\/VdD_Marche-Populaire-IVV_iNET-72dpi-\u00a9-Marc-Lazzarini-standart-12-1200x800.jpg 1200w, https:\/\/sadudelangedata.blob.core.windows.net\/files\/2025\/04\/VdD_Marche-Populaire-IVV_iNET-72dpi-\u00a9-Marc-Lazzarini-standart-12-1536x1024.jpg 1536w\" data-sizes=\"auto\" data-orig-sizes=\"(max-width: 300px) 100vw, 300px\" \/><\/td>\n<td style=\"width: 33.3333%;\"><img decoding=\"async\" class=\"lazyload size-medium wp-image-27417 aligncenter\" src=\"https:\/\/sadudelangedata.blob.core.windows.net\/files\/2025\/04\/VdD_Marche-Populaire-IVV_iNET-72dpi-\u00a9-Marc-Lazzarini-standart-22-300x200.jpg\" data-orig-src=\"https:\/\/sadudelangedata.blob.core.windows.net\/files\/2025\/04\/VdD_Marche-Populaire-IVV_iNET-72dpi-\u00a9-Marc-Lazzarini-standart-22-300x200.jpg\" alt=\"\" width=\"300\" height=\"200\" srcset=\"data:image\/svg+xml,%3Csvg%20xmlns%3D%27http%3A%2F%2Fwww.w3.org%2F2000%2Fsvg%27%20width%3D%27300%27%20height%3D%27200%27%20viewBox%3D%270%200%20300%20200%27%3E%3Crect%20width%3D%27300%27%20height%3D%27200%27%20fill-opacity%3D%220%22%2F%3E%3C%2Fsvg%3E\" data-srcset=\"https:\/\/sadudelangedata.blob.core.windows.net\/files\/2025\/04\/VdD_Marche-Populaire-IVV_iNET-72dpi-\u00a9-Marc-Lazzarini-standart-22-200x133.jpg 200w, https:\/\/sadudelangedata.blob.core.windows.net\/files\/2025\/04\/VdD_Marche-Populaire-IVV_iNET-72dpi-\u00a9-Marc-Lazzarini-standart-22-300x200.jpg 300w, https:\/\/sadudelangedata.blob.core.windows.net\/files\/2025\/04\/VdD_Marche-Populaire-IVV_iNET-72dpi-\u00a9-Marc-Lazzarini-standart-22-400x267.jpg 400w, https:\/\/sadudelangedata.blob.core.windows.net\/files\/2025\/04\/VdD_Marche-Populaire-IVV_iNET-72dpi-\u00a9-Marc-Lazzarini-standart-22-600x400.jpg 600w, https:\/\/sadudelangedata.blob.core.windows.net\/files\/2025\/04\/VdD_Marche-Populaire-IVV_iNET-72dpi-\u00a9-Marc-Lazzarini-standart-22-768x512.jpg 768w, https:\/\/sadudelangedata.blob.core.windows.net\/files\/2025\/04\/VdD_Marche-Populaire-IVV_iNET-72dpi-\u00a9-Marc-Lazzarini-standart-22-800x533.jpg 800w, https:\/\/sadudelangedata.blob.core.windows.net\/files\/2025\/04\/VdD_Marche-Populaire-IVV_iNET-72dpi-\u00a9-Marc-Lazzarini-standart-22-1024x683.jpg 1024w, https:\/\/sadudelangedata.blob.core.windows.net\/files\/2025\/04\/VdD_Marche-Populaire-IVV_iNET-72dpi-\u00a9-Marc-Lazzarini-standart-22-1200x800.jpg 1200w, https:\/\/sadudelangedata.blob.core.windows.net\/files\/2025\/04\/VdD_Marche-Populaire-IVV_iNET-72dpi-\u00a9-Marc-Lazzarini-standart-22-1536x1024.jpg 1536w\" data-sizes=\"auto\" data-orig-sizes=\"(max-width: 300px) 100vw, 300px\" \/><\/td>\n<\/tr>\n<\/tbody>\n<\/table>\n<p><em>Photos \u00a9 Marc Lazzarini<\/em><\/p>\n<p><span class=\"fontstyle0\">Dudelange dispose en outre de deux sentiers de randonn\u00e9e permanents de 7 et 15 kilom\u00e8tres. Vous pouvez obtenir votre carte de d\u00e9part au restaurant Amarcord, au centre culturel opderschmelz. <\/span><\/p>\n<blockquote><p><span class=\"fontstyle0\">\u00ab Les nouveaux\u00b7lles membres sont toujours les bienvenu\u00b7es chez les Gehansbiergknappen \u00bb, conclut Chantal Klein. <\/span><\/p><\/blockquote>\n<hr \/>\n<p>&nbsp;<\/p>\n<p><strong> <span class=\"fontstyle0\">Happy Birthday Gehansbiergknappen!<\/span><\/strong><\/p>\n<div id=\"attachment_27414\" style=\"width: 1034px\" class=\"wp-caption aligncenter\"><img decoding=\"async\" aria-describedby=\"caption-attachment-27414\" class=\"lazyload wp-image-27414 size-large\" src=\"https:\/\/sadudelangedata.blob.core.windows.net\/files\/2025\/04\/VdD_Marche-Populaire-IVV_iNET-72dpi-\u00a9-Marc-Lazzarini-standart-1-1024x683.jpg\" data-orig-src=\"https:\/\/sadudelangedata.blob.core.windows.net\/files\/2025\/04\/VdD_Marche-Populaire-IVV_iNET-72dpi-\u00a9-Marc-Lazzarini-standart-1-1024x683.jpg\" width=\"1024\" height=\"683\" srcset=\"data:image\/svg+xml,%3Csvg%20xmlns%3D%27http%3A%2F%2Fwww.w3.org%2F2000%2Fsvg%27%20width%3D%271024%27%20height%3D%27683%27%20viewBox%3D%270%200%201024%20683%27%3E%3Crect%20width%3D%271024%27%20height%3D%27683%27%20fill-opacity%3D%220%22%2F%3E%3C%2Fsvg%3E\" data-srcset=\"https:\/\/sadudelangedata.blob.core.windows.net\/files\/2025\/04\/VdD_Marche-Populaire-IVV_iNET-72dpi-\u00a9-Marc-Lazzarini-standart-1-200x133.jpg 200w, https:\/\/sadudelangedata.blob.core.windows.net\/files\/2025\/04\/VdD_Marche-Populaire-IVV_iNET-72dpi-\u00a9-Marc-Lazzarini-standart-1-300x200.jpg 300w, https:\/\/sadudelangedata.blob.core.windows.net\/files\/2025\/04\/VdD_Marche-Populaire-IVV_iNET-72dpi-\u00a9-Marc-Lazzarini-standart-1-400x267.jpg 400w, https:\/\/sadudelangedata.blob.core.windows.net\/files\/2025\/04\/VdD_Marche-Populaire-IVV_iNET-72dpi-\u00a9-Marc-Lazzarini-standart-1-600x400.jpg 600w, https:\/\/sadudelangedata.blob.core.windows.net\/files\/2025\/04\/VdD_Marche-Populaire-IVV_iNET-72dpi-\u00a9-Marc-Lazzarini-standart-1-768x512.jpg 768w, https:\/\/sadudelangedata.blob.core.windows.net\/files\/2025\/04\/VdD_Marche-Populaire-IVV_iNET-72dpi-\u00a9-Marc-Lazzarini-standart-1-800x533.jpg 800w, https:\/\/sadudelangedata.blob.core.windows.net\/files\/2025\/04\/VdD_Marche-Populaire-IVV_iNET-72dpi-\u00a9-Marc-Lazzarini-standart-1-1024x683.jpg 1024w, https:\/\/sadudelangedata.blob.core.windows.net\/files\/2025\/04\/VdD_Marche-Populaire-IVV_iNET-72dpi-\u00a9-Marc-Lazzarini-standart-1-1200x800.jpg 1200w, https:\/\/sadudelangedata.blob.core.windows.net\/files\/2025\/04\/VdD_Marche-Populaire-IVV_iNET-72dpi-\u00a9-Marc-Lazzarini-standart-1-1536x1024.jpg 1536w\" data-sizes=\"auto\" data-orig-sizes=\"(max-width: 1024px) 100vw, 1024px\" \/><p id=\"caption-attachment-27414\" class=\"wp-caption-text\">Photo \u00a9 Marc Lazzarini<\/p><\/div>\n<p><span class=\"fontstyle0\">Am 7. Januar 1975 war in einer Gastst\u00e4tte in Boudersberg die Geburtsstunde der Gehansbiergknappen 75 Butschebuerg asbl. Der erste Vorstand unter dem damaligen Pr\u00e4sidenten Jos Wintersdorf z\u00e4hlte ein Dutzend Mitglieder. Nach Marco Weis \u00fcbernahm Chantal Klein im Jahr 2012 den Posten der Pr\u00e4sidentin. Wir haben uns mit ihr \u00fcber das 50. Jubil\u00e4um unterhalten.<\/span><\/p>\n<blockquote><p><span class=\"fontstyle0\">\u201eDas ganze Jahr \u00fcber wird gefeiert\u201c, sagt eine stolze Pr\u00e4sidentin. <\/span><\/p><\/blockquote>\n<p><span class=\"fontstyle0\">\u201eAm 9. Februar war der Auftakt mit einer IVV-Wanderung in D\u00fcdelingen. Der offizielle Akt in Form einer akademischen Sitzung findet am 26. April im Hall Polyvalent statt, in Anwesenheit zahlreicher Ehreng\u00e4ste. Eine weitere Veranstaltung ist f\u00fcr den 31. August geplant. Dann nehmen die Gehansbiergknappen am 5-Nationen-Cup teil. Wir organisieren in dem Zusammenhang eine gro\u00dfe Wanderung \u00fcber 5, 10, 15, 20, 42 und 50 Kilometer durch das Naturschutzgebiet Haard.\u201c Am 1. M\u00e4rz fand \u00fcberdies die Generalversammlung der FLMP (F\u00e9d\u00e9ration Luxembourgeoise de Marche Populaire) im Hall Polyvalent statt.\u00a0<\/span><\/p>\n<p><span class=\"fontstyle0\">J\u00e4hrlich legen die augenblicklich 301 Mitglieder zusammen einige Tausend Kilometer zur\u00fcck. Die Gehansbiergknappen sind Chantal Klein zufolge der zweitaktivste Wanderverein in Luxemburg, hinter dem Verein von Junglinster. Das j\u00fcngste Mitglied ist gerade mal 7 Jahre alt, das \u00e4lteste \u00fcber 90. \u201eWandern ist ein Sport, der jedes Alter anspricht\u201c, betont die Pr\u00e4sidentin.<\/span><\/p>\n<table style=\"border-collapse: collapse; width: 100%;\">\n<tbody>\n<tr>\n<td style=\"width: 25%;\"><img decoding=\"async\" class=\"lazyload size-medium wp-image-27418 aligncenter\" src=\"https:\/\/sadudelangedata.blob.core.windows.net\/files\/2025\/04\/VdD_Marche-Populaire-IVV_iNET-72dpi-\u00a9-Marc-Lazzarini-standart-31-300x200.jpg\" data-orig-src=\"https:\/\/sadudelangedata.blob.core.windows.net\/files\/2025\/04\/VdD_Marche-Populaire-IVV_iNET-72dpi-\u00a9-Marc-Lazzarini-standart-31-300x200.jpg\" alt=\"\" width=\"300\" height=\"200\" srcset=\"data:image\/svg+xml,%3Csvg%20xmlns%3D%27http%3A%2F%2Fwww.w3.org%2F2000%2Fsvg%27%20width%3D%27300%27%20height%3D%27200%27%20viewBox%3D%270%200%20300%20200%27%3E%3Crect%20width%3D%27300%27%20height%3D%27200%27%20fill-opacity%3D%220%22%2F%3E%3C%2Fsvg%3E\" data-srcset=\"https:\/\/sadudelangedata.blob.core.windows.net\/files\/2025\/04\/VdD_Marche-Populaire-IVV_iNET-72dpi-\u00a9-Marc-Lazzarini-standart-31-200x133.jpg 200w, https:\/\/sadudelangedata.blob.core.windows.net\/files\/2025\/04\/VdD_Marche-Populaire-IVV_iNET-72dpi-\u00a9-Marc-Lazzarini-standart-31-300x200.jpg 300w, https:\/\/sadudelangedata.blob.core.windows.net\/files\/2025\/04\/VdD_Marche-Populaire-IVV_iNET-72dpi-\u00a9-Marc-Lazzarini-standart-31-400x267.jpg 400w, https:\/\/sadudelangedata.blob.core.windows.net\/files\/2025\/04\/VdD_Marche-Populaire-IVV_iNET-72dpi-\u00a9-Marc-Lazzarini-standart-31-600x400.jpg 600w, https:\/\/sadudelangedata.blob.core.windows.net\/files\/2025\/04\/VdD_Marche-Populaire-IVV_iNET-72dpi-\u00a9-Marc-Lazzarini-standart-31-768x512.jpg 768w, https:\/\/sadudelangedata.blob.core.windows.net\/files\/2025\/04\/VdD_Marche-Populaire-IVV_iNET-72dpi-\u00a9-Marc-Lazzarini-standart-31-800x533.jpg 800w, https:\/\/sadudelangedata.blob.core.windows.net\/files\/2025\/04\/VdD_Marche-Populaire-IVV_iNET-72dpi-\u00a9-Marc-Lazzarini-standart-31-1024x683.jpg 1024w, https:\/\/sadudelangedata.blob.core.windows.net\/files\/2025\/04\/VdD_Marche-Populaire-IVV_iNET-72dpi-\u00a9-Marc-Lazzarini-standart-31-1200x800.jpg 1200w, https:\/\/sadudelangedata.blob.core.windows.net\/files\/2025\/04\/VdD_Marche-Populaire-IVV_iNET-72dpi-\u00a9-Marc-Lazzarini-standart-31-1536x1024.jpg 1536w\" data-sizes=\"auto\" data-orig-sizes=\"(max-width: 300px) 100vw, 300px\" \/><\/td>\n<td style=\"width: 25%;\"><img decoding=\"async\" class=\"lazyload size-medium wp-image-27419 aligncenter\" src=\"https:\/\/sadudelangedata.blob.core.windows.net\/files\/2025\/04\/VdD_Marche-Populaire-IVV_iNET-72dpi-\u00a9-Marc-Lazzarini-standart-35-300x200.jpg\" data-orig-src=\"https:\/\/sadudelangedata.blob.core.windows.net\/files\/2025\/04\/VdD_Marche-Populaire-IVV_iNET-72dpi-\u00a9-Marc-Lazzarini-standart-35-300x200.jpg\" alt=\"\" width=\"300\" height=\"200\" srcset=\"data:image\/svg+xml,%3Csvg%20xmlns%3D%27http%3A%2F%2Fwww.w3.org%2F2000%2Fsvg%27%20width%3D%27300%27%20height%3D%27200%27%20viewBox%3D%270%200%20300%20200%27%3E%3Crect%20width%3D%27300%27%20height%3D%27200%27%20fill-opacity%3D%220%22%2F%3E%3C%2Fsvg%3E\" data-srcset=\"https:\/\/sadudelangedata.blob.core.windows.net\/files\/2025\/04\/VdD_Marche-Populaire-IVV_iNET-72dpi-\u00a9-Marc-Lazzarini-standart-35-200x133.jpg 200w, https:\/\/sadudelangedata.blob.core.windows.net\/files\/2025\/04\/VdD_Marche-Populaire-IVV_iNET-72dpi-\u00a9-Marc-Lazzarini-standart-35-300x200.jpg 300w, https:\/\/sadudelangedata.blob.core.windows.net\/files\/2025\/04\/VdD_Marche-Populaire-IVV_iNET-72dpi-\u00a9-Marc-Lazzarini-standart-35-400x267.jpg 400w, https:\/\/sadudelangedata.blob.core.windows.net\/files\/2025\/04\/VdD_Marche-Populaire-IVV_iNET-72dpi-\u00a9-Marc-Lazzarini-standart-35-600x400.jpg 600w, https:\/\/sadudelangedata.blob.core.windows.net\/files\/2025\/04\/VdD_Marche-Populaire-IVV_iNET-72dpi-\u00a9-Marc-Lazzarini-standart-35-768x512.jpg 768w, https:\/\/sadudelangedata.blob.core.windows.net\/files\/2025\/04\/VdD_Marche-Populaire-IVV_iNET-72dpi-\u00a9-Marc-Lazzarini-standart-35-800x533.jpg 800w, https:\/\/sadudelangedata.blob.core.windows.net\/files\/2025\/04\/VdD_Marche-Populaire-IVV_iNET-72dpi-\u00a9-Marc-Lazzarini-standart-35-1024x683.jpg 1024w, https:\/\/sadudelangedata.blob.core.windows.net\/files\/2025\/04\/VdD_Marche-Populaire-IVV_iNET-72dpi-\u00a9-Marc-Lazzarini-standart-35-1200x800.jpg 1200w, https:\/\/sadudelangedata.blob.core.windows.net\/files\/2025\/04\/VdD_Marche-Populaire-IVV_iNET-72dpi-\u00a9-Marc-Lazzarini-standart-35-1536x1024.jpg 1536w\" data-sizes=\"auto\" data-orig-sizes=\"(max-width: 300px) 100vw, 300px\" \/><\/td>\n<td style=\"width: 25%;\"><img decoding=\"async\" class=\"lazyload size-medium wp-image-27420 aligncenter\" src=\"https:\/\/sadudelangedata.blob.core.windows.net\/files\/2025\/04\/VdD_Marche-Populaire-IVV_iNET-72dpi-\u00a9-Marc-Lazzarini-standart-38-300x200.jpg\" data-orig-src=\"https:\/\/sadudelangedata.blob.core.windows.net\/files\/2025\/04\/VdD_Marche-Populaire-IVV_iNET-72dpi-\u00a9-Marc-Lazzarini-standart-38-300x200.jpg\" alt=\"\" width=\"300\" height=\"200\" srcset=\"data:image\/svg+xml,%3Csvg%20xmlns%3D%27http%3A%2F%2Fwww.w3.org%2F2000%2Fsvg%27%20width%3D%27300%27%20height%3D%27200%27%20viewBox%3D%270%200%20300%20200%27%3E%3Crect%20width%3D%27300%27%20height%3D%27200%27%20fill-opacity%3D%220%22%2F%3E%3C%2Fsvg%3E\" data-srcset=\"https:\/\/sadudelangedata.blob.core.windows.net\/files\/2025\/04\/VdD_Marche-Populaire-IVV_iNET-72dpi-\u00a9-Marc-Lazzarini-standart-38-200x133.jpg 200w, https:\/\/sadudelangedata.blob.core.windows.net\/files\/2025\/04\/VdD_Marche-Populaire-IVV_iNET-72dpi-\u00a9-Marc-Lazzarini-standart-38-300x200.jpg 300w, https:\/\/sadudelangedata.blob.core.windows.net\/files\/2025\/04\/VdD_Marche-Populaire-IVV_iNET-72dpi-\u00a9-Marc-Lazzarini-standart-38-400x267.jpg 400w, https:\/\/sadudelangedata.blob.core.windows.net\/files\/2025\/04\/VdD_Marche-Populaire-IVV_iNET-72dpi-\u00a9-Marc-Lazzarini-standart-38-600x400.jpg 600w, https:\/\/sadudelangedata.blob.core.windows.net\/files\/2025\/04\/VdD_Marche-Populaire-IVV_iNET-72dpi-\u00a9-Marc-Lazzarini-standart-38-768x512.jpg 768w, https:\/\/sadudelangedata.blob.core.windows.net\/files\/2025\/04\/VdD_Marche-Populaire-IVV_iNET-72dpi-\u00a9-Marc-Lazzarini-standart-38-800x533.jpg 800w, https:\/\/sadudelangedata.blob.core.windows.net\/files\/2025\/04\/VdD_Marche-Populaire-IVV_iNET-72dpi-\u00a9-Marc-Lazzarini-standart-38-1024x683.jpg 1024w, https:\/\/sadudelangedata.blob.core.windows.net\/files\/2025\/04\/VdD_Marche-Populaire-IVV_iNET-72dpi-\u00a9-Marc-Lazzarini-standart-38-1200x800.jpg 1200w, https:\/\/sadudelangedata.blob.core.windows.net\/files\/2025\/04\/VdD_Marche-Populaire-IVV_iNET-72dpi-\u00a9-Marc-Lazzarini-standart-38-1536x1024.jpg 1536w\" data-sizes=\"auto\" data-orig-sizes=\"(max-width: 300px) 100vw, 300px\" \/><\/td>\n<td style=\"width: 25%;\"><img decoding=\"async\" class=\"lazyload size-medium wp-image-27421 aligncenter\" src=\"https:\/\/sadudelangedata.blob.core.windows.net\/files\/2025\/04\/VdD_Marche-Populaire-IVV_iNET-72dpi-\u00a9-Marc-Lazzarini-standart-14-300x200.jpg\" data-orig-src=\"https:\/\/sadudelangedata.blob.core.windows.net\/files\/2025\/04\/VdD_Marche-Populaire-IVV_iNET-72dpi-\u00a9-Marc-Lazzarini-standart-14-300x200.jpg\" alt=\"\" width=\"300\" height=\"200\" srcset=\"data:image\/svg+xml,%3Csvg%20xmlns%3D%27http%3A%2F%2Fwww.w3.org%2F2000%2Fsvg%27%20width%3D%27300%27%20height%3D%27200%27%20viewBox%3D%270%200%20300%20200%27%3E%3Crect%20width%3D%27300%27%20height%3D%27200%27%20fill-opacity%3D%220%22%2F%3E%3C%2Fsvg%3E\" data-srcset=\"https:\/\/sadudelangedata.blob.core.windows.net\/files\/2025\/04\/VdD_Marche-Populaire-IVV_iNET-72dpi-\u00a9-Marc-Lazzarini-standart-14-200x133.jpg 200w, https:\/\/sadudelangedata.blob.core.windows.net\/files\/2025\/04\/VdD_Marche-Populaire-IVV_iNET-72dpi-\u00a9-Marc-Lazzarini-standart-14-300x200.jpg 300w, https:\/\/sadudelangedata.blob.core.windows.net\/files\/2025\/04\/VdD_Marche-Populaire-IVV_iNET-72dpi-\u00a9-Marc-Lazzarini-standart-14-400x267.jpg 400w, https:\/\/sadudelangedata.blob.core.windows.net\/files\/2025\/04\/VdD_Marche-Populaire-IVV_iNET-72dpi-\u00a9-Marc-Lazzarini-standart-14-600x400.jpg 600w, https:\/\/sadudelangedata.blob.core.windows.net\/files\/2025\/04\/VdD_Marche-Populaire-IVV_iNET-72dpi-\u00a9-Marc-Lazzarini-standart-14-768x512.jpg 768w, https:\/\/sadudelangedata.blob.core.windows.net\/files\/2025\/04\/VdD_Marche-Populaire-IVV_iNET-72dpi-\u00a9-Marc-Lazzarini-standart-14-800x533.jpg 800w, https:\/\/sadudelangedata.blob.core.windows.net\/files\/2025\/04\/VdD_Marche-Populaire-IVV_iNET-72dpi-\u00a9-Marc-Lazzarini-standart-14-1024x683.jpg 1024w, https:\/\/sadudelangedata.blob.core.windows.net\/files\/2025\/04\/VdD_Marche-Populaire-IVV_iNET-72dpi-\u00a9-Marc-Lazzarini-standart-14-1200x800.jpg 1200w, https:\/\/sadudelangedata.blob.core.windows.net\/files\/2025\/04\/VdD_Marche-Populaire-IVV_iNET-72dpi-\u00a9-Marc-Lazzarini-standart-14-1536x1024.jpg 1536w\" data-sizes=\"auto\" data-orig-sizes=\"(max-width: 300px) 100vw, 300px\" \/><\/td>\n<\/tr>\n<\/tbody>\n<\/table>\n<p><em>Photo \u00a9 Marc Lazzarini<\/em><\/p>\n<p><span class=\"fontstyle0\">Zweimal im Jahr veranstalten die Gehansbiergknappen eine gro\u00dfe IVVWanderung in D\u00fcdelingen. Jedes Mal nehmen um die 1.400 Wanderer und Wanderinnen daran teil. Neben den sonnt\u00e4glichen IVV-Wanderungen \u00fcber Land fahren die \u201eKnappen\u201c auch regelm\u00e4\u00dfig ins Ausland, um an IVVEuropiaden sowie Olympiaden teilzunehmen. Dieses Jahr verschl\u00e4gt es \u00fcber 50 Gehansbiergknappen vom <\/span><span class=\"fontstyle0\">12. bis zum 20. August f\u00fcr eine IVVOlympiade nach Tampere in Finnland.\u00a0<\/span><\/p>\n<div id=\"attachment_27422\" style=\"width: 1034px\" class=\"wp-caption aligncenter\"><img decoding=\"async\" aria-describedby=\"caption-attachment-27422\" class=\"lazyload wp-image-27422 size-large\" src=\"https:\/\/sadudelangedata.blob.core.windows.net\/files\/2025\/04\/VdD_Congres-Federation-Marche-Populaire-_iNET-72dpi-\u00a9-Marc-Lazzarini-standart-1-1024x683.jpg\" data-orig-src=\"https:\/\/sadudelangedata.blob.core.windows.net\/files\/2025\/04\/VdD_Congres-Federation-Marche-Populaire-_iNET-72dpi-\u00a9-Marc-Lazzarini-standart-1-1024x683.jpg\" width=\"1024\" height=\"683\" srcset=\"data:image\/svg+xml,%3Csvg%20xmlns%3D%27http%3A%2F%2Fwww.w3.org%2F2000%2Fsvg%27%20width%3D%271024%27%20height%3D%27683%27%20viewBox%3D%270%200%201024%20683%27%3E%3Crect%20width%3D%271024%27%20height%3D%27683%27%20fill-opacity%3D%220%22%2F%3E%3C%2Fsvg%3E\" data-srcset=\"https:\/\/sadudelangedata.blob.core.windows.net\/files\/2025\/04\/VdD_Congres-Federation-Marche-Populaire-_iNET-72dpi-\u00a9-Marc-Lazzarini-standart-1-200x133.jpg 200w, https:\/\/sadudelangedata.blob.core.windows.net\/files\/2025\/04\/VdD_Congres-Federation-Marche-Populaire-_iNET-72dpi-\u00a9-Marc-Lazzarini-standart-1-300x200.jpg 300w, https:\/\/sadudelangedata.blob.core.windows.net\/files\/2025\/04\/VdD_Congres-Federation-Marche-Populaire-_iNET-72dpi-\u00a9-Marc-Lazzarini-standart-1-400x267.jpg 400w, https:\/\/sadudelangedata.blob.core.windows.net\/files\/2025\/04\/VdD_Congres-Federation-Marche-Populaire-_iNET-72dpi-\u00a9-Marc-Lazzarini-standart-1-600x400.jpg 600w, https:\/\/sadudelangedata.blob.core.windows.net\/files\/2025\/04\/VdD_Congres-Federation-Marche-Populaire-_iNET-72dpi-\u00a9-Marc-Lazzarini-standart-1-768x512.jpg 768w, https:\/\/sadudelangedata.blob.core.windows.net\/files\/2025\/04\/VdD_Congres-Federation-Marche-Populaire-_iNET-72dpi-\u00a9-Marc-Lazzarini-standart-1-800x533.jpg 800w, https:\/\/sadudelangedata.blob.core.windows.net\/files\/2025\/04\/VdD_Congres-Federation-Marche-Populaire-_iNET-72dpi-\u00a9-Marc-Lazzarini-standart-1-1024x683.jpg 1024w, https:\/\/sadudelangedata.blob.core.windows.net\/files\/2025\/04\/VdD_Congres-Federation-Marche-Populaire-_iNET-72dpi-\u00a9-Marc-Lazzarini-standart-1-1200x800.jpg 1200w, https:\/\/sadudelangedata.blob.core.windows.net\/files\/2025\/04\/VdD_Congres-Federation-Marche-Populaire-_iNET-72dpi-\u00a9-Marc-Lazzarini-standart-1-1536x1024.jpg 1536w\" data-sizes=\"auto\" data-orig-sizes=\"(max-width: 1024px) 100vw, 1024px\" \/><p id=\"caption-attachment-27422\" class=\"wp-caption-text\">Die guten Seelen der Gehansbiergknappen: Chantal Klein, Pr\u00e4sidentin und Gilbert Marchi, Sekret\u00e4r \/ Photo \u00a9 Marc Lazzarini<\/p><\/div>\n<p><span class=\"fontstyle0\">In D\u00fcdelingen gibt es \u00fcbrigens zwei permanente Wanderwege \u00fcber 7 und 15 <\/span><span class=\"fontstyle0\">Kilometer. Die Startkarte erhalten Sie <\/span><span class=\"fontstyle0\">im Restaurant Amarcord im Centre <\/span><span class=\"fontstyle0\">Culturel opderschmelz. <\/span><\/p>\n<blockquote><p><span class=\"fontstyle0\">\u201eNeue Mitglieder sind bei den Gehansbiergknappen immer willkommen\u201c, so noch C<\/span><span class=\"fontstyle0\">hantal Klein.<\/span><\/p><\/blockquote>\n<p><strong>Infos:<\/strong><br \/>\n<span style=\"text-decoration: underline;\"><span style=\"color: #ef4030; text-decoration: underline;\"><a style=\"color: #ef4030; text-decoration: underline;\" href=\"http:\/\/www.gehansbiergknappen75.lu\" target=\"_blank\" rel=\"noopener\">www.gehansbiergknappen75.lu<\/a><\/span><\/span><\/p>\n<p><strong>Downloads:<\/strong><\/p>\n<p><strong>[PDF]<\/strong> <span style=\"text-decoration: underline;\"><span style=\"color: #ef4030;\"><a style=\"color: #ef4030; text-decoration: underline;\" href=\"https:\/\/sadudelangedata.blob.core.windows.net\/files\/2025\/04\/Gehansbiergknappen.pdf\" target=\"_blank\" rel=\"noopener\">Article Meng Stad \/ Artikel Meng Stad<\/a><\/span><\/span><\/p>\n<p><strong>[PDF]<\/strong> \u00a0<span style=\"text-decoration: underline;\"><span style=\"color: #ef4030;\"><a style=\"color: #ef4030; text-decoration: underline;\" title=\"Meng Stad 2025 \/ N\u00b01\" href=\"https:\/\/sadudelangedata.blob.core.windows.net\/files\/2025\/04\/MengStad-1-2025-WEB.pdf\" target=\"_blank\" rel=\"noopener\">Meng Stad 2025 \/ n\u00b01<\/a><\/span><\/span><\/p>\n","protected":false},"excerpt":{"rendered":"<p>Le 7 janvier 1975, l\u2018association Gehansbiergknappen 75 Butschebuerg asbl a vu le jour.<\/p>\n","protected":false},"featured_media":27412,"template":"","categories":[1],"class_list":["post-27411","actualites","type-actualites","status-publish","has-post-thumbnail","hentry","category-uncategorised"],"date_debut_affichage":"0000-00-00 00:00:00","date_fin_affichage":"0000-00-00 00:00:00","description_ecran":"","place_hotel_de_ville":"0","gare_dudelange_ville":"0","lycee_nic_biever":"0","preview":"0","visuel_prepare":false,"ordre_affichage_ecran":"0","featured_image_url":"https:\/\/sadudelangedata.blob.core.windows.net\/files\/2025\/04\/Gehansbiergknappen.jpg","publishpress_future_workflow_manual_trigger":{"enabledWorkflows":[]},"_links":{"self":[{"href":"https:\/\/www.dudelange.lu\/index.php\/wp-json\/wp\/v2\/actualites\/27411","targetHints":{"allow":["GET"]}}],"collection":[{"href":"https:\/\/www.dudelange.lu\/index.php\/wp-json\/wp\/v2\/actualites"}],"about":[{"href":"https:\/\/www.dudelange.lu\/index.php\/wp-json\/wp\/v2\/types\/actualites"}],"wp:featuredmedia":[{"embeddable":true,"href":"https:\/\/www.dudelange.lu\/index.php\/wp-json\/wp\/v2\/media\/27412"}],"wp:attachment":[{"href":"https:\/\/www.dudelange.lu\/index.php\/wp-json\/wp\/v2\/media?parent=27411"}],"wp:term":[{"taxonomy":"category","embeddable":true,"href":"https:\/\/www.dudelange.lu\/index.php\/wp-json\/wp\/v2\/categories?post=27411"}],"curies":[{"name":"wp","href":"https:\/\/api.w.org\/{rel}","templated":true}]}}