{"id":27473,"date":"2025-04-29T10:00:28","date_gmt":"2025-04-29T08:00:28","guid":{"rendered":"https:\/\/www.dudelange.lu\/?post_type=actualites&#038;p=27473"},"modified":"2025-04-22T16:11:36","modified_gmt":"2025-04-22T14:11:36","slug":"meng-stad-dudelange-devient-une-commune-sans-tabac","status":"publish","type":"actualites","link":"https:\/\/www.dudelange.lu\/index.php\/actualites\/meng-stad-dudelange-devient-une-commune-sans-tabac\/","title":{"rendered":"Meng Stad : Dudelange devient une commune sans tabac"},"content":{"rendered":"<p><span class=\"fontstyle0\">En juin 2024, Dudelange a rejoint la strat\u00e9gie nationale \u00ab G\u00e9n\u00e9ration sans tabac \u00bb. Les responsables communaux\u00b7ales ont \u00e0 c\u0153ur la sant\u00e9 de leurs 22 000 citoyen\u00b7nes. Nos enfants et nos jeunes sont particuli\u00e8rement vuln\u00e9rables et doivent \u00eatre prot\u00e9g\u00e9\u00b7es. En octobre de l\u2018ann\u00e9e derni\u00e8re, la Directrice de la Fondation Cancer Luxembourg, Margot Heirendt, a d\u00e9cern\u00e9 \u00e0 Dudelange le label de bronze \u00ab Commune sans tabac \u2013 G\u00e9n\u00e9ration sans tabac \u00bb. <\/span><span class=\"fontstyle0\">Dans ce contexte, le bourgmestre Dan Biancalana a d\u00e9clar\u00e9 : <\/span><\/p>\n<blockquote><p><span class=\"fontstyle0\">\u00ab Cet engagement est un \u00e9l\u00e9ment important de notre travail de pr\u00e9vention que nos services comp\u00e9tents m\u00e8nent sur le territoire de la ville. Nous souhaitons donc sensibiliser nos citoyen\u00b7nes, principalement les jeunes, aux dangers du tabagisme. Notre objectif est de devenir une commune sans tabac d\u2018ici 2040. \u00bb<\/span><\/p><\/blockquote>\n<div id=\"attachment_27474\" style=\"width: 1034px\" class=\"wp-caption aligncenter\"><img decoding=\"async\" aria-describedby=\"caption-attachment-27474\" class=\"lazyload wp-image-27474 size-large\" src=\"https:\/\/sadudelangedata.blob.core.windows.net\/files\/2025\/04\/VdD_Project_GemengOuniTabac_DirectriceEchevinPhoto_2024_iNet72dpi\u00a9MichaelDias-standart-3-1024x683.jpg\" data-orig-src=\"https:\/\/sadudelangedata.blob.core.windows.net\/files\/2025\/04\/VdD_Project_GemengOuniTabac_DirectriceEchevinPhoto_2024_iNet72dpi\u00a9MichaelDias-standart-3-1024x683.jpg\" width=\"1024\" height=\"683\" srcset=\"data:image\/svg+xml,%3Csvg%20xmlns%3D%27http%3A%2F%2Fwww.w3.org%2F2000%2Fsvg%27%20width%3D%271024%27%20height%3D%27683%27%20viewBox%3D%270%200%201024%20683%27%3E%3Crect%20width%3D%271024%27%20height%3D%27683%27%20fill-opacity%3D%220%22%2F%3E%3C%2Fsvg%3E\" data-srcset=\"https:\/\/sadudelangedata.blob.core.windows.net\/files\/2025\/04\/VdD_Project_GemengOuniTabac_DirectriceEchevinPhoto_2024_iNet72dpi\u00a9MichaelDias-standart-3-200x133.jpg 200w, https:\/\/sadudelangedata.blob.core.windows.net\/files\/2025\/04\/VdD_Project_GemengOuniTabac_DirectriceEchevinPhoto_2024_iNet72dpi\u00a9MichaelDias-standart-3-300x200.jpg 300w, https:\/\/sadudelangedata.blob.core.windows.net\/files\/2025\/04\/VdD_Project_GemengOuniTabac_DirectriceEchevinPhoto_2024_iNet72dpi\u00a9MichaelDias-standart-3-400x267.jpg 400w, https:\/\/sadudelangedata.blob.core.windows.net\/files\/2025\/04\/VdD_Project_GemengOuniTabac_DirectriceEchevinPhoto_2024_iNet72dpi\u00a9MichaelDias-standart-3-600x400.jpg 600w, https:\/\/sadudelangedata.blob.core.windows.net\/files\/2025\/04\/VdD_Project_GemengOuniTabac_DirectriceEchevinPhoto_2024_iNet72dpi\u00a9MichaelDias-standart-3-768x512.jpg 768w, https:\/\/sadudelangedata.blob.core.windows.net\/files\/2025\/04\/VdD_Project_GemengOuniTabac_DirectriceEchevinPhoto_2024_iNet72dpi\u00a9MichaelDias-standart-3-800x533.jpg 800w, https:\/\/sadudelangedata.blob.core.windows.net\/files\/2025\/04\/VdD_Project_GemengOuniTabac_DirectriceEchevinPhoto_2024_iNet72dpi\u00a9MichaelDias-standart-3-1024x683.jpg 1024w, https:\/\/sadudelangedata.blob.core.windows.net\/files\/2025\/04\/VdD_Project_GemengOuniTabac_DirectriceEchevinPhoto_2024_iNet72dpi\u00a9MichaelDias-standart-3-1200x800.jpg 1200w, https:\/\/sadudelangedata.blob.core.windows.net\/files\/2025\/04\/VdD_Project_GemengOuniTabac_DirectriceEchevinPhoto_2024_iNet72dpi\u00a9MichaelDias-standart-3-1536x1024.jpg 1536w\" data-sizes=\"auto\" data-orig-sizes=\"(max-width: 1024px) 100vw, 1024px\" \/><p id=\"caption-attachment-27474\" class=\"wp-caption-text\">Photo \u00a9 Marc Lazzarini<\/p><\/div>\n<p><strong><span class=\"fontstyle0\">Pourquoi les communes jouent-elles un r\u00f4le cl\u00e9 ?<\/span><\/strong><\/p>\n<p><span class=\"fontstyle2\">Les communes labellis\u00e9es soutiennent non seulement l\u2018initiative, mais agissent \u00e9galement en mettant en \u0153uvre des mesures appropri\u00e9es telles que le marquage de zones non-fumeurs et l\u2018interdiction de fumer devant les b\u00e2timents communaux ou encore la mise \u00e0 disposition de consultations pour le sevrage tabagique pour les employ\u00e9\u00b7es com<span class=\"fontstyle0\">munaux\u00b7ales, en collaboration avec la Fondation Cancer. Du fait de leur proximit\u00e9 avec les citoyen\u00b7nes, les communes jouent un r\u00f4le d\u00e9cisif dans l\u2018introduction d\u2018habitudes durables et la construction d\u2018une soci\u00e9t\u00e9 plus saine, permettant aux enfants et aux adolescent\u00b7es de grandir dans un environnement sans tabac.<\/span>\u00a0<\/span><\/p>\n<p><img decoding=\"async\" class=\"lazyload aligncenter wp-image-27475 size-full\" src=\"https:\/\/sadudelangedata.blob.core.windows.net\/files\/2025\/04\/Logo-Commune-Sans-Tabac.jpg\" data-orig-src=\"https:\/\/sadudelangedata.blob.core.windows.net\/files\/2025\/04\/Logo-Commune-Sans-Tabac.jpg\" width=\"851\" height=\"454\" srcset=\"data:image\/svg+xml,%3Csvg%20xmlns%3D%27http%3A%2F%2Fwww.w3.org%2F2000%2Fsvg%27%20width%3D%27851%27%20height%3D%27454%27%20viewBox%3D%270%200%20851%20454%27%3E%3Crect%20width%3D%27851%27%20height%3D%27454%27%20fill-opacity%3D%220%22%2F%3E%3C%2Fsvg%3E\" data-srcset=\"https:\/\/sadudelangedata.blob.core.windows.net\/files\/2025\/04\/Logo-Commune-Sans-Tabac-200x107.jpg 200w, https:\/\/sadudelangedata.blob.core.windows.net\/files\/2025\/04\/Logo-Commune-Sans-Tabac-300x160.jpg 300w, https:\/\/sadudelangedata.blob.core.windows.net\/files\/2025\/04\/Logo-Commune-Sans-Tabac-400x213.jpg 400w, https:\/\/sadudelangedata.blob.core.windows.net\/files\/2025\/04\/Logo-Commune-Sans-Tabac-600x320.jpg 600w, https:\/\/sadudelangedata.blob.core.windows.net\/files\/2025\/04\/Logo-Commune-Sans-Tabac-768x410.jpg 768w, https:\/\/sadudelangedata.blob.core.windows.net\/files\/2025\/04\/Logo-Commune-Sans-Tabac-800x427.jpg 800w, https:\/\/sadudelangedata.blob.core.windows.net\/files\/2025\/04\/Logo-Commune-Sans-Tabac.jpg 851w\" data-sizes=\"auto\" data-orig-sizes=\"(max-width: 851px) 100vw, 851px\" \/><strong><span class=\"fontstyle0\">Quelques chiffres alarmants<\/span><\/strong><\/p>\n<p><span class=\"fontstyle2\">Au Luxembourg, plus d\u2018un quart (27 %)* des habitant\u00b7es de plus de 16 ans fument, ce qui repr\u00e9sente environ 149 000 personnes. Une situation qui stagne depuis 2019. La proportion de jeunes fumeur\u00b7ses est particuli\u00e8rement frappante. En 2023, 27 % des 16-24 ans (contre 24 % en 2022) ont d\u00e9clar\u00e9 fumer des cigarettes classiques. En outre, 47 % fument la chicha et 36 % (21 % en 2022) des cigarettes \u00e9lectroniques. <\/span><span class=\"fontstyle2\">La Fondation Cancer et ses partenaires ont d\u00e9cid\u00e9 d\u2018agir pour que les enfants et les adolescent\u00b7es d\u2018aujourd\u2018hui puissent grandir dans un environnement sans tabac et devenir d\u2018ici 2040 la premi\u00e8re \u00ab G\u00e9n\u00e9ration adulte sans tabac \u00bb. Entre-temps, 12 communes luxembourgeoises ont rejoint cette strat\u00e9gie.<\/span><\/p>\n<p><span class=\"fontstyle2\" style=\"font-size: 10pt;\">* Enqu\u00eate Ilres \u00ab Le Tabagisme au Luxembourg en 2023 \u00bb, de la Fondation Cancer et du minist\u00e8re de la Sant\u00e9 et de la S\u00e9curit\u00e9 sociale<\/span><\/p>\n<hr \/>\n<p>&nbsp;<\/p>\n<p><strong> <span class=\"fontstyle0\">D\u00fcdelingen wird zur tabakfreien Gemeinde<\/span><\/strong><\/p>\n<p><span class=\"fontstyle0\">Im Juni 2024 schloss sich D\u00fcdelingen der nationalen Strategie \u201eTabakfreies Luxemburg\u201c an. Den Gemeindeverantwortlichen liegt die Gesundheit der \u00fcber 22.000 B\u00fcrger*innen am Herzen. Vor allem unsere Kinder und Jugendlichen sind verletzlich und m\u00fcssen gesch\u00fctzt werden. Im Oktober letztes Jahr bekam D\u00fcdelingen das Bronze-Label \u201eTabakfreie Gemeinde \u2013 Tabakfreie Generation\u201c von der Direktorin der Fondation Cancer Luxembourg, Margot Heirendt, \u00fcberreicht.<\/span><\/p>\n<p><span class=\"fontstyle0\">Unser B\u00fcrgermeister Dan Biancalana machte vor diesem Hintergrund deutlich: <\/span><\/p>\n<blockquote><p><span class=\"fontstyle0\">\u201eDieses Engagement ist ein wichtiger Bestandteil unserer Pr\u00e4ventionsarbeit, die unsere daf\u00fcr zust\u00e4ndigen Dienststellen auf dem Stadtgebiet leisten. Wir m\u00f6chten deshalb unsere B\u00fcrger*innen, haupts\u00e4chlich die Jugendlichen, auf die Gefahren des Rauchens aufmerksam machen. Unser Ziel ist es, bis 2040 eine tabakfreie Gemeinde zu sein.\u00a0\u00bb<\/span><\/p><\/blockquote>\n<p><strong><span class=\"fontstyle0\">Warum spielen die Gemeinden eine Schl\u00fcsselrolle?<\/span><\/strong><\/p>\n<p><span class=\"fontstyle2\">Die mit dem Label ausgezeichneten Gemeinden unterst\u00fctzen nicht nur die Initiative, sondern handeln auch, indem sie geeignete Ma\u00dfnahmen umsetzen, wie: die Kennzeichnung von Nichtraucher*innenbereichen und das Rauchverbot vor Gemeindegeb\u00e4uden sowie Beratungsgespr\u00e4che zur Rauchentw\u00f6hnung f\u00fcr Gemeindemitarbeiter*innen in <span class=\"fontstyle0\">Zusammenarbeit mit der Fondation Cancer. <\/span><\/span><span class=\"fontstyle2\"><span class=\"fontstyle0\">Durch ihre N\u00e4he zu den B\u00fcrger*innen spielen die Gemeinden eine entscheidende Rolle bei der Einf\u00fchrung nachhaltiger Gewohnheiten und um eine ges\u00fcndere Gesellschaft aufzubauen, die es Kindern und Jugendlichen erm\u00f6glicht, in einer rauchfreien Umgebung aufzuwachsen.<\/span>\u00a0<\/span><\/p>\n<div id=\"attachment_27476\" style=\"width: 1034px\" class=\"wp-caption aligncenter\"><img decoding=\"async\" aria-describedby=\"caption-attachment-27476\" class=\"lazyload wp-image-27476 size-large\" src=\"https:\/\/sadudelangedata.blob.core.windows.net\/files\/2025\/04\/VdD_Project_GemengOuniTabac_DirectriceEchevinPhoto_2024_iNet72dpi\u00a9MichaelDias-standart-1-1024x683.jpg\" data-orig-src=\"https:\/\/sadudelangedata.blob.core.windows.net\/files\/2025\/04\/VdD_Project_GemengOuniTabac_DirectriceEchevinPhoto_2024_iNet72dpi\u00a9MichaelDias-standart-1-1024x683.jpg\" width=\"1024\" height=\"683\" srcset=\"data:image\/svg+xml,%3Csvg%20xmlns%3D%27http%3A%2F%2Fwww.w3.org%2F2000%2Fsvg%27%20width%3D%271024%27%20height%3D%27683%27%20viewBox%3D%270%200%201024%20683%27%3E%3Crect%20width%3D%271024%27%20height%3D%27683%27%20fill-opacity%3D%220%22%2F%3E%3C%2Fsvg%3E\" data-srcset=\"https:\/\/sadudelangedata.blob.core.windows.net\/files\/2025\/04\/VdD_Project_GemengOuniTabac_DirectriceEchevinPhoto_2024_iNet72dpi\u00a9MichaelDias-standart-1-200x133.jpg 200w, https:\/\/sadudelangedata.blob.core.windows.net\/files\/2025\/04\/VdD_Project_GemengOuniTabac_DirectriceEchevinPhoto_2024_iNet72dpi\u00a9MichaelDias-standart-1-300x200.jpg 300w, https:\/\/sadudelangedata.blob.core.windows.net\/files\/2025\/04\/VdD_Project_GemengOuniTabac_DirectriceEchevinPhoto_2024_iNet72dpi\u00a9MichaelDias-standart-1-400x267.jpg 400w, https:\/\/sadudelangedata.blob.core.windows.net\/files\/2025\/04\/VdD_Project_GemengOuniTabac_DirectriceEchevinPhoto_2024_iNet72dpi\u00a9MichaelDias-standart-1-600x400.jpg 600w, https:\/\/sadudelangedata.blob.core.windows.net\/files\/2025\/04\/VdD_Project_GemengOuniTabac_DirectriceEchevinPhoto_2024_iNet72dpi\u00a9MichaelDias-standart-1-768x512.jpg 768w, https:\/\/sadudelangedata.blob.core.windows.net\/files\/2025\/04\/VdD_Project_GemengOuniTabac_DirectriceEchevinPhoto_2024_iNet72dpi\u00a9MichaelDias-standart-1-800x533.jpg 800w, https:\/\/sadudelangedata.blob.core.windows.net\/files\/2025\/04\/VdD_Project_GemengOuniTabac_DirectriceEchevinPhoto_2024_iNet72dpi\u00a9MichaelDias-standart-1-1024x683.jpg 1024w, https:\/\/sadudelangedata.blob.core.windows.net\/files\/2025\/04\/VdD_Project_GemengOuniTabac_DirectriceEchevinPhoto_2024_iNet72dpi\u00a9MichaelDias-standart-1-1200x800.jpg 1200w, https:\/\/sadudelangedata.blob.core.windows.net\/files\/2025\/04\/VdD_Project_GemengOuniTabac_DirectriceEchevinPhoto_2024_iNet72dpi\u00a9MichaelDias-standart-1-1536x1024.jpg 1536w\" data-sizes=\"auto\" data-orig-sizes=\"(max-width: 1024px) 100vw, 1024px\" \/><p id=\"caption-attachment-27476\" class=\"wp-caption-text\">Photo \u00a9 Marc Lazzarini<\/p><\/div>\n<p><strong><span class=\"fontstyle0\">Einige alarmierende Zahlen<\/span><\/strong><\/p>\n<p><span class=\"fontstyle2\">In Luxemburg rauchen mehr als ein Viertel (27 %)* der Einwohner*innen \u00fcber 16 Jahre, was etwa 149.000 Personen entspricht. Eine Situation, die seit 2019 stagniert. Besonders auff\u00e4llig ist der Anteil der rauchenden Jugendlichen. Im Jahr 2023 gaben 27 % (im Vergleich zu 24 % im Jahr 2022) der 16- bis 24-J\u00e4hrigen an, klassische Zigaretten zu rauchen. Zudem konsumieren 47 % Shisha und 36 % (21 % im Jahr 2022) E-Zigaretten. <\/span><span class=\"fontstyle2\">Die Fondation Cancer und ihre Partner haben beschlossen, zu handeln, damit die Kinder und Jugendlichen von heute in einer rauchfreien Umgebung aufwachsen k\u00f6nnen und bis 2040 die erste \u201eErwachsenengeneration ohne Tabak\u201c werden. Bis heute haben sich 12 luxemburgische Gemeinden dieser Strategie angeschlossen. <\/span><span class=\"fontstyle3\">\u2022<\/span><\/p>\n<p><span style=\"font-size: 10pt;\"><span class=\"fontstyle2\">* Umfrage Ilres \u201eLe Tabagisme au Luxembourg en 2023\u201c, der Fondation <\/span><span class=\"fontstyle2\">Cancer sowie dem Gesundheits- und Sozialversicherungsministerium.<\/span><\/span><\/p>\n<p><strong>Downloads:<\/strong><\/p>\n<p><strong>[PDF]<\/strong> <span style=\"text-decoration: underline;\"><span style=\"color: #ef4030; text-decoration: underline;\"><a style=\"color: #ef4030; text-decoration: underline;\" href=\"https:\/\/sadudelangedata.blob.core.windows.net\/files\/2025\/04\/Commune-sans-tabac.pdf\" target=\"_blank\" rel=\"noopener\">Article Meng Stad \/ Artikel Meng Stad<\/a><\/span><\/span><\/p>\n<p><strong>[PDF]<\/strong> <span style=\"text-decoration: underline;\"><span style=\"color: #ef4030;\"><a style=\"color: #ef4030; text-decoration: underline;\" title=\"Meng Stad 2025 \/ N\u00b01\" href=\"https:\/\/sadudelangedata.blob.core.windows.net\/files\/2025\/04\/MengStad-1-2025-WEB.pdf\" target=\"_blank\" rel=\"noopener\">Meng Stad 2025 \/ n\u00b01<\/a><\/span><\/span><\/p>\n","protected":false},"excerpt":{"rendered":"<p>Notre objectif est de devenir une commune sans tabac d\u2018ici 2040.<\/p>\n","protected":false},"featured_media":27478,"template":"","categories":[1],"class_list":["post-27473","actualites","type-actualites","status-publish","has-post-thumbnail","hentry","category-uncategorised"],"date_debut_affichage":"0000-00-00 00:00:00","date_fin_affichage":"0000-00-00 00:00:00","description_ecran":"","place_hotel_de_ville":"0","gare_dudelange_ville":"0","lycee_nic_biever":"0","preview":"0","visuel_prepare":false,"ordre_affichage_ecran":"0","featured_image_url":"https:\/\/sadudelangedata.blob.core.windows.net\/files\/2025\/04\/Generation-sans-tabac.jpg","publishpress_future_workflow_manual_trigger":{"enabledWorkflows":[]},"_links":{"self":[{"href":"https:\/\/www.dudelange.lu\/index.php\/wp-json\/wp\/v2\/actualites\/27473","targetHints":{"allow":["GET"]}}],"collection":[{"href":"https:\/\/www.dudelange.lu\/index.php\/wp-json\/wp\/v2\/actualites"}],"about":[{"href":"https:\/\/www.dudelange.lu\/index.php\/wp-json\/wp\/v2\/types\/actualites"}],"wp:featuredmedia":[{"embeddable":true,"href":"https:\/\/www.dudelange.lu\/index.php\/wp-json\/wp\/v2\/media\/27478"}],"wp:attachment":[{"href":"https:\/\/www.dudelange.lu\/index.php\/wp-json\/wp\/v2\/media?parent=27473"}],"wp:term":[{"taxonomy":"category","embeddable":true,"href":"https:\/\/www.dudelange.lu\/index.php\/wp-json\/wp\/v2\/categories?post=27473"}],"curies":[{"name":"wp","href":"https:\/\/api.w.org\/{rel}","templated":true}]}}