{"id":27638,"date":"2025-05-13T15:51:45","date_gmt":"2025-05-13T13:51:45","guid":{"rendered":"https:\/\/www.dudelange.lu\/?post_type=actualites&#038;p=27638"},"modified":"2025-05-13T15:51:45","modified_gmt":"2025-05-13T13:51:45","slug":"site-neischmelz-de-lancien-atelier-de-reparation-des-wagons-au-hub-social","status":"publish","type":"actualites","link":"https:\/\/www.dudelange.lu\/index.php\/actualites\/site-neischmelz-de-lancien-atelier-de-reparation-des-wagons-au-hub-social\/","title":{"rendered":"Site NeiSchmelz : de l\u2019ancien atelier de r\u00e9paration des wagons au Hub social"},"content":{"rendered":"<p>Dans notre s\u00e9rie d\u2019articles sur l\u2019avancement des travaux du futur quartier NeiSchmelz, parlons aujourd\u2019hui de l\u2019activation du\u00a0<strong>Hub social\u00a0!<\/strong><\/p>\n<p>Rejoignez-nous\u00a0<strong>le samedi 17 mai<\/strong>\u00a0en famille pour participer \u00e0 ce grand \u00e9v\u00e9nement et \u00e0 de nombreuses autres activit\u00e9s qui se d\u00e9rouleront dans l\u2019un des b\u00e2timents historiques du site NeiSchmelz, situ\u00e9 juste en face du VeWa \u2013 le \u00ab\u00a0Vestiaire- Wagonnage\u00a0\u00bb : le futur \u00ab\u00a0Hub social\u00a0\u00bb.<\/p>\n<p><strong><br \/>\nQuelques mots sur l\u2018histoire de ce b\u00e2timent<br \/>\n<\/strong>Il s\u2019agit de l\u2019ancien atelier de r\u00e9paration des wagons construit vers 1900, dans le prolongement de la halle de coul\u00e9e des hauts fourneaux V+VI. Deux voies ferr\u00e9es menaient \u00e0 l\u2019atelier. Il fait partie des b\u00e2timents les plus anciens du site. Son \u00e2ge et sa construction particuli\u00e8re lui donnent une remarquable valeur historique. B\u00e2timent prot\u00e9g\u00e9, il sera pr\u00e9serv\u00e9 et r\u00e9nov\u00e9 conform\u00e9ment aux prescriptions de l\u2019INPA (Institut national pour le patrimoine architectural). Situ\u00e9 au c\u0153ur du projet NeiSchmelz, le Hub Social comprendra plusieurs espaces d\u00e9di\u00e9s \u00e0 diff\u00e9rents usages :<\/p>\n<ul>\n<li>Maison du projet : espaces pour des \u00e9v\u00e9nements publics et activit\u00e9s li\u00e9s au projet NeiSchmelz ainsi que des \u00e9v\u00e9nements li\u00e9s aux activit\u00e9s du Hub social.<br \/>\n\u2022 Salles polyvalentes et caf\u00e9 social : espaces pour des activit\u00e9s associatives, culturelles et sociales, organis\u00e9es par la Ville de Dudelange et ses partenaires.<br \/>\n\u2022 Espace collaboration pour les organisateur\u00b7rices de projets.<br \/>\n\u2022 Locaux d\u2019accueil du Fonds du Logement<\/li>\n<\/ul>\n<p>Le Hub social se compose de deux halles avec toiture \u00e0 deux pans. L\u2019une sera transform\u00e9e en un espace ext\u00e9rieur couvert, abritant la Maison du Projet. La charpente en bois et la ma\u00e7onnerie en brique seront remises en valeur. La nouvelle entr\u00e9e en fa\u00e7ade sud du b\u00e2timent constituera la nouvelle fa\u00e7ade principale et renforcera l\u2019ouverture sur la future place centrale.<\/p>\n<p>La seconde halle sera enti\u00e8rement isol\u00e9e et chauff\u00e9e. Un \u00e9tage en structure de bois y sera ajout\u00e9, permettant de conserver la vue sur certains \u00e9l\u00e9ments de la charpente, tout en laissant les nouveaux \u00e9l\u00e9ments en bois visibles.<\/p>\n<p><strong><br \/>\nLa c\u00e9l\u00e9bration des Saint\u00b7es de glace<br \/>\n<\/strong>La communaut\u00e9 du VeWa, en t\u00eate de laquelle se trouve le collectif d\u2019artistes DKollektiv (<a title=\"Www.dkollektiv.org\" href=\"http:\/\/www.dkollektiv.org\/\">www.dkollektiv.org<\/a>) c\u00e9l\u00e8bre depuis plusieurs ann\u00e9es d\u00e9j\u00e0 les Saint\u00b7es de glace au mois de mai, en organisant toute une s\u00e9rie d\u2019activit\u00e9s pour vivre ensemble l\u2019arriv\u00e9e du printemps. Ces activit\u00e9s se d\u00e9rouleront cette ann\u00e9e \u00e9galement dans le cadre du mois du respect (<a title=\"Www.moisdurespect.lu\" href=\"http:\/\/www.moisdurespect.lu\/\">www.moisdurespect.lu<\/a>) et engloberont l\u2019activation du Hub social.<\/p>\n<p>C\u00e9l\u00e9brez avec nous la f\u00eate des Saint\u00b7es de glace et profitez de la compagnie de la communaut\u00e9 VEWA en participant aux nombreuses activit\u00e9s. Venez passer une journ\u00e9e pleine de d\u00e9couvertes !<\/p>\n<p><u>Programme samedi 17.05.2025<\/u><\/p>\n<p>10h00 \u2013 12h00<br \/>\nBourse aux plantes -&gt; Urban Garden NeiSchmelz<\/p>\n<p>14h00 \u2013 18h00<br \/>\nMarch\u00e9 v\u00e9lo d\u2019occasion + atelier de r\u00e9paration<br \/>\nWorkshops<br \/>\nLectures d\u2019Anja Di Bartolomeo (autrice)<br \/>\nJeux &amp; animations pour enfants<br \/>\nConcert\u00a0: Kraizbiergband \u2013 Polyphonics<\/p>\n<p>Des stands d\u2019information seront \u00e9galement pr\u00e9sents, dont celui du Fonds du Logement, de OnePeople asbl, de la Croix-Rouge et de l\u2019association RespectEachOther.<\/p>\n<p>Nous vous attendons nombreux\u00b7ses\u00a0!<\/p>\n","protected":false},"excerpt":{"rendered":"<p>17.5.2025<\/p>\n","protected":false},"featured_media":27637,"template":"","categories":[],"class_list":["post-27638","actualites","type-actualites","status-publish","has-post-thumbnail","hentry"],"date_debut_affichage":"0000-00-00 00:00:00","date_fin_affichage":"0000-00-00 00:00:00","description_ecran":"","place_hotel_de_ville":"0","gare_dudelange_ville":"0","lycee_nic_biever":"0","preview":"0","visuel_prepare":false,"ordre_affichage_ecran":"0","featured_image_url":"https:\/\/sadudelangedata.blob.core.windows.net\/files\/2025\/05\/00_NORD_LD-scaled.jpeg","publishpress_future_workflow_manual_trigger":{"enabledWorkflows":[]},"_links":{"self":[{"href":"https:\/\/www.dudelange.lu\/index.php\/wp-json\/wp\/v2\/actualites\/27638","targetHints":{"allow":["GET"]}}],"collection":[{"href":"https:\/\/www.dudelange.lu\/index.php\/wp-json\/wp\/v2\/actualites"}],"about":[{"href":"https:\/\/www.dudelange.lu\/index.php\/wp-json\/wp\/v2\/types\/actualites"}],"wp:featuredmedia":[{"embeddable":true,"href":"https:\/\/www.dudelange.lu\/index.php\/wp-json\/wp\/v2\/media\/27637"}],"wp:attachment":[{"href":"https:\/\/www.dudelange.lu\/index.php\/wp-json\/wp\/v2\/media?parent=27638"}],"wp:term":[{"taxonomy":"category","embeddable":true,"href":"https:\/\/www.dudelange.lu\/index.php\/wp-json\/wp\/v2\/categories?post=27638"}],"curies":[{"name":"wp","href":"https:\/\/api.w.org\/{rel}","templated":true}]}}