{"id":27668,"date":"2025-05-21T11:00:21","date_gmt":"2025-05-21T09:00:21","guid":{"rendered":"https:\/\/www.dudelange.lu\/?post_type=actualites&#038;p=27668"},"modified":"2025-05-21T15:58:32","modified_gmt":"2025-05-21T13:58:32","slug":"les-evenements-de-cet-ete-a-dudelange","status":"publish","type":"actualites","link":"https:\/\/www.dudelange.lu\/index.php\/actualites\/les-evenements-de-cet-ete-a-dudelange\/","title":{"rendered":"Les \u00e9v\u00e9nements de cet \u00e9t\u00e9 \u00e0 Dudelange"},"content":{"rendered":"<p>&nbsp;<\/p>\n<p>&nbsp;<\/p>\n<p>&nbsp;<\/p>\n<p><strong>Les \u00e9v\u00e9nements de l\u2019\u00e9t\u00e9 2025 \u00e0 Dudelange : ambiance festive, conviviale et musicale <\/strong><\/p>\n<p>Ce mercredi 21 mai 2025 a eu lieu la conf\u00e9rence de presse de pr\u00e9sentation des<strong> \u00e9v\u00e9nements <\/strong>qui rendront<strong> l\u2019\u00e9t\u00e9 2025 \u00e0 Dudelange <\/strong>anim\u00e9 et festif.<\/p>\n<p>En commen\u00e7ant par la fin de ce mois de mai o\u00f9 a lieu la traditionnelle <strong>F\u00eate des Voisins<\/strong> qui cette ann\u00e9e encore battra son plein dans les diff\u00e9rents quartiers de notre ville. S\u2019en suivent le\u00a0<strong>Sweet Event<\/strong>\u00a0et le <strong>March\u00e9 alternatif<\/strong> le samedi 24 mai, qui sont devenus en \u00e0 peine quelques ann\u00e9es des incontournables de notre ville\u00a0!<\/p>\n<table style=\"border-collapse: collapse; width: 100%;\">\n<tbody>\n<tr>\n<td style=\"width: 50%;\"><img decoding=\"async\" class=\"lazyload size-medium wp-image-27701 aligncenter\" src=\"https:\/\/sadudelangedata.blob.core.windows.net\/files\/2025\/05\/VdD_Sweetevent-Alternativen-Maart_iNET72Dpi\u00a9-standart-18-300x200.jpg\" data-orig-src=\"https:\/\/sadudelangedata.blob.core.windows.net\/files\/2025\/05\/VdD_Sweetevent-Alternativen-Maart_iNET72Dpi\u00a9-standart-18-300x200.jpg\" alt=\"\" width=\"300\" height=\"200\" srcset=\"data:image\/svg+xml,%3Csvg%20xmlns%3D%27http%3A%2F%2Fwww.w3.org%2F2000%2Fsvg%27%20width%3D%27300%27%20height%3D%27200%27%20viewBox%3D%270%200%20300%20200%27%3E%3Crect%20width%3D%27300%27%20height%3D%27200%27%20fill-opacity%3D%220%22%2F%3E%3C%2Fsvg%3E\" data-srcset=\"https:\/\/sadudelangedata.blob.core.windows.net\/files\/2025\/05\/VdD_Sweetevent-Alternativen-Maart_iNET72Dpi\u00a9-standart-18-200x133.jpg 200w, https:\/\/sadudelangedata.blob.core.windows.net\/files\/2025\/05\/VdD_Sweetevent-Alternativen-Maart_iNET72Dpi\u00a9-standart-18-300x200.jpg 300w, https:\/\/sadudelangedata.blob.core.windows.net\/files\/2025\/05\/VdD_Sweetevent-Alternativen-Maart_iNET72Dpi\u00a9-standart-18-400x266.jpg 400w, https:\/\/sadudelangedata.blob.core.windows.net\/files\/2025\/05\/VdD_Sweetevent-Alternativen-Maart_iNET72Dpi\u00a9-standart-18-600x399.jpg 600w, https:\/\/sadudelangedata.blob.core.windows.net\/files\/2025\/05\/VdD_Sweetevent-Alternativen-Maart_iNET72Dpi\u00a9-standart-18-768x511.jpg 768w, https:\/\/sadudelangedata.blob.core.windows.net\/files\/2025\/05\/VdD_Sweetevent-Alternativen-Maart_iNET72Dpi\u00a9-standart-18-800x532.jpg 800w, https:\/\/sadudelangedata.blob.core.windows.net\/files\/2025\/05\/VdD_Sweetevent-Alternativen-Maart_iNET72Dpi\u00a9-standart-18-1024x682.jpg 1024w, https:\/\/sadudelangedata.blob.core.windows.net\/files\/2025\/05\/VdD_Sweetevent-Alternativen-Maart_iNET72Dpi\u00a9-standart-18-1200x799.jpg 1200w, https:\/\/sadudelangedata.blob.core.windows.net\/files\/2025\/05\/VdD_Sweetevent-Alternativen-Maart_iNET72Dpi\u00a9-standart-18-1536x1022.jpg 1536w\" data-sizes=\"auto\" data-orig-sizes=\"(max-width: 300px) 100vw, 300px\" \/><\/td>\n<td style=\"width: 50%;\"><img decoding=\"async\" class=\"lazyload size-medium wp-image-27702 aligncenter\" src=\"https:\/\/sadudelangedata.blob.core.windows.net\/files\/2025\/05\/VdD_Alternativen_Moart_Ouverture_2024_iNet72dpi\u00a9MichaelDias-standart-26-300x200.jpg\" data-orig-src=\"https:\/\/sadudelangedata.blob.core.windows.net\/files\/2025\/05\/VdD_Alternativen_Moart_Ouverture_2024_iNet72dpi\u00a9MichaelDias-standart-26-300x200.jpg\" alt=\"\" width=\"300\" height=\"200\" srcset=\"data:image\/svg+xml,%3Csvg%20xmlns%3D%27http%3A%2F%2Fwww.w3.org%2F2000%2Fsvg%27%20width%3D%27300%27%20height%3D%27200%27%20viewBox%3D%270%200%20300%20200%27%3E%3Crect%20width%3D%27300%27%20height%3D%27200%27%20fill-opacity%3D%220%22%2F%3E%3C%2Fsvg%3E\" data-srcset=\"https:\/\/sadudelangedata.blob.core.windows.net\/files\/2025\/05\/VdD_Alternativen_Moart_Ouverture_2024_iNet72dpi\u00a9MichaelDias-standart-26-200x133.jpg 200w, https:\/\/sadudelangedata.blob.core.windows.net\/files\/2025\/05\/VdD_Alternativen_Moart_Ouverture_2024_iNet72dpi\u00a9MichaelDias-standart-26-300x200.jpg 300w, https:\/\/sadudelangedata.blob.core.windows.net\/files\/2025\/05\/VdD_Alternativen_Moart_Ouverture_2024_iNet72dpi\u00a9MichaelDias-standart-26-400x267.jpg 400w, https:\/\/sadudelangedata.blob.core.windows.net\/files\/2025\/05\/VdD_Alternativen_Moart_Ouverture_2024_iNet72dpi\u00a9MichaelDias-standart-26-600x400.jpg 600w, https:\/\/sadudelangedata.blob.core.windows.net\/files\/2025\/05\/VdD_Alternativen_Moart_Ouverture_2024_iNet72dpi\u00a9MichaelDias-standart-26-768x512.jpg 768w, https:\/\/sadudelangedata.blob.core.windows.net\/files\/2025\/05\/VdD_Alternativen_Moart_Ouverture_2024_iNet72dpi\u00a9MichaelDias-standart-26-800x533.jpg 800w, https:\/\/sadudelangedata.blob.core.windows.net\/files\/2025\/05\/VdD_Alternativen_Moart_Ouverture_2024_iNet72dpi\u00a9MichaelDias-standart-26-1024x683.jpg 1024w, https:\/\/sadudelangedata.blob.core.windows.net\/files\/2025\/05\/VdD_Alternativen_Moart_Ouverture_2024_iNet72dpi\u00a9MichaelDias-standart-26-1200x800.jpg 1200w, https:\/\/sadudelangedata.blob.core.windows.net\/files\/2025\/05\/VdD_Alternativen_Moart_Ouverture_2024_iNet72dpi\u00a9MichaelDias-standart-26-1536x1024.jpg 1536w\" data-sizes=\"auto\" data-orig-sizes=\"(max-width: 300px) 100vw, 300px\" \/><\/td>\n<\/tr>\n<\/tbody>\n<\/table>\n<p>&nbsp;<\/p>\n<p>Un nouvel \u00e9v\u00e9nement vient ponctuer exceptionnellement notre printemps cette ann\u00e9e, pour le plus grand bonheur des fans de la petite reine\u00a0: <strong>le contre-la-montre de la Fl\u00e8che du Sud<\/strong> qui traversera notre ville le mercredi 28 mai.<\/p>\n<p>Nous cl\u00f4turons le mois de mai par la 4<sup>\u00e8me<\/sup> \u00e9dition d\u2019un festival qui a lui aussi pris d\u00e9finitivement ses marques \u00e0 Dudelange\u00a0: <strong>Usina25<\/strong>\u00a0! Il mise cette ann\u00e9e encore sur des artistes de renomm\u00e9e internationale pour assurer son succ\u00e8s\u00a0: Rea Garvey comme t\u00eate d\u2019affiche le vendredi 30 mai, ainsi que Kamrad, Jo\u00ebl Marques ou Miss Sapho\u00a0; Deus, Tuys, Fil Bo Riva, Mambo Schinki\u2026 et bien d\u2019autres encore le samedi 31 mai (jour d\u2019entr\u00e9e gratuite\u00a0!).<\/p>\n<p>Le festival <strong>Eat, Beat &amp; Culture<\/strong>, qui a lieu sur la place Thierry van Werveke du site NeiSchmelz, nous fait ensuite entrer dans un mois de juin tr\u00e8s anim\u00e9\u00a0! Ce festival associe de mani\u00e8re originale food trucks et musique \u00e9lectronique dans un d\u00e9cor industriel qui s\u2019y pr\u00eate \u00e0 merveille. S\u2019enchainent ensuite les \u00e9v\u00e9nements qui rassemblent chaque ann\u00e9e de nombreux\u00b7ses visiteur\u00b7ses de tout \u00e2ge, d\u2019ici et d\u2019ailleurs\u00a0: <strong>la<\/strong> <strong>Journ\u00e9e de la Famille et du Sport, les festivit\u00e9s de Veille de la F\u00eate nationale, la Kermesse d\u2019\u00e9t\u00e9, le Weekend italien, <\/strong>et bien s\u00fbr<strong> la F\u00eate de la Musique <\/strong>avec Cali Max\u00efmo, Park, Sch\u00ebppe Siwen, Maale Gars et plus de 50 autres artistes et qui rassemble chaque ann\u00e9e des milliers de fans de la Grande R\u00e9gion.<strong>\u00a0<\/strong><\/p>\n<table style=\"border-collapse: collapse; width: 100%;\">\n<tbody>\n<tr>\n<td style=\"width: 33.3333%;\"><img decoding=\"async\" class=\"lazyload size-medium wp-image-27703 aligncenter\" src=\"https:\/\/sadudelangedata.blob.core.windows.net\/files\/2025\/05\/VdD_Eat-Beat-Culture_iNET-72dpi-\u00a9-Marc-Lazzarini-standart-60-300x200.jpg\" data-orig-src=\"https:\/\/sadudelangedata.blob.core.windows.net\/files\/2025\/05\/VdD_Eat-Beat-Culture_iNET-72dpi-\u00a9-Marc-Lazzarini-standart-60-300x200.jpg\" alt=\"\" width=\"300\" height=\"200\" srcset=\"data:image\/svg+xml,%3Csvg%20xmlns%3D%27http%3A%2F%2Fwww.w3.org%2F2000%2Fsvg%27%20width%3D%27300%27%20height%3D%27200%27%20viewBox%3D%270%200%20300%20200%27%3E%3Crect%20width%3D%27300%27%20height%3D%27200%27%20fill-opacity%3D%220%22%2F%3E%3C%2Fsvg%3E\" data-srcset=\"https:\/\/sadudelangedata.blob.core.windows.net\/files\/2025\/05\/VdD_Eat-Beat-Culture_iNET-72dpi-\u00a9-Marc-Lazzarini-standart-60-200x133.jpg 200w, https:\/\/sadudelangedata.blob.core.windows.net\/files\/2025\/05\/VdD_Eat-Beat-Culture_iNET-72dpi-\u00a9-Marc-Lazzarini-standart-60-300x200.jpg 300w, https:\/\/sadudelangedata.blob.core.windows.net\/files\/2025\/05\/VdD_Eat-Beat-Culture_iNET-72dpi-\u00a9-Marc-Lazzarini-standart-60-400x267.jpg 400w, https:\/\/sadudelangedata.blob.core.windows.net\/files\/2025\/05\/VdD_Eat-Beat-Culture_iNET-72dpi-\u00a9-Marc-Lazzarini-standart-60-600x400.jpg 600w, https:\/\/sadudelangedata.blob.core.windows.net\/files\/2025\/05\/VdD_Eat-Beat-Culture_iNET-72dpi-\u00a9-Marc-Lazzarini-standart-60-768x512.jpg 768w, https:\/\/sadudelangedata.blob.core.windows.net\/files\/2025\/05\/VdD_Eat-Beat-Culture_iNET-72dpi-\u00a9-Marc-Lazzarini-standart-60-800x533.jpg 800w, https:\/\/sadudelangedata.blob.core.windows.net\/files\/2025\/05\/VdD_Eat-Beat-Culture_iNET-72dpi-\u00a9-Marc-Lazzarini-standart-60-1024x683.jpg 1024w, https:\/\/sadudelangedata.blob.core.windows.net\/files\/2025\/05\/VdD_Eat-Beat-Culture_iNET-72dpi-\u00a9-Marc-Lazzarini-standart-60-1200x800.jpg 1200w, https:\/\/sadudelangedata.blob.core.windows.net\/files\/2025\/05\/VdD_Eat-Beat-Culture_iNET-72dpi-\u00a9-Marc-Lazzarini-standart-60-1536x1024.jpg 1536w\" data-sizes=\"auto\" data-orig-sizes=\"(max-width: 300px) 100vw, 300px\" \/><\/td>\n<td style=\"width: 33.3333%;\"><img decoding=\"async\" class=\"lazyload size-medium wp-image-27704 aligncenter\" src=\"https:\/\/sadudelangedata.blob.core.windows.net\/files\/2025\/05\/VdD_Virowend-Nationalfeierdag_iNET-72dpi-\u00a9-Marc-Lazzarini-standart-196-300x198.jpg\" data-orig-src=\"https:\/\/sadudelangedata.blob.core.windows.net\/files\/2025\/05\/VdD_Virowend-Nationalfeierdag_iNET-72dpi-\u00a9-Marc-Lazzarini-standart-196-300x198.jpg\" alt=\"\" width=\"300\" height=\"198\" srcset=\"data:image\/svg+xml,%3Csvg%20xmlns%3D%27http%3A%2F%2Fwww.w3.org%2F2000%2Fsvg%27%20width%3D%27300%27%20height%3D%27198%27%20viewBox%3D%270%200%20300%20198%27%3E%3Crect%20width%3D%27300%27%20height%3D%27198%27%20fill-opacity%3D%220%22%2F%3E%3C%2Fsvg%3E\" data-srcset=\"https:\/\/sadudelangedata.blob.core.windows.net\/files\/2025\/05\/VdD_Virowend-Nationalfeierdag_iNET-72dpi-\u00a9-Marc-Lazzarini-standart-196-200x132.jpg 200w, https:\/\/sadudelangedata.blob.core.windows.net\/files\/2025\/05\/VdD_Virowend-Nationalfeierdag_iNET-72dpi-\u00a9-Marc-Lazzarini-standart-196-300x198.jpg 300w, https:\/\/sadudelangedata.blob.core.windows.net\/files\/2025\/05\/VdD_Virowend-Nationalfeierdag_iNET-72dpi-\u00a9-Marc-Lazzarini-standart-196-400x263.jpg 400w, https:\/\/sadudelangedata.blob.core.windows.net\/files\/2025\/05\/VdD_Virowend-Nationalfeierdag_iNET-72dpi-\u00a9-Marc-Lazzarini-standart-196-600x395.jpg 600w, https:\/\/sadudelangedata.blob.core.windows.net\/files\/2025\/05\/VdD_Virowend-Nationalfeierdag_iNET-72dpi-\u00a9-Marc-Lazzarini-standart-196-768x506.jpg 768w, https:\/\/sadudelangedata.blob.core.windows.net\/files\/2025\/05\/VdD_Virowend-Nationalfeierdag_iNET-72dpi-\u00a9-Marc-Lazzarini-standart-196-800x527.jpg 800w, https:\/\/sadudelangedata.blob.core.windows.net\/files\/2025\/05\/VdD_Virowend-Nationalfeierdag_iNET-72dpi-\u00a9-Marc-Lazzarini-standart-196-1024x675.jpg 1024w, https:\/\/sadudelangedata.blob.core.windows.net\/files\/2025\/05\/VdD_Virowend-Nationalfeierdag_iNET-72dpi-\u00a9-Marc-Lazzarini-standart-196-1200x790.jpg 1200w, https:\/\/sadudelangedata.blob.core.windows.net\/files\/2025\/05\/VdD_Virowend-Nationalfeierdag_iNET-72dpi-\u00a9-Marc-Lazzarini-standart-196-1536x1012.jpg 1536w\" data-sizes=\"auto\" data-orig-sizes=\"(max-width: 300px) 100vw, 300px\" \/><\/td>\n<td style=\"width: 33.3333%;\"><img decoding=\"async\" class=\"lazyload size-medium wp-image-27705 aligncenter\" src=\"https:\/\/sadudelangedata.blob.core.windows.net\/files\/2025\/05\/FDLM-web-300x200.jpg\" data-orig-src=\"https:\/\/sadudelangedata.blob.core.windows.net\/files\/2025\/05\/FDLM-web-300x200.jpg\" alt=\"\" width=\"300\" height=\"200\" srcset=\"data:image\/svg+xml,%3Csvg%20xmlns%3D%27http%3A%2F%2Fwww.w3.org%2F2000%2Fsvg%27%20width%3D%27300%27%20height%3D%27200%27%20viewBox%3D%270%200%20300%20200%27%3E%3Crect%20width%3D%27300%27%20height%3D%27200%27%20fill-opacity%3D%220%22%2F%3E%3C%2Fsvg%3E\" data-srcset=\"https:\/\/sadudelangedata.blob.core.windows.net\/files\/2025\/05\/FDLM-web-200x133.jpg 200w, https:\/\/sadudelangedata.blob.core.windows.net\/files\/2025\/05\/FDLM-web-300x200.jpg 300w, https:\/\/sadudelangedata.blob.core.windows.net\/files\/2025\/05\/FDLM-web-400x266.jpg 400w, https:\/\/sadudelangedata.blob.core.windows.net\/files\/2025\/05\/FDLM-web-600x399.jpg 600w, https:\/\/sadudelangedata.blob.core.windows.net\/files\/2025\/05\/FDLM-web-768x511.jpg 768w, https:\/\/sadudelangedata.blob.core.windows.net\/files\/2025\/05\/FDLM-web-800x532.jpg 800w, https:\/\/sadudelangedata.blob.core.windows.net\/files\/2025\/05\/FDLM-web-1024x682.jpg 1024w, https:\/\/sadudelangedata.blob.core.windows.net\/files\/2025\/05\/FDLM-web-1200x799.jpg 1200w, https:\/\/sadudelangedata.blob.core.windows.net\/files\/2025\/05\/FDLM-web-1536x1022.jpg 1536w\" data-sizes=\"auto\" data-orig-sizes=\"(max-width: 300px) 100vw, 300px\" \/><\/td>\n<\/tr>\n<\/tbody>\n<\/table>\n<p>&nbsp;<\/p>\n<p>Le mois de juillet poursuit en fanfare\u00a0: le \u00ab\u00a0<strong>Drumming<\/strong>\u00a0\u00bb, le traditionnel concert de percussion de l\u2019\u00c9cole de musique ouvre la marche\u00a0!\u00a0 Arrivent ensuite <strong>le petit-d\u00e9jeuner \u00e9quitable<\/strong> offert chaque ann\u00e9e aux habitant\u00b7es de Dudelange sur la place de l\u2019H\u00f4tel de Ville, qui a lieu le 5 juillet, quelques heures avant la <strong>F\u00eate des Cultures <\/strong>(5 et 6 juillet) avec e.a. Melane, Trio Mannijo et le Zaltimband.<\/p>\n<p>Les plus de 110 nationalit\u00e9s pr\u00e9sentes \u00e0 Dudelange s\u2019y c\u00f4toient autour de la musique, de la gastronomie du monde entier et d\u2019une ambiance sans \u00e9gale. Nos champion\u00b7nes, quant \u00e0 eux\u00b7elles, seront ovationn\u00e9\u00b7es pour leurs exploits de la saison le 10 juillet sur la place de l\u2019H\u00f4tel de Ville. Nous retrouvons la musique avec le \u00ab\u00a0<strong>Summerstage<\/strong>\u00a0\u00bb, le grand concert de l\u2019Harmonie municipale de Dudelange le 11 juillet, que les Dudelangeois\u00b7es attendent toujours avec impatience pour ses prouesses musicales chaque ann\u00e9e renouvel\u00e9es dans le d\u00e9cor verdoyant de la place Marc Zanussi, au c\u0153ur du parc Le\u2019h. Cette ann\u00e9e ils accompagneront le groupe de HipHop De L\u00e4b.<\/p>\n<p>Les afterworks \u00ab\u00a0<strong>So So Summer<\/strong>\u00a0\u00bb sur le parvis du Pomhouse (CNA) nous feront nous sentir en vacances chaque jeudi du 31 juillet au 9 septembre\u00a0! Les enfants ne sont pas en reste et profiteront juste avant leurs vacances scolaires du \u00ab\u00a0Summer, Spill a Spaass\u00a0\u00bb (13 juillet), o\u00f9 d\u2019innombrables activit\u00e9s leur sont propos\u00e9es toujours au parc Le\u2019h.<\/p>\n<p>Le mois d\u2019ao\u00fbt nous ram\u00e8nera \u00e0 l\u2019apaisement de la \u00ab\u00a0<strong>Poesie am Park<\/strong>\u00a0\u00bb \u00e0 la veille de l\u2019Assomption et au \u00ab\u00a0<strong>Hobbymoart<\/strong>\u00a0\u00bb le 30, qui rassemblera les amateur\u00b7rices de loisirs cr\u00e9atifs en tous genres.<\/p>\n<table style=\"border-collapse: collapse; width: 100%;\">\n<tbody>\n<tr>\n<td style=\"width: 50%;\"><img decoding=\"async\" class=\"lazyload size-medium wp-image-27707 aligncenter\" src=\"https:\/\/sadudelangedata.blob.core.windows.net\/files\/2025\/05\/VdD_Poesie-am-Park_iNET-72dpi-\u00a9-Marc-Lazzarini-standart-113-300x200.jpg\" data-orig-src=\"https:\/\/sadudelangedata.blob.core.windows.net\/files\/2025\/05\/VdD_Poesie-am-Park_iNET-72dpi-\u00a9-Marc-Lazzarini-standart-113-300x200.jpg\" alt=\"\" width=\"300\" height=\"200\" srcset=\"data:image\/svg+xml,%3Csvg%20xmlns%3D%27http%3A%2F%2Fwww.w3.org%2F2000%2Fsvg%27%20width%3D%27300%27%20height%3D%27200%27%20viewBox%3D%270%200%20300%20200%27%3E%3Crect%20width%3D%27300%27%20height%3D%27200%27%20fill-opacity%3D%220%22%2F%3E%3C%2Fsvg%3E\" data-srcset=\"https:\/\/sadudelangedata.blob.core.windows.net\/files\/2025\/05\/VdD_Poesie-am-Park_iNET-72dpi-\u00a9-Marc-Lazzarini-standart-113-200x133.jpg 200w, https:\/\/sadudelangedata.blob.core.windows.net\/files\/2025\/05\/VdD_Poesie-am-Park_iNET-72dpi-\u00a9-Marc-Lazzarini-standart-113-300x200.jpg 300w, https:\/\/sadudelangedata.blob.core.windows.net\/files\/2025\/05\/VdD_Poesie-am-Park_iNET-72dpi-\u00a9-Marc-Lazzarini-standart-113-400x267.jpg 400w, https:\/\/sadudelangedata.blob.core.windows.net\/files\/2025\/05\/VdD_Poesie-am-Park_iNET-72dpi-\u00a9-Marc-Lazzarini-standart-113-600x400.jpg 600w, https:\/\/sadudelangedata.blob.core.windows.net\/files\/2025\/05\/VdD_Poesie-am-Park_iNET-72dpi-\u00a9-Marc-Lazzarini-standart-113-768x512.jpg 768w, https:\/\/sadudelangedata.blob.core.windows.net\/files\/2025\/05\/VdD_Poesie-am-Park_iNET-72dpi-\u00a9-Marc-Lazzarini-standart-113-800x533.jpg 800w, https:\/\/sadudelangedata.blob.core.windows.net\/files\/2025\/05\/VdD_Poesie-am-Park_iNET-72dpi-\u00a9-Marc-Lazzarini-standart-113-1024x683.jpg 1024w, https:\/\/sadudelangedata.blob.core.windows.net\/files\/2025\/05\/VdD_Poesie-am-Park_iNET-72dpi-\u00a9-Marc-Lazzarini-standart-113-1200x800.jpg 1200w, https:\/\/sadudelangedata.blob.core.windows.net\/files\/2025\/05\/VdD_Poesie-am-Park_iNET-72dpi-\u00a9-Marc-Lazzarini-standart-113-1536x1024.jpg 1536w\" data-sizes=\"auto\" data-orig-sizes=\"(max-width: 300px) 100vw, 300px\" \/><\/td>\n<td style=\"width: 50%;\"><img decoding=\"async\" class=\"lazyload size-medium wp-image-27708 aligncenter\" src=\"https:\/\/sadudelangedata.blob.core.windows.net\/files\/2025\/05\/VdD_Muppenschwammen2023_iNET72Dpi-\u00a9-Marc-Lazzarini-standart-48-300x200.jpg\" data-orig-src=\"https:\/\/sadudelangedata.blob.core.windows.net\/files\/2025\/05\/VdD_Muppenschwammen2023_iNET72Dpi-\u00a9-Marc-Lazzarini-standart-48-300x200.jpg\" alt=\"\" width=\"300\" height=\"200\" srcset=\"data:image\/svg+xml,%3Csvg%20xmlns%3D%27http%3A%2F%2Fwww.w3.org%2F2000%2Fsvg%27%20width%3D%27300%27%20height%3D%27200%27%20viewBox%3D%270%200%20300%20200%27%3E%3Crect%20width%3D%27300%27%20height%3D%27200%27%20fill-opacity%3D%220%22%2F%3E%3C%2Fsvg%3E\" data-srcset=\"https:\/\/sadudelangedata.blob.core.windows.net\/files\/2025\/05\/VdD_Muppenschwammen2023_iNET72Dpi-\u00a9-Marc-Lazzarini-standart-48-200x133.jpg 200w, https:\/\/sadudelangedata.blob.core.windows.net\/files\/2025\/05\/VdD_Muppenschwammen2023_iNET72Dpi-\u00a9-Marc-Lazzarini-standart-48-300x200.jpg 300w, https:\/\/sadudelangedata.blob.core.windows.net\/files\/2025\/05\/VdD_Muppenschwammen2023_iNET72Dpi-\u00a9-Marc-Lazzarini-standart-48-400x267.jpg 400w, https:\/\/sadudelangedata.blob.core.windows.net\/files\/2025\/05\/VdD_Muppenschwammen2023_iNET72Dpi-\u00a9-Marc-Lazzarini-standart-48-600x400.jpg 600w, https:\/\/sadudelangedata.blob.core.windows.net\/files\/2025\/05\/VdD_Muppenschwammen2023_iNET72Dpi-\u00a9-Marc-Lazzarini-standart-48-768x512.jpg 768w, https:\/\/sadudelangedata.blob.core.windows.net\/files\/2025\/05\/VdD_Muppenschwammen2023_iNET72Dpi-\u00a9-Marc-Lazzarini-standart-48-800x533.jpg 800w, https:\/\/sadudelangedata.blob.core.windows.net\/files\/2025\/05\/VdD_Muppenschwammen2023_iNET72Dpi-\u00a9-Marc-Lazzarini-standart-48-1024x683.jpg 1024w, https:\/\/sadudelangedata.blob.core.windows.net\/files\/2025\/05\/VdD_Muppenschwammen2023_iNET72Dpi-\u00a9-Marc-Lazzarini-standart-48-1200x800.jpg 1200w, https:\/\/sadudelangedata.blob.core.windows.net\/files\/2025\/05\/VdD_Muppenschwammen2023_iNET72Dpi-\u00a9-Marc-Lazzarini-standart-48-1536x1024.jpg 1536w\" data-sizes=\"auto\" data-orig-sizes=\"(max-width: 300px) 100vw, 300px\" \/><\/td>\n<\/tr>\n<\/tbody>\n<\/table>\n<p>&nbsp;<\/p>\n<p>Avant de clore en beaut\u00e9 la saison avec une autre \u00e9dition du <strong>March\u00e9 alternatif<\/strong> et du <strong>Sweet Event <\/strong>fin septembre, nous emmagasinerons une r\u00e9serve d\u2019\u00e9nergie avant la rentr\u00e9e en passant un moment \u00e9poustouflant au Moyen-\u00c2ge \u00e0 la spectaculaire <strong>F\u00eate m\u00e9di\u00e9vale &#8211; Butschebuerger Buergfest <\/strong>(13 et 14 septembre) \u2013 qui re\u00e7oit chaque ann\u00e9e des milliers de visiteur\u00b7ses de la Grande R\u00e9gion \u2013, en nous baignant dans la joie et la bonne humeur avec nos compagnons canins pour la 3<sup>\u00e8me<\/sup> \u00e9dition de la baignade pour chiens \u00e0 la piscine en plein air (14 septembre), et en profitant de la <strong>Journ\u00e9e de la Mobilit\u00e9<\/strong> et de ses nombreuses activit\u00e9s au centre-ville (20 septembre).<\/p>\n<p>&nbsp;<\/p>\n<p><strong>Retrouvez toutes les informations en cliquant sur les liens :<\/strong><\/p>\n<p><span style=\"text-decoration: underline; color: #ef4030;\"><span style=\"text-decoration: underline;\"><a style=\"color: #ef4030; text-decoration: underline;\" href=\"https:\/\/sadudelangedata.blob.core.windows.net\/files\/2025\/05\/Brochure-Summer-Events-2025-web.pdf\" target=\"_blank\" rel=\"noopener\">Brochure Summer Events 2025<\/a><br \/>\n<\/span><\/span><span style=\"text-decoration: underline;\"><span style=\"color: #ef4030;\"><a style=\"color: #ef4030; text-decoration: underline;\" href=\"https:\/\/sadudelangedata.blob.core.windows.net\/files\/2025\/05\/Programme-des-fetes-et-manifestations-ete-2025.pdf\" target=\"_blank\" rel=\"noopener\">Programme des f\u00eates et manifestations \u00e9t\u00e9 2025<\/a><\/span><\/span><\/p>\n<p><strong><span style=\"color: #000000;\">F\u00eate de la Musique 2025 :<\/span><\/strong><br \/>\n<span style=\"color: #000000;\"><span style=\"text-decoration: underline;\"><span style=\"color: #ef4030; text-decoration: underline;\"><a style=\"color: #ef4030; text-decoration: underline;\" href=\"https:\/\/sadudelangedata.blob.core.windows.net\/files\/2025\/05\/FDLM2025_PressRelease_FR.pdf\" target=\"_blank\" rel=\"noopener\">Communiqu\u00e9 de presse FR<\/a><\/span><\/span> et <span style=\"text-decoration: underline;\"><span style=\"color: #ef4030; text-decoration: underline;\"><a style=\"color: #ef4030; text-decoration: underline;\" href=\"https:\/\/sadudelangedata.blob.core.windows.net\/files\/2025\/05\/FDLM2025_FAQ_FR.pdf\" target=\"_blank\" rel=\"noopener\">FAQ FR<\/a><\/span><\/span><\/span><br \/>\n<span style=\"color: #000000;\"><span style=\"text-decoration: underline;\"><span style=\"color: #ef4030; text-decoration: underline;\"><a style=\"color: #ef4030; text-decoration: underline;\" href=\"https:\/\/sadudelangedata.blob.core.windows.net\/files\/2025\/05\/FDLM2025_PressRelease_DE.pdf\" target=\"_blank\" rel=\"noopener\">Pressemitteilung DE<\/a><\/span><\/span> und<\/span> <span style=\"text-decoration: underline;\"><a style=\"color: #ef4030; text-decoration: underline;\" href=\"https:\/\/sadudelangedata.blob.core.windows.net\/files\/2025\/05\/FDLM2025_FAQ_DE.pdf\" target=\"_blank\" rel=\"noopener\">FAQ DE<\/a><\/span><br \/>\n<span style=\"color: #000000;\"><span style=\"text-decoration: underline;\"><span style=\"color: #ef4030; text-decoration: underline;\"><a style=\"color: #ef4030; text-decoration: underline;\" href=\"https:\/\/sadudelangedata.blob.core.windows.net\/files\/2025\/05\/FDLM2025_PressRelease_EN.pdf\" target=\"_blank\" rel=\"noopener\">PressRelease EN<\/a><\/span><\/span> and <span style=\"text-decoration: underline;\"><span style=\"color: #ef4030; text-decoration: underline;\"><a style=\"color: #ef4030; text-decoration: underline;\" href=\"https:\/\/sadudelangedata.blob.core.windows.net\/files\/2025\/05\/FDLM2025_FAQ_EN.pdf\" target=\"_blank\" rel=\"noopener\">FAQ EN<\/a><br \/>\n<a style=\"color: #ef4030; text-decoration: underline;\" href=\"https:\/\/sadudelangedata.blob.core.windows.net\/files\/2025\/05\/FDLM2025_Timetable.pdf\" target=\"_blank\" rel=\"noopener\">Programmation compl\u00e8te<\/a><\/span><\/span><\/span><\/p>\n<p><strong><span style=\"text-decoration: underline;\"><span style=\"color: #ef4030; text-decoration: underline;\"><a style=\"color: #ef4030; text-decoration: underline;\" href=\"https:\/\/www.youtube.com\/watch?v=HrmsCzcDwtA&amp;list=PLBAFo8tXOLYsB1yCiDTu9yHqTLAc59OAv&amp;index=5\" target=\"_blank\" rel=\"noopener\">Teaser Vid\u00e9o F\u00eate de la musique 2025<\/a><\/span><\/span><\/strong><\/p>\n<p><iframe src=\"\/\/www.youtube.com\/embed\/HrmsCzcDwtA?list=PLBAFo8tXOLYsB1yCiDTu9yHqTLAc59OAv&amp;index=5\" width=\"560\" height=\"314\" allowfullscreen=\"allowfullscreen\"><\/iframe><\/p>\n<p><strong>USINA25 :<\/strong><br \/>\n<span style=\"text-decoration: underline;\"><span style=\"color: #ef4030;\"><a style=\"color: #ef4030; text-decoration: underline;\" href=\"https:\/\/sadudelangedata.blob.core.windows.net\/files\/2025\/05\/USINA25_PressRelease_EN.pdf\" target=\"_blank\" rel=\"noopener\">PressRelease EN<\/a><\/span><\/span> and <span style=\"text-decoration: underline; color: #ef4030;\"><a style=\"color: #ef4030; text-decoration: underline;\" href=\"https:\/\/sadudelangedata.blob.core.windows.net\/files\/2025\/05\/USINA25_FAQ_EN.pdf\" target=\"_blank\" rel=\"noopener\">FAQ EN<\/a><\/span><\/p>\n<p><strong><span style=\"text-decoration: underline;\"><span style=\"color: #ef4030; text-decoration: underline;\"><a style=\"color: #ef4030; text-decoration: underline;\" href=\"https:\/\/www.youtube.com\/watch?v=pdFd5BF9VzI&amp;list=PLBAFo8tXOLYsB1yCiDTu9yHqTLAc59OAv&amp;index=4\" target=\"_blank\" rel=\"noopener\">Teaser Vid\u00e9o Usina 2025<\/a><\/span><\/span><\/strong><\/p>\n<p><iframe src=\"\/\/www.youtube.com\/embed\/pdFd5BF9VzI?list=PLBAFo8tXOLYsB1yCiDTu9yHqTLAc59OAv&amp;index=4\" width=\"560\" height=\"314\" allowfullscreen=\"allowfullscreen\"><\/iframe><\/p>\n<p><span style=\"text-decoration: underline; color: #ef4030;\"><a style=\"color: #ef4030;\" href=\"https:\/\/www.youtube.com\/watch?v=1fXjsqOWMi0&amp;list=PLBAFo8tXOLYsB1yCiDTu9yHqTLAc59OAv&amp;index=3\" target=\"_blank\" rel=\"noopener\"><strong>Vid\u00e9o Summerevents 2024 \u00e0 Dudelange<\/strong><\/a><\/span><\/p>\n<p><iframe src=\"\/\/www.youtube.com\/embed\/1fXjsqOWMi0?list=PLBAFo8tXOLYsB1yCiDTu9yHqTLAc59OAv&amp;index=3\" width=\"560\" height=\"314\" allowfullscreen=\"allowfullscreen\"><\/iframe><\/p>\n<p>&nbsp;<\/p>\n<p><span style=\"text-decoration: underline;\"><span style=\"color: #ef4030; text-decoration: underline;\"><a style=\"color: #ef4030; text-decoration: underline;\" href=\"https:\/\/open.spotify.com\/playlist\/6TYKgFs1TRzlLfTQuNoUMh\" target=\"_blank\" rel=\"noopener\"><strong>Playlist Spotify USINA25<\/strong><\/a><\/span><\/span><\/p>\n<div class=\"video-shortcode\"><iframe title=\"Spotify Embed: USINA25\" style=\"border-radius: 12px\" width=\"100%\" height=\"352\" frameborder=\"0\" allowfullscreen allow=\"autoplay; clipboard-write; encrypted-media; fullscreen; picture-in-picture\" loading=\"lazy\" src=\"https:\/\/open.spotify.com\/embed\/playlist\/6TYKgFs1TRzlLfTQuNoUMh?utm_source=oembed\"><\/iframe><\/div>\n<p>&nbsp;<\/p>\n<p><span style=\"text-decoration: underline;\"><span style=\"color: #ef4030; text-decoration: underline;\"><a style=\"color: #ef4030; text-decoration: underline;\" href=\"https:\/\/open.spotify.com\/playlist\/4Pzg9yP6eBt4DNrNPq1CqH\" target=\"_blank\" rel=\"noopener\"><strong>Playlist Spotify F\u00eate de la Musique 2025<\/strong><\/a><\/span><\/span><\/p>\n<div class=\"video-shortcode\"><iframe title=\"Spotify Embed: F\u00eate de la Musique Dudelange 2025\" style=\"border-radius: 12px\" width=\"100%\" height=\"352\" frameborder=\"0\" allowfullscreen allow=\"autoplay; clipboard-write; encrypted-media; fullscreen; picture-in-picture\" loading=\"lazy\" src=\"https:\/\/open.spotify.com\/embed\/playlist\/4Pzg9yP6eBt4DNrNPq1CqH?utm_source=oembed\"><\/iframe><\/div>\n<p>&nbsp;<\/p>\n","protected":false},"excerpt":{"rendered":"<p>Ambiance festive, conviviale et musicale<\/p>\n","protected":false},"featured_media":27692,"template":"","categories":[1],"class_list":["post-27668","actualites","type-actualites","status-publish","has-post-thumbnail","hentry","category-uncategorised"],"date_debut_affichage":"0000-00-00 00:00:00","date_fin_affichage":"0000-00-00 00:00:00","description_ecran":"","place_hotel_de_ville":"0","gare_dudelange_ville":"0","lycee_nic_biever":"0","preview":"0","visuel_prepare":false,"ordre_affichage_ecran":"0","featured_image_url":"https:\/\/sadudelangedata.blob.core.windows.net\/files\/2025\/05\/SummerEvents2025.png","publishpress_future_workflow_manual_trigger":{"enabledWorkflows":[]},"_links":{"self":[{"href":"https:\/\/www.dudelange.lu\/index.php\/wp-json\/wp\/v2\/actualites\/27668","targetHints":{"allow":["GET"]}}],"collection":[{"href":"https:\/\/www.dudelange.lu\/index.php\/wp-json\/wp\/v2\/actualites"}],"about":[{"href":"https:\/\/www.dudelange.lu\/index.php\/wp-json\/wp\/v2\/types\/actualites"}],"wp:featuredmedia":[{"embeddable":true,"href":"https:\/\/www.dudelange.lu\/index.php\/wp-json\/wp\/v2\/media\/27692"}],"wp:attachment":[{"href":"https:\/\/www.dudelange.lu\/index.php\/wp-json\/wp\/v2\/media?parent=27668"}],"wp:term":[{"taxonomy":"category","embeddable":true,"href":"https:\/\/www.dudelange.lu\/index.php\/wp-json\/wp\/v2\/categories?post=27668"}],"curies":[{"name":"wp","href":"https:\/\/api.w.org\/{rel}","templated":true}]}}