{"id":28128,"date":"2025-07-30T07:00:47","date_gmt":"2025-07-30T05:00:47","guid":{"rendered":"https:\/\/www.dudelange.lu\/?post_type=actualites&#038;p=28128"},"modified":"2025-07-30T11:25:50","modified_gmt":"2025-07-30T09:25:50","slug":"prix-culturel-2025-portrait-gerard-klamm","status":"publish","type":"actualites","link":"https:\/\/www.dudelange.lu\/index.php\/actualites\/prix-culturel-2025-portrait-gerard-klamm\/","title":{"rendered":"Prix culturel 2025 &#8211; Portrait G\u00e9rard Klamm"},"content":{"rendered":"<p>Le 11 juin, le Prix culturel 2025 a \u00e9t\u00e9 d\u00e9cern\u00e9 au centre culturel opderschmelz. Les laur\u00e9ats de cette ann\u00e9e sont : Romano Tommasini &amp; G\u00e9rard Klamm<\/p>\n<p>&nbsp;<\/p>\n<p><em>(F\u00fcr die deutsche Fassung, scrollen Sie bitte runter)<\/em><\/p>\n<p><strong>Portrait de G\u00e9rard Klamm<\/strong><\/p>\n<p><span class=\"fontstyle0\">Aujourd\u2018hui \u00e2g\u00e9 de 82 ans, G\u00e9rard Klamm s\u2018est d\u00e9couvert un hobby plut\u00f4t inhabituel pour occuper sa retraite. Depuis 25 ans, l\u2018ancien chauffeur de la direction de l\u2018ARBED est figurant et acteur devant la cam\u00e9ra. \u00c0 ce jour, ce Dudelangeois a particip\u00e9 \u00e0 201 films, s\u00e9ries, spots publicitaires et s\u00e9ances photo, nationaux et internationaux. G\u00e9rard Klamm est n\u00e9 le 12 ao\u00fbt 1942 \u00e0 Hettange-Grande. Apr\u00e8s avoir rencontr\u00e9 sa femme Marianne, ce tourneur de formation s\u2018est install\u00e9 \u00e0 Dudelange.<\/span><\/p>\n<div id=\"attachment_28129\" style=\"width: 1160px\" class=\"wp-caption aligncenter\"><img decoding=\"async\" aria-describedby=\"caption-attachment-28129\" class=\"lazyload wp-image-28129\" src=\"data:image\/svg+xml,%3Csvg%20xmlns%3D%27http%3A%2F%2Fwww.w3.org%2F2000%2Fsvg%27%20width%3D%271150%27%20height%3D%27647%27%20viewBox%3D%270%200%201150%20647%27%3E%3Crect%20width%3D%271150%27%20height%3D%27647%27%20fill-opacity%3D%220%22%2F%3E%3C%2Fsvg%3E\" data-orig-src=\"https:\/\/sadudelangedata.blob.core.windows.net\/files\/2025\/07\/GK2.jpg\" width=\"1150\" height=\"647\" \/><p id=\"caption-attachment-28129\" class=\"wp-caption-text\">Photo \u00a9 Marc Lazzarini<\/p><\/div>\n<p><strong><span class=\"fontstyle0\">Comment avez-vous d\u00e9couvert votre hobby ?<\/span><\/strong><\/p>\n<blockquote><p><span class=\"fontstyle2\">\u00ab Gr\u00e2ce \u00e0 mon fils. En 1990, il a particip\u00e9 en tant que figurant au film \u00ab Sherlock Holmes \u00bb avec Christopher Lee, qui incarnait Dracula. Une sc\u00e8ne a \u00e9t\u00e9 tourn\u00e9e au Th\u00e9\u00e2tre d\u2019Esch, dans laquelle mon fils apparaissait en gros plan \u00e0 la fin. Cela m\u2018a marqu\u00e9 \u00e0 l\u2018\u00e9poque et m\u2018a pouss\u00e9 \u00e0 me lancer dans ce nouveau hobby quelques ann\u00e9es plus tard, au moment de ma retraite. \u00bb<\/span><\/p><\/blockquote>\n<p><strong><span class=\"fontstyle0\">Comment devient-on figurant dans un film ?<\/span><\/strong><\/p>\n<blockquote><p><span class=\"fontstyle2\">\u00ab Le jour o\u00f9 j\u2018ai pris ma retraite, je me suis rendu dans une soci\u00e9t\u00e9 de production luxembourgeoise, o\u00f9 j\u2018ai \u00e9t\u00e9 imm\u00e9- diatement embauch\u00e9. Le lendemain, j\u2018ai pu jouer aux c\u00f4- t\u00e9s de John Malkovich et Willem Dafoe dans le r\u00f4le d\u2018un portier d\u2018h\u00f4tel dans le film \u00ab Shadow of the Vampire \u00bb. Ce fut un moment g\u00e9nial et le d\u00e9but d\u2018une longue carri\u00e8re. Parmi mes plus grands projets, je peux citer \u00ab Pinocchio \u00bb de Steve Barron, \u00ab Le Marchand de Venise \u00bb d\u2018Al Pacino et \u00ab George et le dragon \u00bb de Tom Reeve. Au fil des ans, j\u2018ai rencontr\u00e9 de nombreuses stars, certaines hollywoodiennes, telles que Catherine Deneuve, Scarlett Johansson ou Ralph Finnes. \u00bb<\/span><\/p><\/blockquote>\n<p><strong><span class=\"fontstyle0\">Que signifie pour vous le prix culturel de la Ville de Dudelange ?<\/span><\/strong><\/p>\n<blockquote><p><span class=\"fontstyle2\">\u00ab C\u2018est un grand honneur pour moi de recevoir ce prix. J\u2018en suis tr\u00e8s fier. Cela me motive \u00e9galement \u00e0 continuer \u00e0 jouer devant la cam\u00e9ra tant que cela me pla\u00eet. \u00bb<\/span><\/p><\/blockquote>\n<table style=\"border-collapse: collapse; width: 100%;\">\n<tbody>\n<tr>\n<td style=\"width: 33.3333%;\"><img decoding=\"async\" class=\"lazyload  wp-image-28131 aligncenter\" src=\"data:image\/svg+xml,%3Csvg%20xmlns%3D%27http%3A%2F%2Fwww.w3.org%2F2000%2Fsvg%27%20width%3D%27489%27%20height%3D%27363%27%20viewBox%3D%270%200%20489%20363%27%3E%3Crect%20width%3D%27489%27%20height%3D%27363%27%20fill-opacity%3D%220%22%2F%3E%3C%2Fsvg%3E\" data-orig-src=\"https:\/\/sadudelangedata.blob.core.windows.net\/files\/2025\/07\/Klamm-1.jpg\" alt=\"\" width=\"489\" height=\"363\" \/><\/td>\n<td style=\"width: 33.3333%;\"><img decoding=\"async\" class=\"lazyload  wp-image-28132 aligncenter\" src=\"data:image\/svg+xml,%3Csvg%20xmlns%3D%27http%3A%2F%2Fwww.w3.org%2F2000%2Fsvg%27%20width%3D%27498%27%20height%3D%27364%27%20viewBox%3D%270%200%20498%20364%27%3E%3Crect%20width%3D%27498%27%20height%3D%27364%27%20fill-opacity%3D%220%22%2F%3E%3C%2Fsvg%3E\" data-orig-src=\"https:\/\/sadudelangedata.blob.core.windows.net\/files\/2025\/07\/Klamm-3.jpg\" alt=\"\" width=\"498\" height=\"364\" \/><\/td>\n<td style=\"width: 33.3333%;\"><img decoding=\"async\" class=\"lazyload size-full wp-image-28133 aligncenter\" src=\"data:image\/svg+xml,%3Csvg%20xmlns%3D%27http%3A%2F%2Fwww.w3.org%2F2000%2Fsvg%27%20width%3D%27749%27%20height%3D%27552%27%20viewBox%3D%270%200%20749%20552%27%3E%3Crect%20width%3D%27749%27%20height%3D%27552%27%20fill-opacity%3D%220%22%2F%3E%3C%2Fsvg%3E\" data-orig-src=\"https:\/\/sadudelangedata.blob.core.windows.net\/files\/2025\/07\/Klamm-6.jpg\" alt=\"\" width=\"749\" height=\"552\" \/><\/td>\n<\/tr>\n<\/tbody>\n<\/table>\n<p>Collection priv\u00e9e<\/p>\n<p>&nbsp;<\/p>\n<p><span style=\"text-decoration: underline;\"><strong>&gt;&gt; LAUDATIO G\u00e9rard Klamm &lt;&lt;<\/strong><\/span><\/p>\n<p><span class=\"fontstyle2\">C\u2018est l\u2018acteur et directeur de casting luxembourgeois <strong>Nilton Martins<\/strong> qui a prononc\u00e9 l\u2018\u00e9loge de G\u00e9rard Klamm. <strong><span style=\"text-decoration: underline;\"><span style=\"color: #ef4030; text-decoration: underline;\"><a style=\"color: #ef4030; text-decoration: underline;\" href=\"https:\/\/sadudelangedata.blob.core.windows.net\/files\/2025\/07\/Laudatio-Gerard-Klamm-FR.pdf\" target=\"_blank\" rel=\"noopener\">En cliquant sur ce lien<\/a><\/span><\/span><span style=\"color: #ef4030;\">,<\/span><\/strong> vous pourrez lire l\u2018\u00e9loge dans son int\u00e9gralit\u00e9.<\/span><\/p>\n<p>&#8211;<\/p>\n<p><strong>Am 11. Juni wurde der Kulturpreis 2025 im Kulturzentrum opderschmelz verliehen. Die diesj\u00e4hrigen Preistr\u00e4ger sind: Romano Tommasini &amp; G\u00e9rard Klamm<\/strong><\/p>\n<p><strong>Portr\u00e4t von G\u00e9rard Klamm<\/strong><\/p>\n<p><span class=\"fontstyle0\">Der heute 82-j\u00e4hrige G\u00e9rard Klamm hat im Rentenalter ein eher ungew\u00f6hnliches Hobby entwickelt. Seit 25 Jahren steht der ehemalige Chauffeur der ARBED-Direktion als Statist und Schauspieler vor der Kamera. Bis heute hat der D\u00fcdelinger in 201 nationalen und internationalen Filmen, Serien, Werbespots und Fotoshootings mitgewirkt. G\u00e9rard Klamm kam am 12. August 1942 in Gro\u00dfhettingen zur Welt. Als der gelernte Dreher seine Frau Marianne kennenlernte, zog er nach D\u00fcdelingen.<\/span><\/p>\n<table style=\"border-collapse: collapse; width: 100%;\">\n<tbody>\n<tr>\n<td style=\"width: 50%;\"><img decoding=\"async\" class=\"lazyload  wp-image-28135 aligncenter\" src=\"data:image\/svg+xml,%3Csvg%20xmlns%3D%27http%3A%2F%2Fwww.w3.org%2F2000%2Fsvg%27%20width%3D%27714%27%20height%3D%27526%27%20viewBox%3D%270%200%20714%20526%27%3E%3Crect%20width%3D%27714%27%20height%3D%27526%27%20fill-opacity%3D%220%22%2F%3E%3C%2Fsvg%3E\" data-orig-src=\"https:\/\/sadudelangedata.blob.core.windows.net\/files\/2025\/07\/Klamm-2.jpg\" alt=\"\" width=\"714\" height=\"526\" \/><\/td>\n<td style=\"width: 50%;\"><img decoding=\"async\" class=\"lazyload  wp-image-28137 aligncenter\" src=\"data:image\/svg+xml,%3Csvg%20xmlns%3D%27http%3A%2F%2Fwww.w3.org%2F2000%2Fsvg%27%20width%3D%27704%27%20height%3D%27526%27%20viewBox%3D%270%200%20704%20526%27%3E%3Crect%20width%3D%27704%27%20height%3D%27526%27%20fill-opacity%3D%220%22%2F%3E%3C%2Fsvg%3E\" data-orig-src=\"https:\/\/sadudelangedata.blob.core.windows.net\/files\/2025\/07\/Klamm-8.jpg\" alt=\"\" width=\"704\" height=\"526\" \/><\/td>\n<\/tr>\n<\/tbody>\n<\/table>\n<p>Collection priv\u00e9e<\/p>\n<p><strong><span class=\"fontstyle0\">Wie sind Sie zu Ihrem Hobby gekommen?<\/span><\/strong><\/p>\n<p><span class=\"fontstyle2\">\u201eDurch meinen Sohn. Im Jahr 1990 hatte er als Statist im Film \u201eSherlock Holmes\u201c mit dem Dracula-Darsteller Christopher Lee mitgewirkt. Eine Szene wurde im Escher Theater gedreht, in der mein Sohn am Ende in einer Gro\u00dfaufnahme auf dem Bildschirm zu sehen war. Das hat mich damals gepr\u00e4gt und dazu gef\u00fchrt, dass ich einige Jahre sp\u00e4ter bei Rentenantritt mein neues Hobby aufnahm.<\/span><\/p>\n<p><strong><span class=\"fontstyle0\">Wie wird man Statist beim Film?<\/span><\/strong><\/p>\n<p><span class=\"fontstyle2\">\u201eAm Tag, als ich in Rente ging, f\u00fchrte mich mein erster Weg zu einer Luxemburger Produktionsfirma \u2013 und ich wurde sofort aufgenommen. Bereits am n\u00e4chsten Tag durfte ich an der Seite von John Malkovich und Willem Dafoe in einer Statistenrolle als Hotelportier im Film \u201eShadow of the Vampire\u201c auftreten. Das war ein genialer Moment und der Beginn einer langen Karriere. Zu meinen gr\u00f6\u00dften Projekten geh\u00f6ren unter anderem \u201ePinocchio\u201c von Steve Barron, \u201eDer Kaufmann von Venedig\u201c von Al Pacino und \u201eGeorge and the Dragon\u201c von Tom Reeve. Im Laufe der Jahre habe ich viele Hollywoodstars wie Catherine Deneuve, Scarlett Johansson oder Ralph Finnes kennengelernt.\u201c<\/span><\/p>\n<p><strong><span class=\"fontstyle0\">Welche Bedeutung hat der Kulturpreis der Stadt D\u00fcdelingen f\u00fcr Sie?<\/span><\/strong><\/p>\n<p><span class=\"fontstyle2\">\u201eEs ist mir eine gro\u00dfe Ehre, diesen Preis entgegennehmen zu d\u00fcrfen. Ich bin sehr stolz darauf. Er spornt mich auch dazu an, weiterhin vor der Kamera zu stehen, solange ich Spa\u00df daran habe.\u201c<\/span><\/p>\n<table style=\"border-collapse: collapse; width: 100%;\">\n<tbody>\n<tr>\n<td style=\"width: 33.3333%;\"><img decoding=\"async\" class=\"lazyload alignnone size-full wp-image-28139\" src=\"data:image\/svg+xml,%3Csvg%20xmlns%3D%27http%3A%2F%2Fwww.w3.org%2F2000%2Fsvg%27%20width%3D%272048%27%20height%3D%271365%27%20viewBox%3D%270%200%202048%201365%27%3E%3Crect%20width%3D%272048%27%20height%3D%271365%27%20fill-opacity%3D%220%22%2F%3E%3C%2Fsvg%3E\" data-orig-src=\"https:\/\/sadudelangedata.blob.core.windows.net\/files\/2025\/07\/VdD_Prix-Culturel_iNET-72dpi-\u00a9-Marc-Lazzarini-standart-42.jpg\" alt=\"\" width=\"2048\" height=\"1365\" \/><\/td>\n<td style=\"width: 33.3333%;\"><img decoding=\"async\" class=\"lazyload alignnone size-full wp-image-28140\" src=\"data:image\/svg+xml,%3Csvg%20xmlns%3D%27http%3A%2F%2Fwww.w3.org%2F2000%2Fsvg%27%20width%3D%272048%27%20height%3D%271365%27%20viewBox%3D%270%200%202048%201365%27%3E%3Crect%20width%3D%272048%27%20height%3D%271365%27%20fill-opacity%3D%220%22%2F%3E%3C%2Fsvg%3E\" data-orig-src=\"https:\/\/sadudelangedata.blob.core.windows.net\/files\/2025\/07\/VdD_Prix-Culturel_iNET-72dpi-\u00a9-Marc-Lazzarini-standart-32.jpg\" alt=\"\" width=\"2048\" height=\"1365\" \/><\/td>\n<td style=\"width: 33.3333%;\"><img decoding=\"async\" class=\"lazyload alignnone size-full wp-image-28141\" src=\"data:image\/svg+xml,%3Csvg%20xmlns%3D%27http%3A%2F%2Fwww.w3.org%2F2000%2Fsvg%27%20width%3D%272048%27%20height%3D%271365%27%20viewBox%3D%270%200%202048%201365%27%3E%3Crect%20width%3D%272048%27%20height%3D%271365%27%20fill-opacity%3D%220%22%2F%3E%3C%2Fsvg%3E\" data-orig-src=\"https:\/\/sadudelangedata.blob.core.windows.net\/files\/2025\/07\/VdD_Prix-Culturel_iNET-72dpi-\u00a9-Marc-Lazzarini-standart-37.jpg\" alt=\"\" width=\"2048\" height=\"1365\" \/><\/td>\n<\/tr>\n<\/tbody>\n<\/table>\n<p>Photos \u00a9 Marc Lazzarini<\/p>\n<p>&nbsp;<\/p>\n<p><span style=\"text-decoration: underline;\"><strong>&gt;&gt; LAUDATIO G\u00e9rard Klamm &lt;&lt;<\/strong><\/span><\/p>\n<p><span class=\"fontstyle2\">Auf G\u00e9rard Klamm hielt der Luxemburger Schauspieler und Casting-Direktor <strong>Nilton Martins<\/strong> die Laudatio. <strong><span style=\"text-decoration: underline;\"><span style=\"color: #ef4030; text-decoration: underline;\"><a style=\"color: #ef4030; text-decoration: underline;\" href=\"https:\/\/sadudelangedata.blob.core.windows.net\/files\/2025\/07\/Laudatio-Gerard-Klamm-LU.pdf\" target=\"_blank\" rel=\"noopener\">Wenn Sie auf diesen Link klicken<\/a><\/span><\/span><span style=\"color: #4e0000;\">,<\/span><\/strong> k\u00f6nnen Sie die Laudatio in voller L\u00e4nge auf Luxemburgisch lesen.<\/span><\/p>\n<p>&nbsp;<\/p>\n<p><strong>Downloads:<\/strong><\/p>\n<p><strong>[PDF]<\/strong> <span style=\"text-decoration: underline;\"><span style=\"color: #ef4030; text-decoration: underline;\"><a style=\"color: #ef4030; text-decoration: underline;\" href=\"https:\/\/sadudelangedata.blob.core.windows.net\/files\/2025\/08\/Gerard-Klamm.pdf\" target=\"_blank\" rel=\"noopener\">Article Meng Stad<\/a><\/span><\/span><\/p>\n<p><strong>[PDF]<\/strong> <span style=\"text-decoration: underline;\"><span style=\"color: #ef4030; text-decoration: underline;\"><a style=\"color: #ef4030; text-decoration: underline;\" href=\"https:\/\/sadudelangedata.blob.core.windows.net\/files\/2025\/07\/MengStad-2-2025-web.pdf\" target=\"_blank\" rel=\"noopener\">Meng Stad 2025 \/ n\u00b02<\/a><\/span><\/span><\/p>\n","protected":false},"excerpt":{"rendered":"<p>Portrait G\u00e9rard Klamm<\/p>\n","protected":false},"featured_media":28134,"template":"","categories":[],"class_list":["post-28128","actualites","type-actualites","status-publish","has-post-thumbnail","hentry"],"date_debut_affichage":"0000-00-00 00:00:00","date_fin_affichage":"0000-00-00 00:00:00","description_ecran":"","place_hotel_de_ville":"0","gare_dudelange_ville":"0","lycee_nic_biever":"0","preview":"0","visuel_prepare":false,"ordre_affichage_ecran":"0","featured_image_url":"https:\/\/sadudelangedata.blob.core.windows.net\/files\/2025\/07\/GK1.jpg","publishpress_future_workflow_manual_trigger":{"enabledWorkflows":[]},"_links":{"self":[{"href":"https:\/\/www.dudelange.lu\/index.php\/wp-json\/wp\/v2\/actualites\/28128","targetHints":{"allow":["GET"]}}],"collection":[{"href":"https:\/\/www.dudelange.lu\/index.php\/wp-json\/wp\/v2\/actualites"}],"about":[{"href":"https:\/\/www.dudelange.lu\/index.php\/wp-json\/wp\/v2\/types\/actualites"}],"wp:featuredmedia":[{"embeddable":true,"href":"https:\/\/www.dudelange.lu\/index.php\/wp-json\/wp\/v2\/media\/28134"}],"wp:attachment":[{"href":"https:\/\/www.dudelange.lu\/index.php\/wp-json\/wp\/v2\/media?parent=28128"}],"wp:term":[{"taxonomy":"category","embeddable":true,"href":"https:\/\/www.dudelange.lu\/index.php\/wp-json\/wp\/v2\/categories?post=28128"}],"curies":[{"name":"wp","href":"https:\/\/api.w.org\/{rel}","templated":true}]}}