{"id":28227,"date":"2025-08-08T09:00:27","date_gmt":"2025-08-08T07:00:27","guid":{"rendered":"https:\/\/www.dudelange.lu\/?post_type=actualites&#038;p=28227"},"modified":"2025-07-24T13:37:38","modified_gmt":"2025-07-24T11:37:38","slug":"meng-stad-le-pacte-communal","status":"publish","type":"actualites","link":"https:\/\/www.dudelange.lu\/index.php\/actualites\/meng-stad-le-pacte-communal\/","title":{"rendered":"Meng Stad : Le Pacte communal"},"content":{"rendered":"<p><span class=\"fontstyle0\">La Ville de Dudelange s\u2018engage pour une soci\u00e9t\u00e9 plus inclusive et plus diversifi\u00e9e. Dans ce contexte, un atelier organis\u00e9 par les services D\u00e9mocratie participative et Ensemble Quartiers Dudelange a eu lieu le 28 avril au Hall Polyvalent sur le th\u00e8me du b\u00e9n\u00e9volat et des rencontres interculturelles.<\/span><\/p>\n<p><em>(F\u00fcr die deutsche Fassung, scrollen Sie bitte runter)<\/em><\/p>\n<p><span class=\"fontstyle0\">La question centrale concernait la motivation \u00e0 s\u2018engager ou non dans le b\u00e9n\u00e9volat. En outre, des objectifs clairs et des mesures concr\u00e8tes ont \u00e9t\u00e9 d\u00e9velopp\u00e9s ensemble afin de promouvoir le vivre ensemble dans notre commune. <\/span><span class=\"fontstyle0\">40 Dudelangeois\u00b7es ont particip\u00e9 \u00e0 cet \u00e9change. Diff\u00e9rentes th\u00e9matiques ont \u00e9t\u00e9 abord\u00e9es. Qu\u2018en est-il du b\u00e9n\u00e9volat \u00e0 Dudelange ? Communique-t-on suffisamment sur les activit\u00e9s b\u00e9n\u00e9voles ? Comment le b\u00e9n\u00e9volat peut-il \u00eatre encourag\u00e9 ?<\/span><\/p>\n<table style=\"border-collapse: collapse; width: 100%;\">\n<tbody>\n<tr>\n<td style=\"width: 33.3333%;\"><img decoding=\"async\" class=\"lazyload alignnone size-full wp-image-28228\" src=\"data:image\/svg+xml,%3Csvg%20xmlns%3D%27http%3A%2F%2Fwww.w3.org%2F2000%2Fsvg%27%20width%3D%272048%27%20height%3D%271365%27%20viewBox%3D%270%200%202048%201365%27%3E%3Crect%20width%3D%272048%27%20height%3D%271365%27%20fill-opacity%3D%220%22%2F%3E%3C%2Fsvg%3E\" data-orig-src=\"https:\/\/sadudelangedata.blob.core.windows.net\/files\/2025\/07\/VdD_Atelier-citoyen\u00b7nes_iNET-72dpi-\u00a9-Marc-Lazzarini-standart-27.jpg\" alt=\"\" width=\"2048\" height=\"1365\" \/><\/td>\n<td style=\"width: 33.3333%;\"><img decoding=\"async\" class=\"lazyload alignnone size-full wp-image-28229\" src=\"data:image\/svg+xml,%3Csvg%20xmlns%3D%27http%3A%2F%2Fwww.w3.org%2F2000%2Fsvg%27%20width%3D%272048%27%20height%3D%271365%27%20viewBox%3D%270%200%202048%201365%27%3E%3Crect%20width%3D%272048%27%20height%3D%271365%27%20fill-opacity%3D%220%22%2F%3E%3C%2Fsvg%3E\" data-orig-src=\"https:\/\/sadudelangedata.blob.core.windows.net\/files\/2025\/07\/VdD_Atelier-citoyen\u00b7nes_iNET-72dpi-\u00a9-Marc-Lazzarini-standart-40.jpg\" alt=\"\" width=\"2048\" height=\"1365\" \/><\/td>\n<td style=\"width: 33.3333%;\"><img decoding=\"async\" class=\"lazyload alignnone size-full wp-image-28230\" src=\"data:image\/svg+xml,%3Csvg%20xmlns%3D%27http%3A%2F%2Fwww.w3.org%2F2000%2Fsvg%27%20width%3D%272048%27%20height%3D%271365%27%20viewBox%3D%270%200%202048%201365%27%3E%3Crect%20width%3D%272048%27%20height%3D%271365%27%20fill-opacity%3D%220%22%2F%3E%3C%2Fsvg%3E\" data-orig-src=\"https:\/\/sadudelangedata.blob.core.windows.net\/files\/2025\/07\/VdD_Atelier-citoyen\u00b7nes_iNET-72dpi-\u00a9-Marc-Lazzarini-standart-131.jpg\" alt=\"\" width=\"2048\" height=\"1365\" \/><\/td>\n<\/tr>\n<\/tbody>\n<\/table>\n<p><em>Photos \u00a9 Marc Lazzarini<\/em><\/p>\n<p><span class=\"fontstyle0\">A l\u2018aide d\u2018exemples concrets comme la F\u00eate des Voisins, le Caf\u00e9 des langues et la F\u00eate des cultures, les participant\u00b7es ont \u00e9t\u00e9 interrog\u00e9\u00b7es sur la mani\u00e8re dont ils vivent ces \u00e9v\u00e9- nements et sur ce qui pourrait \u00e9ventuellement \u00eatre am\u00e9lior\u00e9 pour parfaire le vivre ensemble. Ce fut un \u00e9change constructif avec de nombreuses id\u00e9es int\u00e9ressantes. <\/span><span class=\"fontstyle0\">Cet atelier a marqu\u00e9 le d\u00e9but d\u2019une s\u00e9rie pr\u00e9vue \u00e0 l\u2018avenir dans le cadre du pacte communal. Vous trouverez les d\u00e9tails de cet atelier et des autres sur jeparticipe.dudelange.lu dans la rubrique \u00ab Pacte communal \u00bb.<\/span><\/p>\n<p>&#8211;<\/p>\n<p><strong> <span class=\"fontstyle0\">Gemengepakt<\/span><\/strong><\/p>\n<p><span class=\"fontstyle0\">Die Stadt D\u00fcdelingen setzt sich f\u00fcr eine inklusivere und vielf\u00e4ltigere Gesellschaft ein. In diesem Zusammenhang fand am 28. April im Hall Polyvalent ein von den Dienststellen Partizipative Demokratie und Ensemble Quartiers Dudelange organisierter Workshop zum Thema Freiwilligenarbeit und interkulturelle Begegnungen statt.<\/span><\/p>\n<p><span class=\"fontstyle0\">Zentrale Frage war, was Menschen dazu bewegt, sich freiwillig zu engagieren \u2013 oder auch nicht. Dar\u00fcber hinaus wurden gemeinsam klare Ziele und konkrete Ma\u00dfnahmen entwickelt, um das Zusammenleben in unserer Gemeinde zu f\u00f6rdern.<\/span><\/p>\n<p><span class=\"fontstyle0\">40 D\u00fcdelinger*innen haben an diesem Austausch teilgenommen. Es wurden unterschiedliche Thematiken behandelt. Wie ist es um das Ehrenamt in D\u00fcdelingen bestellt? <\/span><span class=\"fontstyle0\">Wird ausreichend \u00fcber ehrenamtliche T\u00e4tigkeiten kommuniziert? Wie kann das Ehrenamt gef\u00f6rdert werden? <\/span><span class=\"fontstyle0\">Anhand konkreter Beispiele wie dem Nachbarschaftsfest, <\/span><span class=\"fontstyle0\">dem Sprachencaf\u00e9 und dem Fest der Kulturen wurden die <\/span><span class=\"fontstyle0\">Teilnehmer*innen befragt, wie sie diese Veranstaltungen <\/span><span class=\"fontstyle0\">erleben und was unter Umst\u00e4nden verbessert werden <\/span><span class=\"fontstyle0\">k\u00f6nnte, um das Zusammenleben zu verbessern.<\/span><\/p>\n<table style=\"border-collapse: collapse; width: 100%;\">\n<tbody>\n<tr>\n<td style=\"width: 33.3333%;\"><img decoding=\"async\" class=\"lazyload alignnone size-full wp-image-28232\" src=\"data:image\/svg+xml,%3Csvg%20xmlns%3D%27http%3A%2F%2Fwww.w3.org%2F2000%2Fsvg%27%20width%3D%272048%27%20height%3D%271363%27%20viewBox%3D%270%200%202048%201363%27%3E%3Crect%20width%3D%272048%27%20height%3D%271363%27%20fill-opacity%3D%220%22%2F%3E%3C%2Fsvg%3E\" data-orig-src=\"https:\/\/sadudelangedata.blob.core.windows.net\/files\/2025\/07\/VdD_CafeDesLangues_ServiceEnsemble_2023_iNet72dpi\u00a9MichaelDias-standart-1-29.jpg\" alt=\"\" width=\"2048\" height=\"1363\" \/><\/td>\n<td style=\"width: 33.3333%;\"><img decoding=\"async\" class=\"lazyload alignnone size-full wp-image-28233\" src=\"data:image\/svg+xml,%3Csvg%20xmlns%3D%27http%3A%2F%2Fwww.w3.org%2F2000%2Fsvg%27%20width%3D%272048%27%20height%3D%271365%27%20viewBox%3D%270%200%202048%201365%27%3E%3Crect%20width%3D%272048%27%20height%3D%271365%27%20fill-opacity%3D%220%22%2F%3E%3C%2Fsvg%3E\" data-orig-src=\"https:\/\/sadudelangedata.blob.core.windows.net\/files\/2025\/07\/VdD_Fete-des-Cultures_iNET-72dpi-\u00a9-Dias-standart-4.jpg\" alt=\"\" width=\"2048\" height=\"1365\" \/><\/td>\n<td style=\"width: 33.3333%;\"><img decoding=\"async\" class=\"lazyload alignnone size-full wp-image-28234\" src=\"data:image\/svg+xml,%3Csvg%20xmlns%3D%27http%3A%2F%2Fwww.w3.org%2F2000%2Fsvg%27%20width%3D%272048%27%20height%3D%271365%27%20viewBox%3D%270%200%202048%201365%27%3E%3Crect%20width%3D%272048%27%20height%3D%271365%27%20fill-opacity%3D%220%22%2F%3E%3C%2Fsvg%3E\" data-orig-src=\"https:\/\/sadudelangedata.blob.core.windows.net\/files\/2025\/07\/VdD_Fete-des-Cultures_iNET-72dpi-\u00a9-Marc-Lazzarini-standart-1.jpg\" alt=\"\" width=\"2048\" height=\"1365\" \/><\/td>\n<\/tr>\n<\/tbody>\n<\/table>\n<p><em>Photos \u00a9 Marc Lazzarini &amp; Michael Dias<\/em><\/p>\n<p><span class=\"fontstyle0\">Es war ein konstruktiver Austausch mit vielen interessanten Ideen. Dieser Workshop war der Auftakt einer ganzen Reihe, die k\u00fcnftig im Rahmen des Gemeindepakts geplant ist. Details zu diesem und weiteren Workshops finden Sie auf jeparticipe.dudelange.lu in der Rubrik \u201eGemeindepakt\u201c.<\/span><\/p>\n<p>&nbsp;<\/p>\n<p><strong>Downloads:<\/strong><\/p>\n<p><strong>[PDF]<\/strong> <span style=\"text-decoration: underline;\"><span style=\"color: #ef4030; text-decoration: underline;\"><a style=\"color: #ef4030; text-decoration: underline;\" href=\"https:\/\/sadudelangedata.blob.core.windows.net\/files\/2025\/08\/Pacte-communal.pdf\" target=\"_blank\" rel=\"noopener\">Article Meng Stad<\/a><\/span><\/span><\/p>\n<p><strong>[PDF]<\/strong> <span style=\"text-decoration: underline;\"><span style=\"color: #ef4030; text-decoration: underline;\"><a style=\"color: #ef4030; text-decoration: underline;\" href=\"https:\/\/sadudelangedata.blob.core.windows.net\/files\/2025\/07\/MengStad-2-2025-web.pdf\" target=\"_blank\" rel=\"noopener\">Meng Stad 2025 \/ n\u00b02<\/a><\/span><\/span><\/p>\n","protected":false},"excerpt":{"rendered":"<p>D\u00e9mocratie participative<\/p>\n","protected":false},"featured_media":28231,"template":"","categories":[1],"class_list":["post-28227","actualites","type-actualites","status-publish","has-post-thumbnail","hentry","category-uncategorised"],"date_debut_affichage":"0000-00-00 00:00:00","date_fin_affichage":"0000-00-00 00:00:00","description_ecran":"","place_hotel_de_ville":"0","gare_dudelange_ville":"0","lycee_nic_biever":"0","preview":"0","visuel_prepare":false,"ordre_affichage_ecran":"0","featured_image_url":"https:\/\/sadudelangedata.blob.core.windows.net\/files\/2025\/07\/Atelier-citoyennes.jpg","publishpress_future_workflow_manual_trigger":{"enabledWorkflows":[]},"_links":{"self":[{"href":"https:\/\/www.dudelange.lu\/index.php\/wp-json\/wp\/v2\/actualites\/28227","targetHints":{"allow":["GET"]}}],"collection":[{"href":"https:\/\/www.dudelange.lu\/index.php\/wp-json\/wp\/v2\/actualites"}],"about":[{"href":"https:\/\/www.dudelange.lu\/index.php\/wp-json\/wp\/v2\/types\/actualites"}],"wp:featuredmedia":[{"embeddable":true,"href":"https:\/\/www.dudelange.lu\/index.php\/wp-json\/wp\/v2\/media\/28231"}],"wp:attachment":[{"href":"https:\/\/www.dudelange.lu\/index.php\/wp-json\/wp\/v2\/media?parent=28227"}],"wp:term":[{"taxonomy":"category","embeddable":true,"href":"https:\/\/www.dudelange.lu\/index.php\/wp-json\/wp\/v2\/categories?post=28227"}],"curies":[{"name":"wp","href":"https:\/\/api.w.org\/{rel}","templated":true}]}}