{"id":28244,"date":"2025-08-11T09:00:28","date_gmt":"2025-08-11T07:00:28","guid":{"rendered":"https:\/\/www.dudelange.lu\/?post_type=actualites&#038;p=28244"},"modified":"2025-07-23T18:20:14","modified_gmt":"2025-07-23T16:20:14","slug":"meng-stad-100-ans-union-des-bons-amis-de-burange","status":"publish","type":"actualites","link":"https:\/\/www.dudelange.lu\/index.php\/actualites\/meng-stad-100-ans-union-des-bons-amis-de-burange\/","title":{"rendered":"Meng Stad : 100 ans Union des Bons Amis de Burange"},"content":{"rendered":"<p><span class=\"fontstyle0\">Il \u00e9tait une fois quatre c\u00e9libataires du quartier Burange \u00e0 Dudelange qui trouvaient qu\u2018il ne se passait plus grandchose dans leur village. Au cours d\u2018une soir\u00e9e entre amis, ils ont alors eu l\u2018id\u00e9e de cr\u00e9er une association de c\u00e9libataires afin de r\u00e9unir les habitant\u00b7es. Aussit\u00f4t dit, aussit\u00f4t fait. Le 1er avril 1925, l\u2018\u00ab Union des Bons Amis de Burange \u00bb voyait le jour. L\u2018association \u00e9tait exclusivement compos\u00e9e <\/span><span class=\"fontstyle0\">de c\u00e9libataires de Burange. Si l\u2018un d\u2018entre eux se mariait, il devait quitter l\u2018association.<\/span><\/p>\n<p><em>(F\u00fcr die deutsche Fassung, scrollen Sie bitte runter)<\/em><\/p>\n<p><span class=\"fontstyle0\">Deux fois par an, \u00e0 la Saint-Sylvestre et \u00e0 Carnaval, les c\u00e9- libataires montaient sur sc\u00e8ne (ils jouaient \u00e9galement les r\u00f4les f\u00e9minins) et faisaient rire tout le monde. Ensuite, on dansait et on faisait la f\u00eate jusque tard dans la nuit. Le jour de l\u2018Ascension 1939 s\u2019est d\u00e9roul\u00e9e la premi\u00e8re \u00ab Birenger Kiermes \u00bb &#8211; la kermesse de Burange &#8211; dans le cadre des c\u00e9l\u00e9brations du centenaire de l\u2018Ind\u00e9pendance. C\u2018est \u00e9galement cette ann\u00e9e-l\u00e0 que le c\u00e9l\u00e8bre \u00ab Kiermeslidd \u00bb (la chanson de la kermesse) de Burange, compos\u00e9 par Jeng Eiffes et Jemp Hoffmann, a vu le jour. Ce n\u2018est que sept ans plus tard, \u00e0 cause de la Seconde Guerre mondiale, que la deuxi\u00e8me kermesse a pu \u00eatre organis\u00e9e. Depuis, elle occupe une place importante dans le calendrier des \u00e9v\u00e9nements de Dudelange.\u00a0<\/span><\/p>\n<div id=\"attachment_28246\" style=\"width: 1207px\" class=\"wp-caption aligncenter\"><img decoding=\"async\" aria-describedby=\"caption-attachment-28246\" class=\"lazyload wp-image-28246\" src=\"data:image\/svg+xml,%3Csvg%20xmlns%3D%27http%3A%2F%2Fwww.w3.org%2F2000%2Fsvg%27%20width%3D%271197%27%20height%3D%27798%27%20viewBox%3D%270%200%201197%20798%27%3E%3Crect%20width%3D%271197%27%20height%3D%27798%27%20fill-opacity%3D%220%22%2F%3E%3C%2Fsvg%3E\" data-orig-src=\"https:\/\/sadudelangedata.blob.core.windows.net\/files\/2025\/07\/VdD_Union-des-bon-amis-100-joer_iNET-72dpi-\u00a9-Marc-Lazzarini-standart-49.jpg\" width=\"1197\" height=\"798\" \/><p id=\"caption-attachment-28246\" class=\"wp-caption-text\">Comit\u00e9 Union des Bons Amis de Burange \/ Photo \u00a9 Marc Lazzarini<\/p><\/div>\n<p><span class=\"fontstyle0\">En 1961, l\u2018association des c\u00e9libataires est devenue une association villageoise. Les femmes \u00e9taient d\u00e9sormais admises. Il fallait toutefois \u00eatre originaire de Burange et avoir au moins 15 ans. Au cours des ann\u00e9es suivantes, la Birenger Kiermes n\u2018a cess\u00e9 de s\u2018agrandir. C\u2018est \u00e0 cette \u00e9poque que la grande salle de la famille Wegener a \u00e9t\u00e9 construite, o\u00f9 de nombreux Dudelangeois\u00b7es ont d\u00e9j\u00e0 pass\u00e9 des moments joyeux et anim\u00e9s.<\/span><\/p>\n<p><span class=\"fontstyle0\">Depuis septembre 2022, Sylvie Peter est \u00e0 la t\u00eate de l\u2018Union des Bons Amis de Burange. Elle a succ\u00e9d\u00e9 \u00e0 Ren\u00e9 Wegener, qui a dirig\u00e9 l\u2018association pendant de nombreuses ann\u00e9es, jusqu\u2018\u00e0 son d\u00e9c\u00e8s le 8 juillet 2022. Sylvie, avec sa s\u0153ur Claudine et son fr\u00e8re Nico, ont grandi avec l\u2018association, comme bien d\u2018autres habitant\u00b7es de Burange. <\/span><\/p>\n<blockquote><p><span class=\"fontstyle0\">\u00ab Nos parents \u00e9taient d\u00e9j\u00e0 engag\u00e9s au sein de l\u2018Union des Bons Amis de Burange. Il \u00e9tait donc tout \u00e0 fait normal que nous, les enfants, soyons toujours pr\u00e9sents \u00bb, raconte Sylvie Peter. <\/span><\/p><\/blockquote>\n<p><span class=\"fontstyle0\">Ces g\u00e8nes-l\u00e0 se sont transmis. En plus de son mari, ses deux fils aident r\u00e9guli\u00e8rement \u00e0 l\u2018organisation des f\u00eates que l\u2018association pr\u00e9voit tout au long de l\u2018ann\u00e9e. Car aujourd\u2018hui encore, le principe est le m\u00eame qu\u2018il y a 100 ans : rassembler les g\u00e9n\u00e9rations, faire la f\u00eate ensemble et passer de bons moments.\u00a0<\/span><\/p>\n<table style=\"border-collapse: collapse; width: 100%;\">\n<tbody>\n<tr>\n<td style=\"width: 33.3333%;\"><img decoding=\"async\" class=\"lazyload size-full wp-image-28247 aligncenter\" src=\"data:image\/svg+xml,%3Csvg%20xmlns%3D%27http%3A%2F%2Fwww.w3.org%2F2000%2Fsvg%27%20width%3D%273661%27%20height%3D%272440%27%20viewBox%3D%270%200%203661%202440%27%3E%3Crect%20width%3D%273661%27%20height%3D%272440%27%20fill-opacity%3D%220%22%2F%3E%3C%2Fsvg%3E\" data-orig-src=\"https:\/\/sadudelangedata.blob.core.windows.net\/files\/2025\/07\/DSC_9627.jpg\" alt=\"\" width=\"3661\" height=\"2440\" \/><\/td>\n<td style=\"width: 33.3333%;\"><img decoding=\"async\" class=\"lazyload size-full wp-image-28248 aligncenter\" src=\"data:image\/svg+xml,%3Csvg%20xmlns%3D%27http%3A%2F%2Fwww.w3.org%2F2000%2Fsvg%27%20width%3D%274272%27%20height%3D%272848%27%20viewBox%3D%270%200%204272%202848%27%3E%3Crect%20width%3D%274272%27%20height%3D%272848%27%20fill-opacity%3D%220%22%2F%3E%3C%2Fsvg%3E\" data-orig-src=\"https:\/\/sadudelangedata.blob.core.windows.net\/files\/2025\/07\/DSC_9631.jpg\" alt=\"\" width=\"4272\" height=\"2848\" \/><\/td>\n<td style=\"width: 33.3333%;\"><img decoding=\"async\" class=\"lazyload size-full wp-image-28249 aligncenter\" src=\"data:image\/svg+xml,%3Csvg%20xmlns%3D%27http%3A%2F%2Fwww.w3.org%2F2000%2Fsvg%27%20width%3D%275472%27%20height%3D%273648%27%20viewBox%3D%270%200%205472%203648%27%3E%3Crect%20width%3D%275472%27%20height%3D%273648%27%20fill-opacity%3D%220%22%2F%3E%3C%2Fsvg%3E\" data-orig-src=\"https:\/\/sadudelangedata.blob.core.windows.net\/files\/2025\/07\/P1960328.jpg\" alt=\"\" width=\"5472\" height=\"3648\" \/><\/td>\n<\/tr>\n<\/tbody>\n<\/table>\n<p><em>Photos \u00a9 Radio Diddeleng<\/em><\/p>\n<p><strong> <span class=\"fontstyle0\">\u00ab La kermesse de Burange, c\u2018est comme une grande r\u00e9union de classe \u00bb<\/span><\/strong><\/p>\n<blockquote><p><span class=\"fontstyle0\">\u00ab La kermesse de Burange est toutefois le temps fort de l\u2018ann\u00e9e. Beaucoup de gens ne se voient pas toute l\u2018ann\u00e9e et se donnent rendez-vous \u00e0 Burange pour l\u2018Ascension. On a l\u2018impression d\u2018assister \u00e0 une grande r\u00e9union de classe o\u00f9 tout le monde se conna\u00eet \u00bb, explique Sylvie Peter, la pr\u00e9sidente, fi\u00e8re et souriante.\u00a0<\/span><\/p><\/blockquote>\n<p><span class=\"fontstyle0\">Les derniers mois ont \u00e9t\u00e9 un v\u00e9ritable d\u00e9fi organisationnel pour les onze membres du comit\u00e9 directeur et les plus de 80 membres de l\u2018association. En effet, en plus de la Birenger Kiermes, il a fallu organiser la grande f\u00eate d\u2018anniversaire des 100 ans. Le 24 mai, la c\u00e9l\u00e9bration s\u2019est d\u00e9roul\u00e9e en pr\u00e9-sence de nombreux invit\u00e9\u00b7es et ami\u00b7es dans la salle de la famille Wegener. L\u2018Harmonie Forge du Sud et la chorale St. Martin ont assur\u00e9 l\u2018accompagnement musical. Ce jour-l\u00e0, le nouveau drapeau de l\u2018association, arborant les armoiries de l\u2018Union des Bons Amis de Burange, a \u00e9t\u00e9 pr\u00e9sent\u00e9 au public et b\u00e9ni. La locomotive du \u00ab Birenger Zichelchen \u00bb, r\u00e9nov\u00e9e il y a un an, a \u00e9galement \u00e9t\u00e9 officiellement inaugur\u00e9e.<\/span><\/p>\n<p><span class=\"fontstyle0\">Dans le cadre des festivit\u00e9s, les Amis de Burange ont organis\u00e9 une magnifique exposition de photos sur les 100 derni\u00e8res ann\u00e9es de l\u2019association et ont publi\u00e9 un film. En cliquant sur ce lien, vous pouvez visionner l\u2019int\u00e9gralit\u00e9 du film : <a href=\"https:\/\/bit.ly\/100_ans_Union_des_Bons_Amis_De_Burange\" target=\"_blank\" rel=\"noopener\"><span style=\"text-decoration: underline;\"><span style=\"color: #ef4030; text-decoration: underline;\">https:\/\/bit.ly\/100_ans_Union_des_Bons_Amis_De_Burange<\/span><\/span><\/a><\/span><\/p>\n<p><span class=\"fontstyle0\">Sylvie Peter se r\u00e9jouit d\u00e9j\u00e0 pour la suite. <\/span><\/p>\n<blockquote><p><span class=\"fontstyle0\">\u00ab Nous entrons maintenant dans une nouvelle \u00e8re. En tant qu\u2018association familiale, nous souhaitons continuer \u00e0 jouer un r\u00f4le important dans la vie culturelle et sociale de Burange. Nous aimons rassembler les gens et entretenir des liens d\u2018amiti\u00e9 ! \u00bb<\/span><\/p><\/blockquote>\n<p>&#8211;<\/p>\n<p><strong> <span class=\"fontstyle0\">Happy Birthday Union des Bons Amis de Burange<\/span><\/strong><\/p>\n<p><span class=\"fontstyle0\">Es waren einmal vier Junggesellen aus dem D\u00fcdelinger Stadtteil Burange, die der Meinung waren, dass in ihrem Dorf nicht mehr viel los sei. W\u00e4hrend eines geselligen Abends entstand daraufhin die Idee, einen Junggesellenverein ins Leben zu rufen, um die Menschen wieder zusammenzubringen. Gesagt, getan. Am 1. April 1925 schlug die Geburtsstunde der \u201eUnion des Amis de Burange\u201d. Der Verein bestand ausschlie\u00dflich aus Junggesellen aus Burange. Ging ein Junggeselle den Bund der Ehe ein, musste er den Verein verlassen.<\/span><\/p>\n<p><span class=\"fontstyle0\">Zweimal im Jahr \u2013 an Silvester und Karneval \u2013 standen die Junggesellen auf der B\u00fchne (auch in Frauenrollen) und sorgten f\u00fcr viele Lacher. Anschlie\u00dfend wurde bis sp\u00e4t in die Nacht hinein getanzt und gefeiert. An Christi Himmelfahrt im Jahr 1939 fand im Rahmen der Feierlichkeiten zum 100-j\u00e4hrigen Jubil\u00e4um der Unabh\u00e4ngigkeit die erste \u201eBirenger Kiermes\u201c statt. In diesem Jahr entstand auch das bekannte Birenger \u201eKiermeslidd\u201d von Jeng Eiffes und Jemp Hoffmann. Erst sieben Jahre sp\u00e4ter, bedingt durch den Zweiten Weltkrieg, wurde die zweite Kirmes abgehalten. Seitdem hat sie ihren festen Platz im D\u00fcdelinger Veranstaltungskalender.<\/span><\/p>\n<table style=\"border-collapse: collapse; width: 100%; height: 303px;\">\n<tbody>\n<tr style=\"height: 303px;\">\n<td style=\"width: 33.3333%; height: 303px;\"><img decoding=\"async\" class=\"lazyload  wp-image-28251 aligncenter\" src=\"data:image\/svg+xml,%3Csvg%20xmlns%3D%27http%3A%2F%2Fwww.w3.org%2F2000%2Fsvg%27%20width%3D%27477%27%20height%3D%27287%27%20viewBox%3D%270%200%20477%20287%27%3E%3Crect%20width%3D%27477%27%20height%3D%27287%27%20fill-opacity%3D%220%22%2F%3E%3C%2Fsvg%3E\" data-orig-src=\"https:\/\/sadudelangedata.blob.core.windows.net\/files\/2025\/07\/Kirmes-34.jpeg\" alt=\"\" width=\"477\" height=\"287\" \/><\/td>\n<td style=\"width: 33.3333%; height: 303px;\"><img decoding=\"async\" class=\"lazyload wp-image-28250 aligncenter\" src=\"data:image\/svg+xml,%3Csvg%20xmlns%3D%27http%3A%2F%2Fwww.w3.org%2F2000%2Fsvg%27%20width%3D%27417%27%20height%3D%27292%27%20viewBox%3D%270%200%20417%20292%27%3E%3Crect%20width%3D%27417%27%20height%3D%27292%27%20fill-opacity%3D%220%22%2F%3E%3C%2Fsvg%3E\" data-orig-src=\"https:\/\/sadudelangedata.blob.core.windows.net\/files\/2025\/07\/Kirmes-8.jpeg\" alt=\"\" width=\"417\" height=\"292\" \/><\/td>\n<td style=\"width: 33.3333%; height: 303px;\"><img decoding=\"async\" class=\"lazyload wp-image-28252 aligncenter\" src=\"data:image\/svg+xml,%3Csvg%20xmlns%3D%27http%3A%2F%2Fwww.w3.org%2F2000%2Fsvg%27%20width%3D%27450%27%20height%3D%27279%27%20viewBox%3D%270%200%20450%20279%27%3E%3Crect%20width%3D%27450%27%20height%3D%27279%27%20fill-opacity%3D%220%22%2F%3E%3C%2Fsvg%3E\" data-orig-src=\"https:\/\/sadudelangedata.blob.core.windows.net\/files\/2025\/07\/Kirmes-22.jpeg\" alt=\"\" width=\"450\" height=\"279\" \/><\/td>\n<\/tr>\n<\/tbody>\n<\/table>\n<p><em>Photos \u00a9 Union des Bons Amis de Burange<\/em><\/p>\n<p><span class=\"fontstyle0\">Im Jahr 1961 wurde aus dem Junggesellenverein ein Dorfverein. Auch Frauen waren jetzt zugelassen. Man musste jedoch aus Burange stammen und mindestens 15 Jahre alt sein. In den folgenden Jahren vergr\u00f6\u00dferte sich die Birenger Kiermes immer weiter. In dieser Zeit entstand auch die gro\u00dfe Halle der Familie Wegener in der schon viele D\u00fcdelinger*innen feuchtfr\u00f6hliche Stunden verbracht haben.<\/span><\/p>\n<p><span class=\"fontstyle0\">Seit September 2022 steht Sylvie Peter an der Spitze der Union des Bons Amis de Burange. Sie \u00fcbernahm diese Funktion von Ren\u00e9 Wegener, der \u00fcber viele Jahre, bis zu seinem Tod am 8. Juli 2022 die Geschicke des Vereins leitete. Sylvie und ihre Geschwister Claudine und Nico sind mit dem Verein aufgewachsen, wie viele andere B\u00fcringer Einwohner*innen auch. <\/span><\/p>\n<blockquote><p><span class=\"fontstyle0\">\u201eSchon unsere Eltern waren bei der Union des Bons Amis de Burange engagiert. Es war also normal, dass auch wir Kinder immer dabei waren\u201c, erz\u00e4hlt uns Sylvie Peter. <\/span><\/p><\/blockquote>\n<p><span class=\"fontstyle0\">Diese Gene haben sich weitervererbt. Neben ihrem Mann helfen auch ihre beiden S\u00f6hne regelm\u00e4\u00dfig bei den Festen, die der Verein \u00fcber das Jahr verteilt organisiert. Denn noch heute gilt die gleiche Pr\u00e4misse, wie vor 100 Jahren: Generationen zusammenbringen, zusammen feiern und sch\u00f6ne gemeinsame Momente erleben.<\/span><\/p>\n<div id=\"attachment_28258\" style=\"width: 882px\" class=\"wp-caption aligncenter\"><img decoding=\"async\" aria-describedby=\"caption-attachment-28258\" class=\"lazyload wp-image-28258\" src=\"data:image\/svg+xml,%3Csvg%20xmlns%3D%27http%3A%2F%2Fwww.w3.org%2F2000%2Fsvg%27%20width%3D%27872%27%20height%3D%27581%27%20viewBox%3D%270%200%20872%20581%27%3E%3Crect%20width%3D%27872%27%20height%3D%27581%27%20fill-opacity%3D%220%22%2F%3E%3C%2Fsvg%3E\" data-orig-src=\"https:\/\/sadudelangedata.blob.core.windows.net\/files\/2025\/07\/VdD_Union-des-bon-amis-100-joer_iNET-72dpi-\u00a9-Marc-Lazzarini-standart-77.jpg\" width=\"872\" height=\"581\" \/><p id=\"caption-attachment-28258\" class=\"wp-caption-text\">Sylvie Peter, Pr\u00e4sidentin der Union des Bons Amis de Burange (Photo \u00a9 Marc Lazzarini)<\/p><\/div>\n<p>&nbsp;<\/p>\n<p><strong><span class=\"fontstyle0\">\u00ab\u00a0Die Birenger Kirmes ist wie ein gro\u00dfes Klassentreffen\u00a0\u00bb<\/span><\/strong><\/p>\n<blockquote><p><span class=\"fontstyle2\">\u201eDie Birenger Kirmes ist jedoch der H\u00f6hepunkt des Jahres. Viele Leute sehen sich ein ganzes Jahr nicht und verabreden sich f\u00fcr Christi Himmelfahrt in Burange. Man hat das Gef\u00fchl, es findet ein gro\u00dfes Klassentreffen statt, bei dem sich alle kennen\u201c, sagt Sylvie Peter, die stolze Pr\u00e4sidentin mit einem Lachen im Gesicht.<\/span><\/p><\/blockquote>\n<p><span class=\"fontstyle2\">Die letzten Monate und Wochen waren sowohl f\u00fcr die elf Vorstandsmitglieder als auch f\u00fcr die \u00fcber 80 Vereinsmitglieder eine organisatorische Herausforderung. Zus\u00e4tzlich zur Birenger Kiermes musste n\u00e4mlich die gro\u00dfe Geburtstagsfeier organisiert werden. Am 24. Mai wurde in Anwesenheit zahlreicher G\u00e4ste und vieler Freund*innen in der Halle der Familie Wegener gefeiert. F\u00fcr die musikalische Umrahmung sorgten die Harmonie Forge du Sud und der Chor St. Martin. An diesem Tag wurde auch die neue Vereinsfahne mit dem Wappen der Union des Bons Amis de Burange der \u00d6ffentlichkeit pr\u00e4sentiert und gesegnet. Zudem wurde die vor einem Jahr erneuerte Lokomotive des \u201eBirenger Zichelchen\u201c offiziell eingeweiht.<\/span><\/p>\n<table style=\"border-collapse: collapse; width: 100%;\">\n<tbody>\n<tr>\n<td style=\"width: 25%;\"><img decoding=\"async\" class=\"lazyload size-full wp-image-28259 aligncenter\" src=\"data:image\/svg+xml,%3Csvg%20xmlns%3D%27http%3A%2F%2Fwww.w3.org%2F2000%2Fsvg%27%20width%3D%272048%27%20height%3D%271365%27%20viewBox%3D%270%200%202048%201365%27%3E%3Crect%20width%3D%272048%27%20height%3D%271365%27%20fill-opacity%3D%220%22%2F%3E%3C%2Fsvg%3E\" data-orig-src=\"https:\/\/sadudelangedata.blob.core.windows.net\/files\/2025\/07\/VdD_Union-des-bon-amis-100-joer_iNET-72dpi-\u00a9-Marc-Lazzarini-standart-124.jpg\" alt=\"\" width=\"2048\" height=\"1365\" \/><\/td>\n<td style=\"width: 25%;\"><img decoding=\"async\" class=\"lazyload size-full wp-image-28260 aligncenter\" src=\"data:image\/svg+xml,%3Csvg%20xmlns%3D%27http%3A%2F%2Fwww.w3.org%2F2000%2Fsvg%27%20width%3D%272048%27%20height%3D%271365%27%20viewBox%3D%270%200%202048%201365%27%3E%3Crect%20width%3D%272048%27%20height%3D%271365%27%20fill-opacity%3D%220%22%2F%3E%3C%2Fsvg%3E\" data-orig-src=\"https:\/\/sadudelangedata.blob.core.windows.net\/files\/2025\/07\/VdD_Union-des-bon-amis-100-joer_iNET-72dpi-\u00a9-Marc-Lazzarini-standart-156.jpg\" alt=\"\" width=\"2048\" height=\"1365\" \/><\/td>\n<td style=\"width: 25%;\"><img decoding=\"async\" class=\"lazyload size-full wp-image-28261 aligncenter\" src=\"data:image\/svg+xml,%3Csvg%20xmlns%3D%27http%3A%2F%2Fwww.w3.org%2F2000%2Fsvg%27%20width%3D%272048%27%20height%3D%271365%27%20viewBox%3D%270%200%202048%201365%27%3E%3Crect%20width%3D%272048%27%20height%3D%271365%27%20fill-opacity%3D%220%22%2F%3E%3C%2Fsvg%3E\" data-orig-src=\"https:\/\/sadudelangedata.blob.core.windows.net\/files\/2025\/07\/VdD_Union-des-bon-amis-100-joer_iNET-72dpi-\u00a9-Marc-Lazzarini-standart-20.jpg\" alt=\"\" width=\"2048\" height=\"1365\" \/><\/td>\n<td style=\"width: 25%;\"><img decoding=\"async\" class=\"lazyload size-full wp-image-28262 aligncenter\" src=\"data:image\/svg+xml,%3Csvg%20xmlns%3D%27http%3A%2F%2Fwww.w3.org%2F2000%2Fsvg%27%20width%3D%272048%27%20height%3D%271365%27%20viewBox%3D%270%200%202048%201365%27%3E%3Crect%20width%3D%272048%27%20height%3D%271365%27%20fill-opacity%3D%220%22%2F%3E%3C%2Fsvg%3E\" data-orig-src=\"https:\/\/sadudelangedata.blob.core.windows.net\/files\/2025\/07\/VdD_Union-des-bon-amis-100-joer_iNET-72dpi-\u00a9-Marc-Lazzarini-standart-70.jpg\" alt=\"\" width=\"2048\" height=\"1365\" \/><\/td>\n<\/tr>\n<\/tbody>\n<\/table>\n<p><em>Photos \u00a9 Marc Lazzarini<\/em><\/p>\n<p><span class=\"fontstyle0\">Im Rahmen der Feierlichkeiten haben die Amis de Burange eine interessante Fotoausstellung \u00fcber die vergangenen 100 Jahre zusammengestellt sowie ein Film \u00fcber den Verein ver\u00f6ffentlicht. Indem Sie auf diesen Link klicken, k\u00f6nnen Sie sich den Film in voller L\u00e4nge ansehen: <span style=\"text-decoration: underline;\"><span style=\"color: #ef4030; text-decoration: underline;\"><a style=\"color: #ef4030; text-decoration: underline;\" href=\"https:\/\/bit.ly\/100_ans_Union_des_Bons_Amis_De_Burange\" target=\"_blank\" rel=\"noopener\">https:\/\/bit.ly\/100_ans_Union_des_Bons_Amis_De_Burange<\/a><\/span><\/span><\/span><\/p>\n<p><span class=\"fontstyle0\">Sylvie Peter freut sich auf die Zukunft. <\/span><\/p>\n<blockquote><p><span class=\"fontstyle0\">\u201eJetzt starten wir ins n\u00e4chste Jahrhundert. Als Familienverein m\u00f6chten wir auch zuk\u00fcnftig eine wichtige Rolle im kulturellen und sozialen Leben von Burange spielen. Wir wollen Menschen zusammenbringen und Freundschaften pflegen!\u201c<\/span><\/p><\/blockquote>\n<p>&nbsp;<\/p>\n<p><strong>Downloads:<\/strong><\/p>\n<p><strong>[PDF]<\/strong> <span style=\"text-decoration: underline;\"><span style=\"color: #ef4030; text-decoration: underline;\"><a style=\"color: #ef4030; text-decoration: underline;\" href=\"https:\/\/sadudelangedata.blob.core.windows.net\/files\/2025\/07\/Union-des-bons-amis-de-Burange.pdf\" target=\"_blank\" rel=\"noopener\">Article Meng Stad<\/a><\/span><\/span><\/p>\n<p><strong>[PDF]<\/strong> <span style=\"text-decoration: underline;\"><span style=\"color: #ef4030; text-decoration: underline;\"><a style=\"color: #ef4030; text-decoration: underline;\" href=\"https:\/\/sadudelangedata.blob.core.windows.net\/files\/2025\/07\/MengStad-2-2025-web.pdf\" target=\"_blank\" rel=\"noopener\">Meng Stad 2025 \/ n\u00b02<\/a><\/span><\/span><\/p>\n<p>&nbsp;<\/p>\n","protected":false},"excerpt":{"rendered":"<p>Il \u00e9tait une fois quatre c\u00e9libataires du quartier Burange \u00e0 [&hellip;]<\/p>\n","protected":false},"featured_media":28245,"template":"","categories":[1],"class_list":["post-28244","actualites","type-actualites","status-publish","has-post-thumbnail","hentry","category-uncategorised"],"date_debut_affichage":"0000-00-00 00:00:00","date_fin_affichage":"0000-00-00 00:00:00","description_ecran":"","place_hotel_de_ville":"0","gare_dudelange_ville":"0","lycee_nic_biever":"0","preview":"0","visuel_prepare":false,"ordre_affichage_ecran":"0","featured_image_url":"https:\/\/sadudelangedata.blob.core.windows.net\/files\/2025\/07\/Union-des-bons-amis-de-Burange.jpg","publishpress_future_workflow_manual_trigger":{"enabledWorkflows":[]},"_links":{"self":[{"href":"https:\/\/www.dudelange.lu\/index.php\/wp-json\/wp\/v2\/actualites\/28244","targetHints":{"allow":["GET"]}}],"collection":[{"href":"https:\/\/www.dudelange.lu\/index.php\/wp-json\/wp\/v2\/actualites"}],"about":[{"href":"https:\/\/www.dudelange.lu\/index.php\/wp-json\/wp\/v2\/types\/actualites"}],"wp:featuredmedia":[{"embeddable":true,"href":"https:\/\/www.dudelange.lu\/index.php\/wp-json\/wp\/v2\/media\/28245"}],"wp:attachment":[{"href":"https:\/\/www.dudelange.lu\/index.php\/wp-json\/wp\/v2\/media?parent=28244"}],"wp:term":[{"taxonomy":"category","embeddable":true,"href":"https:\/\/www.dudelange.lu\/index.php\/wp-json\/wp\/v2\/categories?post=28244"}],"curies":[{"name":"wp","href":"https:\/\/api.w.org\/{rel}","templated":true}]}}