{"id":28428,"date":"2025-08-19T09:00:19","date_gmt":"2025-08-19T07:00:19","guid":{"rendered":"https:\/\/www.dudelange.lu\/?post_type=actualites&#038;p=28428"},"modified":"2025-08-26T13:36:12","modified_gmt":"2025-08-26T11:36:12","slug":"meng-stad-dudelange-plus-que-jamais-ville-des-festivals","status":"publish","type":"actualites","link":"https:\/\/www.dudelange.lu\/index.php\/actualites\/meng-stad-dudelange-plus-que-jamais-ville-des-festivals\/","title":{"rendered":"Meng Stad : \u00ab\u00a0Dudelange, plus que jamais ville des festivals\u00a0\u00bb"},"content":{"rendered":"<p><span class=\"fontstyle0\">La Ville de Dudelange poursuit une tradition de longue date, celle d\u2019\u00eatre par essence la ville des festivals. Elle est \u00ab the place to be \u00bb pour tous\u00b7tes les amoureux\u00b7ses de musique qui peuvent tour \u00e0 tour se d\u00e9lecter au \u00ab Like a Jazz Machine \u00bb, \u00e0 l\u2019incontournable \u00ab Eat, Beat &amp; Culture \u00bb, au traditionnel \u00ab Zeltik \u00bb, au remuant \u00ab Usina \u00bb ou encore \u00e0 l\u2019\u00e9ternelle F\u00eate de la musique.<\/span><\/p>\n<p><em>(F\u00fcr die deutsche Fassung, scrollen Sie bitte runter)<\/em><\/p>\n<div id=\"attachment_28430\" style=\"width: 1147px\" class=\"wp-caption aligncenter\"><img decoding=\"async\" aria-describedby=\"caption-attachment-28430\" class=\"lazyload wp-image-28430\" src=\"data:image\/svg+xml,%3Csvg%20xmlns%3D%27http%3A%2F%2Fwww.w3.org%2F2000%2Fsvg%27%20width%3D%271137%27%20height%3D%27758%27%20viewBox%3D%270%200%201137%20758%27%3E%3Crect%20width%3D%271137%27%20height%3D%27758%27%20fill-opacity%3D%220%22%2F%3E%3C%2Fsvg%3E\" data-orig-src=\"https:\/\/sadudelangedata.blob.core.windows.net\/files\/2025\/07\/ODS_FDLM25_iNET-72dpi-\u00a9-Marc-Lazzarini-standart-529.jpg\" width=\"1137\" height=\"758\" \/><p id=\"caption-attachment-28430\" class=\"wp-caption-text\">Photo \u00a9 Marc Lazzarini<\/p><\/div>\n<p><span class=\"fontstyle0\">Parmi ces rendez-vous musicaux, le festival collaboratif Usina2025 a su une nouvelle fois ravir les foules sur le site NeiSchmelz en proposant pour sa 4\u00e8me \u00e9dition des artistes internationaux comme Rea Garvey ou Deus, ou encore plus locaux comme Mambo Schinki, Tuys ou Edsun.<\/span><\/p>\n<table style=\"border-collapse: collapse; width: 100%;\">\n<tbody>\n<tr>\n<td style=\"width: 33.3333%;\"><img decoding=\"async\" class=\"lazyload size-full wp-image-28431 aligncenter\" src=\"data:image\/svg+xml,%3Csvg%20xmlns%3D%27http%3A%2F%2Fwww.w3.org%2F2000%2Fsvg%27%20width%3D%271365%27%20height%3D%272048%27%20viewBox%3D%270%200%201365%202048%27%3E%3Crect%20width%3D%271365%27%20height%3D%272048%27%20fill-opacity%3D%220%22%2F%3E%3C%2Fsvg%3E\" data-orig-src=\"https:\/\/sadudelangedata.blob.core.windows.net\/files\/2025\/07\/ODS_Usina25_iNET-72dpi-\u00a9-Marc-Lazzarini-standart-25.jpg\" alt=\"\" width=\"1365\" height=\"2048\" \/><\/td>\n<td style=\"width: 33.3333%;\"><img decoding=\"async\" class=\"lazyload size-full wp-image-28432 aligncenter\" src=\"data:image\/svg+xml,%3Csvg%20xmlns%3D%27http%3A%2F%2Fwww.w3.org%2F2000%2Fsvg%27%20width%3D%271365%27%20height%3D%272048%27%20viewBox%3D%270%200%201365%202048%27%3E%3Crect%20width%3D%271365%27%20height%3D%272048%27%20fill-opacity%3D%220%22%2F%3E%3C%2Fsvg%3E\" data-orig-src=\"https:\/\/sadudelangedata.blob.core.windows.net\/files\/2025\/07\/ODS_Usina25_iNET-72dpi-\u00a9-Marc-Lazzarini-standart-188.jpg\" alt=\"\" width=\"1365\" height=\"2048\" \/><\/td>\n<td style=\"width: 33.3333%;\"><img decoding=\"async\" class=\"lazyload size-full wp-image-28433 aligncenter\" src=\"data:image\/svg+xml,%3Csvg%20xmlns%3D%27http%3A%2F%2Fwww.w3.org%2F2000%2Fsvg%27%20width%3D%271365%27%20height%3D%272048%27%20viewBox%3D%270%200%201365%202048%27%3E%3Crect%20width%3D%271365%27%20height%3D%272048%27%20fill-opacity%3D%220%22%2F%3E%3C%2Fsvg%3E\" data-orig-src=\"https:\/\/sadudelangedata.blob.core.windows.net\/files\/2025\/07\/Usina25_Day2_iNET-72dpi-\u00a9-Marc-Lazzarini-standart-210.jpg\" alt=\"\" width=\"1365\" height=\"2048\" \/><\/td>\n<\/tr>\n<\/tbody>\n<\/table>\n<p><em>Photos \u00a9 Marc Lazzarini<\/em><\/p>\n<p><span class=\"fontstyle0\">La F\u00eate de la Musique, quant \u00e0 elle, a \u00e9t\u00e9 comme chaque ann\u00e9e fid\u00e8le \u00e0 ses promesses : elle a su mettre des \u00e9toiles dans les yeux et de la folie au c\u0153ur des milliers de spectateur\u00b7rices ! Parmi les artistes programm\u00e9\u00b7es cette ann\u00e9e : Max\u00efmo Park, Sch\u00ebppe Siwen, The Toasters, Celtica, Laurent Unchained, et bien d\u2019autres encore autres qui ont mis le feu aux 13 sc\u00e8nes r\u00e9parties \u00e0 travers la ville. <\/span><span class=\"fontstyle0\">Tr\u00e8s jolie surprise cette ann\u00e9e : Cali, sa verve, son soleil du sud-ouest et ses d\u00e9lires bienveillants nous ont fait le plaisir d\u2019occuper la t\u00eate d\u2019affiche\u2026 et de nous consacrer une petite interview.<\/span><\/p>\n<blockquote>\n<p style=\"text-align: left;\"><strong><span class=\"fontstyle0\">\u00ab DUDELANGE POUR MOI, C\u2019EST UN PEU COMME \u00caTRE \u00c0 LA MAISON \u00bb<\/span><\/strong><\/p>\n<\/blockquote>\n<p><span class=\"fontstyle2\">Cali nous a g\u00e9n\u00e9reusement offert un peu de son temps, quelques heures avant de monter sur sc\u00e8ne \u00e0 la F\u00eate de la Musique.\u00a0<\/span><\/p>\n<p><strong><em><span class=\"fontstyle0\">Cali, voici la 5\u00e8me fois que tu viens \u00e0 Dudelange. Que signifie Dudelange pour toi ?<\/span><\/em><\/strong><\/p>\n<p><span class=\"fontstyle2\">\u00ab C\u2018est simple, quand je viens \u00e0 Dudelange, je suis heureux. J\u2018y suis m\u00eame venu pendant le Covid pour un concert avec un public extr\u00eamement r\u00e9duit. Je suis un peu chez moi ici, car j\u2018y ai des gens que j\u2018aime. Dudelange est stimulant aussi : il s\u2019y passe culturellement \u00e9norm\u00e9ment de choses. Des artistes du monde entier viennent se produire ici. Dudelange est ouverte au monde. \u00bb<\/span><\/p>\n<p><em><strong><span class=\"fontstyle0\">Le public de Dudelange est-il particulier ?<\/span><\/strong><\/em><\/p>\n<p><span class=\"fontstyle2\">\u00ab Il est particulier en effet, dans le sens o\u00f9 c\u2018est un public du nord : les artistes le savent, quand ils veulent enregistrer des lives, ils le font dans le nord, le public y est particuli\u00e8rement chaleureux. \u00bb<\/span><\/p>\n<p><em><strong><span class=\"fontstyle0\">Tu aimes \u00eatre en concert. Le fait d\u2018\u00eatre si souvent sur sc\u00e8ne a-t-il une influence sur ton inspiration ?<\/span><\/strong><\/em><\/p>\n<p><span class=\"fontstyle2\">\u00ab \u00c7a exerce une influence majeure, pas seulement sur mon inspiration, en r\u00e9alit\u00e9 sur ma vie enti\u00e8re. \u00catre en tourn\u00e9e permet de faire mille et une rencontres, ce sont elles qui me nourrissent et alimentent mon inspiration. Car ce sont des histoires de vie qu\u2018on raconte en chanson. C\u2019est parfois compliqu\u00e9 de g\u00e9rer la vie en tourn\u00e9e et la vie de famille, il faut trouver le juste \u00e9quilibre, mais je ne peux me passer ni de l\u2019une ni de l\u2019autre. \u00bb<\/span><\/p>\n<p><em><strong><span class=\"fontstyle0\">Quelles sont les autres types d\u2018inspiration qui te nourrissent ?<\/span><\/strong><\/em><\/p>\n<p><span class=\"fontstyle2\">\u00ab Les amiti\u00e9s bien s\u00fbr et les amours. Et beaucoup aussi les \u00e9v\u00e9nements inattendus qui surgissent de nulle part, n\u2018importe o\u00f9 et \u00e0 n\u2018importe quel moment, et qui provoquent dans la vie des tournants impr\u00e9vus. Des moments parfois magiques. Les enfants aussi et leur capacit\u00e9 \u00e0 l\u2019\u00e9merveil<span class=\"fontstyle0\">lement constituent une tr\u00e8s grande source d\u2018inspiration. Je crois en la g\u00e9- n\u00e9ration future. Les g\u00e9n\u00e9rations pass\u00e9es et pr\u00e9sentes ont n\u00e9glig\u00e9 beaucoup de choses, mais les g\u00e9n\u00e9rations des jeunes d\u2018aujourd\u2018hui ont une conscience bien plus aigu\u00eb du monde dans lequel ils vivent. J\u2018ai confiance en eux et beaucoup d\u2019espoir. \u00bb<\/span>\u00a0<\/span><\/p>\n<p><em><strong><span class=\"fontstyle0\">Quels sont tes projets ?<\/span><\/strong><\/em><\/p>\n<p><span class=\"fontstyle2\">\u00ab Je suis en tourn\u00e9e tout l\u2019\u00e9t\u00e9 avec mon dernier album \u00ab 20 ans d\u2019amour parfait \u00bb, essentiellement dans des festivals. Je poursuis aussi un projet, le \u00ab Cali &amp; Big Band Brass \u00bb o\u00f9 je joue sur sc\u00e8ne avec 25 musicien\u00b7nes ! Je me prends un peu pour Frank Sinatra ! Puis je d\u00e9marrerai en fin d\u2019ann\u00e9e une tourn\u00e9e intitul\u00e9e \u00ab R\u00e9volte et amour fou \u00bb, en compagnie du guitariste Pierre-Andr\u00e9 de Vera. <\/span><span class=\"fontstyle2\">Mais bien d\u2019autres projets m\u2019attendent encore : je viens de terminer mon 4\u00e8me roman, je vais jouer au th\u00e9\u00e2tre l\u2019ann\u00e9e prochaine, je vais appara\u00eetre dans des films\u2026 J\u2019adore l\u2019id\u00e9e que quand on n\u2018est pas le meilleur dans son domaine, on peut se permettre de toucher \u00e0 tout. Si on est parfait, qu\u2019on est le meilleur dans une discipline, on ne fait plus que \u00e7a ! Alors amusons-nous ! \u00bb<\/span><\/p>\n<div id=\"attachment_28435\" style=\"width: 2058px\" class=\"wp-caption aligncenter\"><img decoding=\"async\" aria-describedby=\"caption-attachment-28435\" class=\"lazyload wp-image-28435 size-full\" src=\"data:image\/svg+xml,%3Csvg%20xmlns%3D%27http%3A%2F%2Fwww.w3.org%2F2000%2Fsvg%27%20width%3D%272048%27%20height%3D%271365%27%20viewBox%3D%270%200%202048%201365%27%3E%3Crect%20width%3D%272048%27%20height%3D%271365%27%20fill-opacity%3D%220%22%2F%3E%3C%2Fsvg%3E\" data-orig-src=\"https:\/\/sadudelangedata.blob.core.windows.net\/files\/2025\/07\/ODS_FDLM25_iNET-72dpi-\u00a9-Marc-Lazzarini-standart-335.jpg\" width=\"2048\" height=\"1365\" \/><p id=\"caption-attachment-28435\" class=\"wp-caption-text\">Photo \u00a9 Marc Lazzarini<\/p><\/div>\n<p>&#8211;<\/p>\n<p><strong> <span class=\"fontstyle0\">D\u00dcDELINGEN IST MEHR DENN JE EINE STADT DER FESTIVALS<\/span><\/strong><\/p>\n<p><span class=\"fontstyle0\">Die Stadt f\u00fchrt eine lange Tradition fort und ist im Kern eine Stadt der Festivals. Sie ist der Ort, an dem sich alle Musikliebhaber*innen treffen, um sich abwechselnd beim \u201eLike a Jazz Machine\u201d, dem unverzichtbaren \u201eEat, Beat &amp; Culture\u201d, dem traditionellen \u201eZeltik\u201d, dem lebhaften \u201eUsina\u201d oder auch beim Musikfest \u201eF\u00eate de la Musique\u201d zu vergn\u00fcgen.<\/span><\/p>\n<p><span class=\"fontstyle0\">Unter diesen Musikveranstaltungen begeisterte das kollaborative Festival Usina2025 auf dem Gel\u00e4nde NeiSchmelz erneut das Publikum und pr\u00e4sentierte bei seiner vierten Ausgabe internationale K\u00fcnstler*innen wie Rea Garvey oder Deus sowie lokale Acts wie Mambo Schinki, Tuys oder Edsun.<\/span><\/p>\n<p><span class=\"fontstyle0\">Die F\u00eate de la Musique hielt wie jedes Jahr ihr Versprechen und brachte Tausende Besucher*innen zum Strahlen und versetzte sie in ausgelassene Stimmung. Zu den K\u00fcnstler*innen, die dieses Jahr auf dem Programm standen, geh\u00f6rten Max\u00efmo Park, Sch\u00ebppe Siwen, The Toasters, Celtica, Laurent Unchained und viele andere, die die 13 B\u00fchnen in der ganzen Stadt zum Kochen brachten. <\/span><span class=\"fontstyle0\">Eine sehr sch\u00f6ne \u00dcberraschung gab es dieses Jahr: Cali, seine Lebhaftigkeit, seine s\u00fcdwestliche Ausstrahlung und seine gut gelaunte Verr\u00fccktheit haben uns die Ehre erwiesen, als Headliner aufzutreten und uns ein kleines Interview zu geben.<\/span><\/p>\n<div id=\"attachment_28436\" style=\"width: 1177px\" class=\"wp-caption aligncenter\"><img decoding=\"async\" aria-describedby=\"caption-attachment-28436\" class=\"lazyload wp-image-28436 \" src=\"data:image\/svg+xml,%3Csvg%20xmlns%3D%27http%3A%2F%2Fwww.w3.org%2F2000%2Fsvg%27%20width%3D%271167%27%20height%3D%27778%27%20viewBox%3D%270%200%201167%20778%27%3E%3Crect%20width%3D%271167%27%20height%3D%27778%27%20fill-opacity%3D%220%22%2F%3E%3C%2Fsvg%3E\" data-orig-src=\"https:\/\/sadudelangedata.blob.core.windows.net\/files\/2025\/07\/ODS_FDLM25_iNET-72dpi-\u00a9-Marc-Lazzarini-standart-62.jpg\" width=\"1167\" height=\"778\" \/><p id=\"caption-attachment-28436\" class=\"wp-caption-text\">Photo \u00a9 Marc Lazzarini<\/p><\/div>\n<blockquote><p><strong><span class=\"fontstyle0\">\u201eD\u00dcDELINGEN IST F\u00dcR MICH EIN WENIG WIE ZU HAUSE\u201c<\/span><\/strong><\/p><\/blockquote>\n<p><span class=\"fontstyle2\">Kurz vor seinem Auftritt beim Musikfest hat uns Cali freundlicherweise ein paar Minuten seiner Zeit geschenkt.<\/span><\/p>\n<p><em><strong><span class=\"fontstyle0\">Cali, du bist jetzt schon zum 5. Mal in D\u00fcdelingen. Was bedeutet D\u00fcdelingen f\u00fcr dich?<\/span><\/strong><\/em><\/p>\n<p><span class=\"fontstyle2\">\u201eGanz einfach: Wenn ich nach D\u00fc- delingen komme, bin ich gl\u00fccklich. Selbst w\u00e4hrend der Corona-Pandemie bin ich f\u00fcr ein Konzert mit reduziertem Publikum hierhergekommen. Ich f\u00fchle mich hier ein bisschen zu Hause, weil ich hier Menschen habe, die mir wichtig sind. D\u00fcdelingen ist auch inspirierend, denn kulturell ist hier enorm viel los. K\u00fcnstler*innen aus aller Welt kommen hierher, um aufzutreten. D\u00fcdelingen ist weltoffen.\u201c<\/span><\/p>\n<p><strong><em><span class=\"fontstyle0\">Ist das Publikum in D\u00fcdelingen besonders?<\/span><\/em><\/strong><\/p>\n<p><span class=\"fontstyle2\">\u201eIn gewisser Weise schon, denn es ist ein Publikum aus dem Norden. Die K\u00fcnstler*innen wissen das. Wenn sie Live-Aufnahmen machen wollen, kommen sie in den Norden, denn das Publikum hier ist besonders herzlich.\u201c<\/span><\/p>\n<table style=\"border-collapse: collapse; width: 100%; height: 24px;\">\n<tbody>\n<tr style=\"height: 24px;\">\n<td style=\"width: 33.3333%; height: 24px;\"><img decoding=\"async\" class=\"lazyload size-full wp-image-28437 aligncenter\" src=\"data:image\/svg+xml,%3Csvg%20xmlns%3D%27http%3A%2F%2Fwww.w3.org%2F2000%2Fsvg%27%20width%3D%272048%27%20height%3D%271365%27%20viewBox%3D%270%200%202048%201365%27%3E%3Crect%20width%3D%272048%27%20height%3D%271365%27%20fill-opacity%3D%220%22%2F%3E%3C%2Fsvg%3E\" data-orig-src=\"https:\/\/sadudelangedata.blob.core.windows.net\/files\/2025\/07\/ODS_FDLM25_iNET-72dpi-\u00a9-Marc-Lazzarini-standart-327.jpg\" alt=\"\" width=\"2048\" height=\"1365\" \/><\/td>\n<td style=\"width: 33.3333%; height: 24px;\"><img decoding=\"async\" class=\"lazyload size-full wp-image-28438 aligncenter\" src=\"data:image\/svg+xml,%3Csvg%20xmlns%3D%27http%3A%2F%2Fwww.w3.org%2F2000%2Fsvg%27%20width%3D%272048%27%20height%3D%271365%27%20viewBox%3D%270%200%202048%201365%27%3E%3Crect%20width%3D%272048%27%20height%3D%271365%27%20fill-opacity%3D%220%22%2F%3E%3C%2Fsvg%3E\" data-orig-src=\"https:\/\/sadudelangedata.blob.core.windows.net\/files\/2025\/07\/ODS_FDLM25_iNET-72dpi-\u00a9-Marc-Lazzarini-standart-333.jpg\" alt=\"\" width=\"2048\" height=\"1365\" \/><\/td>\n<td style=\"width: 33.3333%; height: 24px;\"><img decoding=\"async\" class=\"lazyload size-full wp-image-28439 aligncenter\" src=\"data:image\/svg+xml,%3Csvg%20xmlns%3D%27http%3A%2F%2Fwww.w3.org%2F2000%2Fsvg%27%20width%3D%272048%27%20height%3D%271365%27%20viewBox%3D%270%200%202048%201365%27%3E%3Crect%20width%3D%272048%27%20height%3D%271365%27%20fill-opacity%3D%220%22%2F%3E%3C%2Fsvg%3E\" data-orig-src=\"https:\/\/sadudelangedata.blob.core.windows.net\/files\/2025\/07\/ODS_FDLM25_iNET-72dpi-\u00a9-Marc-Lazzarini-standart-355.jpg\" alt=\"\" width=\"2048\" height=\"1365\" \/><\/td>\n<\/tr>\n<\/tbody>\n<\/table>\n<p><em>Photos \u00a9 Marc Lazzarini<\/em><\/p>\n<p><em><strong><span class=\"fontstyle0\">Du liebst es, aufzutreten. Hat die Tatsache, dass du so oft auf der B\u00fchne stehst, einen Einfluss auf deine Inspiration?<\/span><\/strong><\/em><\/p>\n<p><span class=\"fontstyle2\">\u201eDas hat einen gro\u00dfen Einfluss, nicht nur auf meine Inspiration, sondern eigentlich auf mein ganzes Leben. Wenn ich auf Tournee bin, treffe ich unz\u00e4hlige Menschen, die mich bereichern und meine Inspiration befl\u00fcgeln. Denn in meinen Liedern erz\u00e4hle ich Lebensgeschichten. Manchmal ist es schwierig, das Leben auf Tournee und das Familienleben unter einen Hut zu bringen. Man muss die richtige Balance finden. Aber ich kann auf keines der beiden verzichten.\u201c<\/span><\/p>\n<p><strong><span class=\"fontstyle0\">Was inspiriert dich noch?<\/span><\/strong><\/p>\n<p><span class=\"fontstyle2\">\u201eFreundschaften und die Liebe nat\u00fcrlich. Auch unerwartete Ereignisse, die aus dem Nichts auftauchen, lenken das Leben in eine unvorhergesehene Richtung. Manchmal sind das magi<span class=\"fontstyle0\">sche Momente. Auch Kinder und ihre F\u00e4higkeit, sich zu wundern, sind eine gro\u00dfe Inspirationsquelle. Ich glaube an die zuk\u00fcnftige Generation. Die vergangenen und heutigen Generationen haben vieles vernachl\u00e4ssigt, aber die jungen Menschen von heute haben ein viel ausgepr\u00e4gteres Bewusstsein f\u00fcr die Welt, in der sie leben. Ich vertraue ihnen und habe gro\u00dfe Hoffnungen.\u201c<\/span>\u00a0<\/span><\/p>\n<p><strong><span class=\"fontstyle0\">Was sind deine Pl\u00e4ne?<\/span><\/strong><\/p>\n<p><span class=\"fontstyle2\">\u201eIch bin mit meinem letzten Album \u201e20 ans d\u2019amour parfait\u201c den ganzen Sommer \u00fcber auf Tournee, haupts\u00e4chlich auf Festivals. Au\u00dferdem verfolge ich das Projekt \u201eCali &amp; Big Band Brass\u201c, bei dem ich mit 25 Musiker*innen auf der B\u00fchne stehe. Ich f\u00fchle mich ein wenig wie Frank Sinatra! Ende des Jahres starte ich dann zusammen mit dem Gitarristen Pierre-Andr\u00e9 de Vera eine Tournee mit dem Titel \u201eR\u00e9volte et amour fou\u201d (Revolte und verr\u00fcckte Liebe). <\/span><span class=\"fontstyle2\">Es warten aber noch viele weitere Projekte auf mich. So habe ich gerade meinen vierten Roman fertiggestellt und werde im n\u00e4chsten Jahr Theater spielen sowie in Filmen auftreten. Ich finde es toll, dass man, wenn man nicht der Beste in seinem Bereich ist, sich alles erlauben kann. Wenn man perfekt ist, wenn man der Beste in einer Disziplin ist, dann macht man nur noch das. Also lasst uns Spa\u00df haben!\u201c<\/span><\/p>\n<p>&nbsp;<\/p>\n<p><strong>Downloads:<\/strong><\/p>\n<p><strong>[PDF]\u00a0<\/strong><span style=\"text-decoration: underline; color: #ef4030;\"><span style=\"text-decoration: underline;\"> <a style=\"color: #ef4030; text-decoration: underline;\" href=\"https:\/\/sadudelangedata.blob.core.windows.net\/files\/2025\/08\/Cali.pdf\" target=\"_blank\" rel=\"noopener\">Article Meng Stad<\/a><\/span><\/span><\/p>\n<p><strong>[PDF]<\/strong> <span style=\"text-decoration: underline;\"><span style=\"color: #ef4030; text-decoration: underline;\"><a style=\"color: #ef4030; text-decoration: underline;\" href=\"https:\/\/sadudelangedata.blob.core.windows.net\/files\/2025\/07\/MengStad-2-2025-web.pdf\" target=\"_blank\" rel=\"noopener\">Meng Stad 2025 \/ n\u00b02<\/a><\/span><\/span><\/p>\n","protected":false},"excerpt":{"rendered":"<p>Interview avec le chanteur fran\u00e7ais Cali<\/p>\n","protected":false},"featured_media":28429,"template":"","categories":[1],"class_list":["post-28428","actualites","type-actualites","status-publish","has-post-thumbnail","hentry","category-uncategorised"],"date_debut_affichage":"0000-00-00 00:00:00","date_fin_affichage":"0000-00-00 00:00:00","description_ecran":"","place_hotel_de_ville":"0","gare_dudelange_ville":"0","lycee_nic_biever":"0","preview":"0","visuel_prepare":false,"ordre_affichage_ecran":"0","featured_image_url":"https:\/\/sadudelangedata.blob.core.windows.net\/files\/2025\/07\/Cali.jpg","publishpress_future_workflow_manual_trigger":{"enabledWorkflows":[]},"_links":{"self":[{"href":"https:\/\/www.dudelange.lu\/index.php\/wp-json\/wp\/v2\/actualites\/28428","targetHints":{"allow":["GET"]}}],"collection":[{"href":"https:\/\/www.dudelange.lu\/index.php\/wp-json\/wp\/v2\/actualites"}],"about":[{"href":"https:\/\/www.dudelange.lu\/index.php\/wp-json\/wp\/v2\/types\/actualites"}],"wp:featuredmedia":[{"embeddable":true,"href":"https:\/\/www.dudelange.lu\/index.php\/wp-json\/wp\/v2\/media\/28429"}],"wp:attachment":[{"href":"https:\/\/www.dudelange.lu\/index.php\/wp-json\/wp\/v2\/media?parent=28428"}],"wp:term":[{"taxonomy":"category","embeddable":true,"href":"https:\/\/www.dudelange.lu\/index.php\/wp-json\/wp\/v2\/categories?post=28428"}],"curies":[{"name":"wp","href":"https:\/\/api.w.org\/{rel}","templated":true}]}}