{"id":28447,"date":"2025-08-12T09:00:27","date_gmt":"2025-08-12T07:00:27","guid":{"rendered":"https:\/\/www.dudelange.lu\/?post_type=actualites&#038;p=28447"},"modified":"2025-07-24T13:44:19","modified_gmt":"2025-07-24T11:44:19","slug":"meng-stad-squisito","status":"publish","type":"actualites","link":"https:\/\/www.dudelange.lu\/index.php\/actualites\/meng-stad-squisito\/","title":{"rendered":"Meng Stad : Squisit\u00f2"},"content":{"rendered":"<p><span class=\"fontstyle0\">Depuis novembre dernier, l\u2018\u00e9picerie fine italienne situ\u00e9e avenue G.-D. Charlotte a un nouveau g\u00e9rant. Lorsque les anciens propri\u00e9taires ont ouvert leur nouveau magasin, Thomas Aprilante, 26 ans, a saisi l\u2018occasion pour se lancer dans l\u2018aventure de l\u2018ind\u00e9pendance. <\/span><\/p>\n<blockquote><p><span class=\"fontstyle0\">\u00ab J\u2018\u00e9tais tomb\u00e9 sous le charme de Dudelange et de ses habitant\u00b7es et je voulais absolument leur faire d\u00e9couvrir mon pays natal, l\u2018Italie \u00bb<\/span><\/p><\/blockquote>\n<p><span class=\"fontstyle0\">, nous confie le jeune entrepreneur, qui travaillait auparavant dans la restauration. Il a \u00e9t\u00e9 soutenu dans son projet par son p\u00e8re, originaire de Calabre.<\/span><\/p>\n<p><span class=\"fontstyle0\">\u00ab Chez nous, vous trouverez un large choix de charcuteries et de fromages exceptionnels, ainsi que des vins italiens, de la farine, des p\u00e2tes, des huiles d\u2018olive et bien d\u2018autres choses encore. Tous ces produits sont exclusivement fabriqu\u00e9s par de petits producteurs locaux. \u00bb La qualit\u00e9 et le service sont les priorit\u00e9s absolues de Thomas Aprilante et de son \u00e9quipe. Il appr\u00e9cie particuli\u00e8rement l\u2018hospitalit\u00e9 des habitant\u00b7es de Dudelange. \u00ab La population est tr\u00e8s influenc\u00e9e par l\u2019Italie et ouverte \u00e0 la cuisine italienne. De plus, Dudelange est une ville dynamique avec un centre attrayant o\u00f9 nous nous sentons tr\u00e8s \u00e0 l\u2018aise. \u00bb<\/span><\/p>\n<p>&#8211;<\/p>\n<p><span class=\"fontstyle0\">Seit November des vergangenen Jahres hat der italienische Feinkostladen in der Avenue G.-D. Charlotte einen neuen Gesch\u00e4ftsf\u00fchrer. Als die ehemaligen Inhaber ein neues Gesch\u00e4ft er\u00f6ffneten, nutzte der 26-j\u00e4hrige Thomas Aprilante die Gelegenheit, um den Sprung in die Selbstst\u00e4ndigkeit zu wagen. <\/span><\/p>\n<blockquote><p><span class=\"fontstyle0\">\u201eIch war begeistert von D\u00fcdelingen und seinen Einwohner*innen und wollte ihnen unbedingt meine italienische Heimat n\u00e4herbringen\u201c<\/span><\/p><\/blockquote>\n<p><span class=\"fontstyle0\">, erz\u00e4hlt uns der junge Unternehmer, der zuvor in der Gastronomie t\u00e4tig war. Unterst\u00fctzung bei diesem Vorhaben bekam er von seinem aus Kalabrien stammenden Vater.<\/span><\/p>\n<table style=\"border-collapse: collapse; width: 100%;\">\n<tbody>\n<tr>\n<td style=\"width: 33.3333%;\"><img decoding=\"async\" class=\"lazyload size-full wp-image-28450 aligncenter\" src=\"data:image\/svg+xml,%3Csvg%20xmlns%3D%27http%3A%2F%2Fwww.w3.org%2F2000%2Fsvg%27%20width%3D%272048%27%20height%3D%271363%27%20viewBox%3D%270%200%202048%201363%27%3E%3Crect%20width%3D%272048%27%20height%3D%271363%27%20fill-opacity%3D%220%22%2F%3E%3C%2Fsvg%3E\" data-orig-src=\"https:\/\/sadudelangedata.blob.core.windows.net\/files\/2025\/07\/Squisito_iNET-72dpi\u00a9-Marc-Lazzarini-standart-3.jpg\" alt=\"\" width=\"2048\" height=\"1363\" \/><\/td>\n<td style=\"width: 33.3333%;\"><img decoding=\"async\" class=\"lazyload size-full wp-image-28451 aligncenter\" src=\"data:image\/svg+xml,%3Csvg%20xmlns%3D%27http%3A%2F%2Fwww.w3.org%2F2000%2Fsvg%27%20width%3D%272048%27%20height%3D%271363%27%20viewBox%3D%270%200%202048%201363%27%3E%3Crect%20width%3D%272048%27%20height%3D%271363%27%20fill-opacity%3D%220%22%2F%3E%3C%2Fsvg%3E\" data-orig-src=\"https:\/\/sadudelangedata.blob.core.windows.net\/files\/2025\/07\/Squisito_iNET-72dpi\u00a9-Marc-Lazzarini-standart-10.jpg\" alt=\"\" width=\"2048\" height=\"1363\" \/><\/td>\n<td style=\"width: 33.3333%;\"><img decoding=\"async\" class=\"lazyload size-full wp-image-28452 aligncenter\" src=\"data:image\/svg+xml,%3Csvg%20xmlns%3D%27http%3A%2F%2Fwww.w3.org%2F2000%2Fsvg%27%20width%3D%272048%27%20height%3D%271363%27%20viewBox%3D%270%200%202048%201363%27%3E%3Crect%20width%3D%272048%27%20height%3D%271363%27%20fill-opacity%3D%220%22%2F%3E%3C%2Fsvg%3E\" data-orig-src=\"https:\/\/sadudelangedata.blob.core.windows.net\/files\/2025\/07\/Squisito_iNET-72dpi\u00a9-Marc-Lazzarini-standart-1.jpg\" alt=\"\" width=\"2048\" height=\"1363\" \/><\/td>\n<\/tr>\n<\/tbody>\n<\/table>\n<p><em>Photos \u00a9 Marc Lazzarini<\/em><\/p>\n<p><span class=\"fontstyle0\">\u201eBei uns finden Sie eine gro\u00dfe Auswahl an au\u00dfergew\u00f6hnlichen Wurstwaren und K\u00e4sesorten sowie italienischen Weinen, Mehl, Nudeln, Oliven\u00f6len und vielem mehr. All diese Produkte werden ausschlie\u00dflich von kleinen lokalen Produzent*innen hergestellt.\u201c Qualit\u00e4t und ein guter Service stehen bei Thomas Aprilante und seinem Team an erster Stelle. Er sch\u00e4tzt vor allem die Gastfreundlichkeit der D\u00fcdelinger*innen. \u201eDie Bev\u00f6lkerung ist sehr italienisch gepr\u00e4gt und offen gegen\u00fcber der italienischen K\u00fcche. Au\u00dferdem ist D\u00fcdelingen eine dynamische Stadt mit einem attraktiven Zentrum, in dem wir uns sehr wohlf\u00fchlen.\u201c<\/span><\/p>\n<p>&nbsp;<\/p>\n<p><strong>Squisit\u00f2<\/strong><\/p>\n<p><span class=\"fontstyle0\">66 Av. G.-D. Charlotte, L-3440 Dudelange<\/span><\/p>\n<p>&nbsp;<\/p>\n<p><strong>Downloads:<\/strong><\/p>\n<p><strong>[PDF] <\/strong><span style=\"text-decoration: underline;\"><span style=\"color: #ef4030; text-decoration: underline;\"><a style=\"color: #ef4030; text-decoration: underline;\" href=\"https:\/\/sadudelangedata.blob.core.windows.net\/files\/2025\/07\/Extracted-pages-from-MengStad-2-2025-web.pdf\" target=\"_blank\" rel=\"noopener\">Article Meng Stad<\/a><\/span><\/span><\/p>\n<p><strong>[PDF]<\/strong> <span style=\"text-decoration: underline;\"><span style=\"color: #ef4030; text-decoration: underline;\"><a style=\"color: #ef4030; text-decoration: underline;\" href=\"https:\/\/sadudelangedata.blob.core.windows.net\/files\/2025\/07\/MengStad-2-2025-web.pdf\" target=\"_blank\" rel=\"noopener\">Meng Stad 2025 \/ n\u00b02<\/a><\/span><\/span><\/p>\n","protected":false},"excerpt":{"rendered":"<p>Nos commerces et entreprises<\/p>\n","protected":false},"featured_media":28448,"template":"","categories":[1],"class_list":["post-28447","actualites","type-actualites","status-publish","has-post-thumbnail","hentry","category-uncategorised"],"date_debut_affichage":"0000-00-00 00:00:00","date_fin_affichage":"0000-00-00 00:00:00","description_ecran":"","place_hotel_de_ville":"0","gare_dudelange_ville":"0","lycee_nic_biever":"0","preview":"0","visuel_prepare":false,"ordre_affichage_ecran":"0","featured_image_url":"https:\/\/sadudelangedata.blob.core.windows.net\/files\/2025\/07\/Squisito.jpg","publishpress_future_workflow_manual_trigger":{"enabledWorkflows":[]},"_links":{"self":[{"href":"https:\/\/www.dudelange.lu\/index.php\/wp-json\/wp\/v2\/actualites\/28447","targetHints":{"allow":["GET"]}}],"collection":[{"href":"https:\/\/www.dudelange.lu\/index.php\/wp-json\/wp\/v2\/actualites"}],"about":[{"href":"https:\/\/www.dudelange.lu\/index.php\/wp-json\/wp\/v2\/types\/actualites"}],"wp:featuredmedia":[{"embeddable":true,"href":"https:\/\/www.dudelange.lu\/index.php\/wp-json\/wp\/v2\/media\/28448"}],"wp:attachment":[{"href":"https:\/\/www.dudelange.lu\/index.php\/wp-json\/wp\/v2\/media?parent=28447"}],"wp:term":[{"taxonomy":"category","embeddable":true,"href":"https:\/\/www.dudelange.lu\/index.php\/wp-json\/wp\/v2\/categories?post=28447"}],"curies":[{"name":"wp","href":"https:\/\/api.w.org\/{rel}","templated":true}]}}