{"id":28453,"date":"2025-08-16T09:00:48","date_gmt":"2025-08-16T07:00:48","guid":{"rendered":"https:\/\/www.dudelange.lu\/?post_type=actualites&#038;p=28453"},"modified":"2025-08-19T08:05:55","modified_gmt":"2025-08-19T06:05:55","slug":"meng-stad-nous-sommes-comme-une-grande-famille","status":"publish","type":"actualites","link":"https:\/\/www.dudelange.lu\/index.php\/actualites\/meng-stad-nous-sommes-comme-une-grande-famille\/","title":{"rendered":"Meng Stad : \u00ab\u00a0Nous sommes comme une grande famille\u00a0\u00bb"},"content":{"rendered":"<p><span class=\"fontstyle0\">C\u2018est aussi le sentiment qui nous a envahi\u00b7es lorsque nous avons rendu visite aux r\u00e9sident\u00b7es de la Maison des a\u00een\u00e9e\u00b7es \u00ab SERVIOR Grand-Duc Jean \u00bb \u00e0 Dudelange le 19 mai 2025. Dans une ambiance chaleureuse, certain\u00b7es d\u2018entre eux\u00b7elles nous ont racont\u00e9 comment ils\u00b7elles se sentaient dans leur nouveau foyer. Tous\u00b7tes \u00e9taient unanimes sur un point : <\/span><\/p>\n<blockquote><p><span class=\"fontstyle0\">\u00ab Ici, chacun peut vivre comme il\u00b7elle l\u2018entend ! \u00bb<\/span><\/p><\/blockquote>\n<p><strong> <span class=\"fontstyle0\">WIR SIND WIE EINE GROSSE FAMILIE<\/span><\/strong><\/p>\n<p><span class=\"fontstyle0\">[DE] Dieses Gef\u00fchl wurde auch uns vermittelt, als wir am 19. Mai 2025 die Bewohner*innen im Altersheim SERVIOR Grand-Duc Jean besuchten. In gem\u00fctlicher Runde erz\u00e4hlten einige von ihnen, wie sie das Leben in ihrem neuen Zuhause empfinden. In einem Punkt waren sich alle einig: <\/span><\/p>\n<blockquote><p><span class=\"fontstyle0\">\u201eJede*r kann hier leben, wie er oder sie es m\u00f6chte\u201c!<\/span><\/p><\/blockquote>\n<p><span style=\"color: #ef4030;\"><strong><span class=\"fontstyle0\">CESARINA OLIVIERI-ZOPPI (<\/span><span class=\"fontstyle2\">100 ans \/ Jahre)<\/span><\/strong><\/span><\/p>\n<p><span class=\"fontstyle2\">Cette centenaire alerte se dit bien install\u00e9e dans son nouveau foyer. \u00ab Au d\u00e9but, ce n\u2018\u00e9tait pas facile \u00bb, admetelle. Mais les pr\u00e9paratifs de sa grande f\u00eate d\u2018anniversaire, qui a eu lieu le 24 mars dans la salle des f\u00eates de la Maison des a\u00een\u00e9\u00b7es, l\u2018ont aid\u00e9e \u00e0 s\u2018acclimater rapidement. <\/span><\/p>\n<p><span class=\"fontstyle2\">En pr\u00e9sence du ministre de la Famille Max Hahn, du bourgmestre Dan Biancalana, de toute sa famille et de nombreux\u00b7ses ami\u00b7es, la f\u00eate a battu son plein et le limoncello fait maison de Cesarina Olivieri a \u00e9t\u00e9 servi aux convives. <\/span>Elle est arriv\u00e9e au Luxembourg en 1949, alors qu\u2018elle \u00e9tait encore une jeune fille originaire de la r\u00e9gion de V\u00e9rone.<\/p>\n<blockquote><p><span class=\"fontstyle2\"><span class=\"fontstyle0\">\u00ab J\u2018ai v\u00e9cu toute ma vie dans le quartier Italie. Dudelange a toujours \u00e9t\u00e9 ma patrie. \u00bb <\/span><\/span><\/p><\/blockquote>\n<p><span class=\"fontstyle2\"><span class=\"fontstyle0\">Couturi\u00e8re de formation, elle cousait pour ses ami\u00b7es et ses voisin\u00b7es pendant son temps libre. Elle aimait \u00e9galement le<\/span> <span class=\"fontstyle0\">jardinage. Aujourd\u2018hui, elle m\u00e8ne une vie plus tranquille<\/span><\/span><span class=\"fontstyle2\"><span class=\"fontstyle0\">. Son programme quotidien comprend de la gymnastique et des promenades. Elle adore \u00e9galement faire r\u00e9guli\u00e8rement du shopping avec sa belle-fille.<\/span>\u00a0<\/span><\/p>\n<div id=\"attachment_28462\" style=\"width: 532px\" class=\"wp-caption aligncenter\"><img decoding=\"async\" aria-describedby=\"caption-attachment-28462\" class=\"lazyload wp-image-28462\" src=\"data:image\/svg+xml,%3Csvg%20xmlns%3D%27http%3A%2F%2Fwww.w3.org%2F2000%2Fsvg%27%20width%3D%27522%27%20height%3D%27348%27%20viewBox%3D%270%200%20522%20348%27%3E%3Crect%20width%3D%27522%27%20height%3D%27348%27%20fill-opacity%3D%220%22%2F%3E%3C%2Fsvg%3E\" data-orig-src=\"https:\/\/sadudelangedata.blob.core.windows.net\/files\/2025\/07\/VdD_CipaServior_InterviewHabitants_2025_iNet72dpi\u00a9MichaelDias-standart-15.jpg\" width=\"522\" height=\"348\" \/><p id=\"caption-attachment-28462\" class=\"wp-caption-text\">Photo \u00a9 Michael Dias<\/p><\/div>\n<p><span class=\"fontstyle0\">[DE] <span style=\"color: #3e3e3e;\">Die r\u00fcstige 100-J\u00e4hrige hat sich eigenen Aussagen zufolge gut in ihrem neuen Zuhause eingelebt. \u201eAm Anfang war es nicht einfach\u201c, gibt sie zu. Doch die Vorbereitungen f\u00fcr ihre gro\u00dfe Geburtstagsfeier, die am 24. M\u00e4rz im Festsaal des Wohnheims stattfand, sorgten daf\u00fcr, dass sie sich rasch eingew\u00f6hnte. In Anwesenheit von Familienminister Max Hahn, B\u00fcrgermeister Dan Biancalana sowie der gesamten Familie und vielen Freund*innen wurde gefeiert und Cesarina Olivieris hausgemachter Limoncello serviert.<\/span><\/span><\/p>\n<table style=\"border-collapse: collapse; width: 100%;\">\n<tbody>\n<tr>\n<td style=\"width: 50%;\"><img decoding=\"async\" class=\"lazyload size-full wp-image-28642 aligncenter\" src=\"data:image\/svg+xml,%3Csvg%20xmlns%3D%27http%3A%2F%2Fwww.w3.org%2F2000%2Fsvg%27%20width%3D%272048%27%20height%3D%271365%27%20viewBox%3D%270%200%202048%201365%27%3E%3Crect%20width%3D%272048%27%20height%3D%271365%27%20fill-opacity%3D%220%22%2F%3E%3C%2Fsvg%3E\" data-orig-src=\"https:\/\/sadudelangedata.blob.core.windows.net\/files\/2025\/08\/VdD_Anniversaire_100Ans_MmeZoppi_Cipa_2025_iNet72dpi\u00a9MichaelDias-standart-66.jpg\" alt=\"\" width=\"2048\" height=\"1365\" \/><\/td>\n<td style=\"width: 50%;\"><img decoding=\"async\" class=\"lazyload size-full wp-image-28643 aligncenter\" src=\"data:image\/svg+xml,%3Csvg%20xmlns%3D%27http%3A%2F%2Fwww.w3.org%2F2000%2Fsvg%27%20width%3D%272048%27%20height%3D%271365%27%20viewBox%3D%270%200%202048%201365%27%3E%3Crect%20width%3D%272048%27%20height%3D%271365%27%20fill-opacity%3D%220%22%2F%3E%3C%2Fsvg%3E\" data-orig-src=\"https:\/\/sadudelangedata.blob.core.windows.net\/files\/2025\/08\/VdD_Anniversaire_100Ans_MmeZoppi_Cipa_2025_iNet72dpi\u00a9MichaelDias-standart-73.jpg\" alt=\"\" width=\"2048\" height=\"1365\" \/><\/td>\n<\/tr>\n<\/tbody>\n<\/table>\n<p>Photos \u00a9 Michael Dias<\/p>\n<p><span class=\"fontstyle0\" style=\"color: #3e3e3e;\">Sie kam im Jahr 1949 als junges M\u00e4dchen aus der Gegend von Verona nach Luxemburg. <\/span><\/p>\n<blockquote><p><span class=\"fontstyle0\" style=\"color: #3e3e3e;\">\u201eIch habe mein Leben lang im Viertel Italien gelebt. D\u00fcdelingen war immer meine Heimat.\u201c <\/span><\/p><\/blockquote>\n<p><span class=\"fontstyle0\" style=\"color: #3e3e3e;\">Die gelernte Schneiderin n\u00e4hte in ihrer Freizeit f\u00fcr Freund*innen und Nachbar*innen. Au\u00dferdem liebte sie die Gartenarbeit. Heute geht sie es etwas ruhiger an. Auf ihrem Tagesplan stehen Turnen und Spazierengehen. Au\u00dferdem liebt sie es, regelm\u00e4\u00dfig mit ihrer Schwiegertochter shoppen zu gehen.<\/span><\/p>\n<p><span style=\"color: #ef4030;\"><strong><span class=\"fontstyle0\">PIERRE CAPITANI (<\/span><span class=\"fontstyle2\">85 ans \/ Jahre)<\/span><\/strong><\/span><\/p>\n<p><span class=\"fontstyle0\">Pierre Capitani vit depuis trois ans \u00e0 la Maison des a\u00een\u00e9\u00b7es de Dudelange. En mai, l\u2018ancien footballeur de l\u2018\u00ab Alliance Diddeleng \u00bb a \u00e9t\u00e9 \u00e9lu nouveau pr\u00e9sident du conseil des r\u00e9- sident\u00b7es. Cet organe repr\u00e9sente les int\u00e9r\u00eats des habitant\u00b7es. <\/span><\/p>\n<blockquote><p><span class=\"fontstyle0\">\u00ab Le conseil des r\u00e9sident\u00b7es se r\u00e9unit une fois par mois. Nous discutons des probl\u00e8mes et proposons des solutions si n\u00e9- cessaire. Certaines suggestions sont accept\u00e9es par la direction, d\u2018autres non. Mais nous avons avec elle d\u2018excellentes relations. \u00bb<\/span><\/p><\/blockquote>\n<div id=\"attachment_28463\" style=\"width: 432px\" class=\"wp-caption aligncenter\"><img decoding=\"async\" aria-describedby=\"caption-attachment-28463\" class=\"lazyload wp-image-28463\" src=\"data:image\/svg+xml,%3Csvg%20xmlns%3D%27http%3A%2F%2Fwww.w3.org%2F2000%2Fsvg%27%20width%3D%27422%27%20height%3D%27633%27%20viewBox%3D%270%200%20422%20633%27%3E%3Crect%20width%3D%27422%27%20height%3D%27633%27%20fill-opacity%3D%220%22%2F%3E%3C%2Fsvg%3E\" data-orig-src=\"https:\/\/sadudelangedata.blob.core.windows.net\/files\/2025\/07\/VdD_CipaServior_InterviewHabitants_2025_iNet72dpi\u00a9MichaelDias-standart-35.jpg\" width=\"422\" height=\"633\" \/><p id=\"caption-attachment-28463\" class=\"wp-caption-text\">Photo \u00a9 Michael Dias<\/p><\/div>\n<p>[DE] Pierre Capitani lebt seit drei Jahren im Altenheim in D\u00fcdelingen. Im Mai wurde der ehemalige Fu\u00dfballspieler der \u201eAlliance Diddeleng\u201c zum neuen Pr\u00e4sidenten des Heimrates gew\u00e4hlt. Dieses Gremium vertritt die Interessen der Einwohner*innen.<\/p>\n<blockquote><p><span class=\"fontstyle0\">\u201eEinmal im Monat tagt der Heimrat. Wir diskutieren \u00fcber Probleme und machen gegebenenfalls L\u00f6sungsvorschl\u00e4ge. Manche Vorschl\u00e4ge werden von der Heimleitung angenommen, andere nicht. Wir haben jedoch eine hervorragende Beziehung zu unserer Gesch\u00e4ftsf\u00fchrung.\u00a0\u00bb<br \/>\n<\/span><\/p><\/blockquote>\n<p><span class=\"fontstyle0\"><span style=\"color: #ef4030;\"><strong><span class=\"fontstyle0\">FRAN\u00c7OIS RANDOLPH (<\/span><span class=\"fontstyle2\">81 ans\u2009\/\u2009Jahre)<\/span><\/strong><\/span><br \/>\n<\/span><\/p>\n<p><span class=\"fontstyle2\">Il y a six ans, Randolph Fran\u00e7ois a emm\u00e9nag\u00e9 dans la maison de retraite avec son \u00e9pouse, aujourd\u2018hui d\u00e9c\u00e9d\u00e9e. \u00ab \u00c0 l\u2018\u00e9poque, cette d\u00e9cision a \u00e9t\u00e9 tr\u00e8s bonne \u00bb, dit-il. <\/span><\/p>\n<blockquote><p><span class=\"fontstyle2\">\u00ab Je me sens tr\u00e8s bien et j\u2018appr\u00e9cie les bons moments pass\u00e9s avec mes colocataires. \u00bb<\/span><\/p><\/blockquote>\n<div id=\"attachment_28464\" style=\"width: 432px\" class=\"wp-caption aligncenter\"><img decoding=\"async\" aria-describedby=\"caption-attachment-28464\" class=\"lazyload wp-image-28464\" src=\"data:image\/svg+xml,%3Csvg%20xmlns%3D%27http%3A%2F%2Fwww.w3.org%2F2000%2Fsvg%27%20width%3D%27422%27%20height%3D%27633%27%20viewBox%3D%270%200%20422%20633%27%3E%3Crect%20width%3D%27422%27%20height%3D%27633%27%20fill-opacity%3D%220%22%2F%3E%3C%2Fsvg%3E\" data-orig-src=\"https:\/\/sadudelangedata.blob.core.windows.net\/files\/2025\/07\/VdD_CipaServior_InterviewHabitants_2025_iNet72dpi\u00a9MichaelDias-standart-42.jpg\" width=\"422\" height=\"633\" \/><p id=\"caption-attachment-28464\" class=\"wp-caption-text\">Photo \u00a9 Michael Dias<\/p><\/div>\n<p><span class=\"fontstyle0\">[DE] <\/span><span class=\"fontstyle2\">Vor sechs Jahren zog Randolph Fran\u00e7ois gemeinsam mit seiner inzwischen verstorbenen Ehefrau ins Senior*innenheim. <\/span><span class=\"fontstyle2\">\u201eDieser Schritt war damals eine sehr gute Entscheidung\u201c, sagt er. <\/span><\/p>\n<blockquote><p><span class=\"fontstyle2\">\u201eIch f\u00fchle mich sehr wohl und genie\u00dfe die gute Zeit mit meinen Mitbewohner*innen\u201c.<\/span><\/p><\/blockquote>\n<p><span style=\"color: #ef4030;\"><strong><span class=\"fontstyle0\">MARIE-ROSE SCHOLER-ECKER (<\/span><span class=\"fontstyle2\">90 ans\u2009\/\u2009Jahre)<\/span><\/strong><\/span><\/p>\n<blockquote><p><span class=\"fontstyle2\">\u00ab Je me sens ici comme \u00e0 l\u2019h\u00f4tel \u00bb<\/span><\/p><\/blockquote>\n<p><span class=\"fontstyle2\">, s\u2018enthousiasme la r\u00e9sidente. Jeune femme, elle \u00e9tait pr\u00e9sente lors de l\u2018inauguration de l\u2018ancienne maison de retraite en 1959. \u00c0 l\u2018\u00e9poque, elle \u00e9tait membre de l\u2019Harmonie municipale de Dudelange. Le nouveau b\u00e2timent, construit en 2009, est d\u00e9- sormais son domicile depuis quatre ans. Marie-Rose Scholer-Ecker adore la musique. Jeune femme, cette musicienne de formation se produisait avec son accord\u00e9on lors de bals \u00e0 Dudelange.<\/span><\/p>\n<div id=\"attachment_28465\" style=\"width: 432px\" class=\"wp-caption aligncenter\"><img decoding=\"async\" aria-describedby=\"caption-attachment-28465\" class=\"lazyload wp-image-28465\" src=\"data:image\/svg+xml,%3Csvg%20xmlns%3D%27http%3A%2F%2Fwww.w3.org%2F2000%2Fsvg%27%20width%3D%27422%27%20height%3D%27633%27%20viewBox%3D%270%200%20422%20633%27%3E%3Crect%20width%3D%27422%27%20height%3D%27633%27%20fill-opacity%3D%220%22%2F%3E%3C%2Fsvg%3E\" data-orig-src=\"https:\/\/sadudelangedata.blob.core.windows.net\/files\/2025\/07\/VdD_CipaServior_InterviewHabitants_2025_iNet72dpi\u00a9MichaelDias-standart-38.jpg\" width=\"422\" height=\"633\" \/><p id=\"caption-attachment-28465\" class=\"wp-caption-text\">Photo \u00a9 Michael Dias<\/p><\/div>\n<p><span class=\"fontstyle0\">[DE] <\/span><\/p>\n<blockquote><p><span class=\"fontstyle2\">\u201eIch f\u00fchle mich hier wie in einem Hotel\u201c, schw\u00e4rmt sie. <\/span><\/p><\/blockquote>\n<p><span class=\"fontstyle2\">Als junge Frau war sie 1959 bei der Einweihung des damaligen Senior*innenwohnheims dabei. Damals war sie Mitglied der D\u00fcdelinger Stadtmusik. Das neue Geb\u00e4ude aus dem Jahr 2009 ist nun schon seit vier Jahren ihr Zuhause. Marie-Rose Scholer-Ecker liebt die Musik. In jungen Jahren trat die ausgebildete Musikerin mit ihrem Akkordeon bei Tanzveranstaltungen in D\u00fc- delingen auf.<\/span><\/p>\n<p><span style=\"color: #ef4030;\"><strong><span class=\"fontstyle0\">ANITA WELTER-JEITZ (<\/span><span class=\"fontstyle2\">92 ans\u2009\/\u2009Jahre)<\/span><\/strong><\/span><\/p>\n<p><span class=\"fontstyle2\">Anita Welter-Jeitz vit depuis un an et demi \u00e0 la Maison des a\u00een\u00e9\u00b7es. \u00ab Je ne pourrais vraiment pas \u00eatre plus satisfaite \u00bb, souligne l\u2018ancienne employ\u00e9e de bureau. <\/span><\/p>\n<blockquote><p><span class=\"fontstyle2\">\u00ab On nous propose \u00e9norm\u00e9ment d\u2018activit\u00e9s. On ne s\u2018ennuie jamais. J\u2018appr\u00e9cie aussi beaucoup qu\u2018il y ait toujours quelqu\u2018un \u00e0 l\u2018\u00e9coute et pr\u00eat \u00e0 nous aider en cas de probl\u00e8me. \u00bb<\/span><\/p><\/blockquote>\n<div id=\"attachment_28459\" style=\"width: 532px\" class=\"wp-caption aligncenter\"><img decoding=\"async\" aria-describedby=\"caption-attachment-28459\" class=\"lazyload wp-image-28459\" src=\"data:image\/svg+xml,%3Csvg%20xmlns%3D%27http%3A%2F%2Fwww.w3.org%2F2000%2Fsvg%27%20width%3D%27522%27%20height%3D%27348%27%20viewBox%3D%270%200%20522%20348%27%3E%3Crect%20width%3D%27522%27%20height%3D%27348%27%20fill-opacity%3D%220%22%2F%3E%3C%2Fsvg%3E\" data-orig-src=\"https:\/\/sadudelangedata.blob.core.windows.net\/files\/2025\/07\/VdD_CipaServior_InterviewHabitants_2025_iNet72dpi\u00a9MichaelDias-standart-24.jpg\" width=\"522\" height=\"348\" \/><p id=\"caption-attachment-28459\" class=\"wp-caption-text\">Photo \u00a9 Michael Dias<\/p><\/div>\n<p><span class=\"fontstyle0\">[DE] <\/span><span class=\"fontstyle2\">Anita Welter-Jeitz wohnt seit eineinhalb Jahren im Senior*innenheim. \u201eIch k\u00f6nnte wirklich nicht zufriedener sein\u201c, betont die ehemalige B\u00fcroangestellte. <\/span><\/p>\n<blockquote><p><span class=\"fontstyle2\">\u201eWir bekommen unheimlich viel geboten. Es ist nie langweilig. Ich wei\u00df es auch sehr zu sch\u00e4tzen, dass immer Menschen da sind, die einem zuh\u00f6ren und uns bei pers\u00f6nlichen Problemen zur Seite stehen.\u201c<\/span><\/p><\/blockquote>\n<p><span style=\"color: #ef4030;\"><strong><span class=\"fontstyle0\">FERNANDE CLEES (<\/span><span class=\"fontstyle2\">79 ans\u2009\/\u2009Jahre)<\/span><\/strong><\/span><\/p>\n<p><span class=\"fontstyle2\">Fernande Clees avait \u00e9t\u00e9 pr\u00e9voyante en d\u00e9posant sa demande aupr\u00e8s de SERVIOR il y a plus de dix ans. \u00ab Lorsque mon \u00e9tat de sant\u00e9 s\u2018est gravement d\u00e9t\u00e9rior\u00e9 il y a deux ans, tout est all\u00e9 tr\u00e8s vite \u00bb, raconte cette enseignante \u00e0 la retraite. Aujourd\u2018hui, elle se sent bien dans son nouveau foyer, m\u00eame si cela a \u00e9t\u00e9 un \u00e9norme changement pour elle au d\u00e9but. <\/span><\/p>\n<blockquote><p><span class=\"fontstyle2\">\u00ab Le personnel est toujours aimable et tout le monde ici est tr\u00e8s d\u00e9vou\u00e9. \u00bb<\/span><\/p><\/blockquote>\n<div id=\"attachment_28460\" style=\"width: 432px\" class=\"wp-caption aligncenter\"><img decoding=\"async\" aria-describedby=\"caption-attachment-28460\" class=\"lazyload wp-image-28460\" src=\"data:image\/svg+xml,%3Csvg%20xmlns%3D%27http%3A%2F%2Fwww.w3.org%2F2000%2Fsvg%27%20width%3D%27422%27%20height%3D%27633%27%20viewBox%3D%270%200%20422%20633%27%3E%3Crect%20width%3D%27422%27%20height%3D%27633%27%20fill-opacity%3D%220%22%2F%3E%3C%2Fsvg%3E\" data-orig-src=\"https:\/\/sadudelangedata.blob.core.windows.net\/files\/2025\/07\/VdD_CipaServior_InterviewHabitants_2025_iNet72dpi\u00a9MichaelDias-standart-40.jpg\" width=\"422\" height=\"633\" \/><p id=\"caption-attachment-28460\" class=\"wp-caption-text\">Photo \u00a9 Michael Dias<\/p><\/div>\n<p><span class=\"fontstyle0\">[DE] <\/span><span class=\"fontstyle2\">Fernande Clees hatte pr\u00e4ventiv vorgesorgt und bereits vor \u00fcber zehn Jahren ihren Antrag bei SERVIOR eingereicht. \u201eAls sich mein Gesundheitszustand vor zwei Jahren akut verschlechterte, ging alles sehr schnell\u201c, erz\u00e4hlt uns die pensionierte Lehrerin. Heute f\u00fchlt sie sich eigenen Aussagen zufolge in ihrem neuen Zuhause wohl, auch wenn es anfangs eine gewaltige Umstellung f\u00fcr sie war. <\/span><\/p>\n<blockquote><p><span class=\"fontstyle2\">\u201eVor allem das Personal ist immer freundlich und alle hier sind sehr engagiert.\u201c<\/span><\/p><\/blockquote>\n<p><span style=\"color: #ef4030;\"><strong><span class=\"fontstyle0\">L\u00c9ONIE VALENTINY-EUTROPI (<\/span><span class=\"fontstyle2\">94 ans\u2009\/\u2009Jahre)<\/span><\/strong><\/span><\/p>\n<p><span class=\"fontstyle2\">L\u00e9onie Valentiny fait partie de cette grande famille depuis dix ans. <\/span><\/p>\n<blockquote><p><span class=\"fontstyle2\">\u00ab Je suis n\u00e9e dans le quartier Italie et j\u2018ai tenu une \u00e9picerie dans le m\u00eame quartier pendant 20 ans. \u00bb <\/span><\/p><\/blockquote>\n<p><span class=\"fontstyle2\">Apr\u00e8s avoir malheureusement fait une chute dans les escaliers, elle a pr\u00e9f\u00e9r\u00e9 la s\u00e9curit\u00e9 de la maison de retraite de Dudelange. Dans sa jeunesse, elle aimait aussi la musique de danse et animait souvent les soir\u00e9es dansantes, notamment au Centre Hild, avec son accord\u00e9on.<\/span><\/p>\n<div id=\"attachment_28461\" style=\"width: 432px\" class=\"wp-caption aligncenter\"><img decoding=\"async\" aria-describedby=\"caption-attachment-28461\" class=\"lazyload wp-image-28461\" src=\"data:image\/svg+xml,%3Csvg%20xmlns%3D%27http%3A%2F%2Fwww.w3.org%2F2000%2Fsvg%27%20width%3D%27422%27%20height%3D%27633%27%20viewBox%3D%270%200%20422%20633%27%3E%3Crect%20width%3D%27422%27%20height%3D%27633%27%20fill-opacity%3D%220%22%2F%3E%3C%2Fsvg%3E\" data-orig-src=\"https:\/\/sadudelangedata.blob.core.windows.net\/files\/2025\/07\/VdD_CipaServior_InterviewHabitants_2025_iNet72dpi\u00a9MichaelDias-standart-41.jpg\" width=\"422\" height=\"633\" \/><p id=\"caption-attachment-28461\" class=\"wp-caption-text\">Photo \u00a9 Michael Dias<\/p><\/div>\n<p><span class=\"fontstyle0\">[DE] <\/span><span class=\"fontstyle2\">L\u00e9onie Valentiny ist seit zehn Jahren ein Teil dieser gro\u00dfen Familie. <\/span><\/p>\n<blockquote><p><span class=\"fontstyle2\">\u201eIch bin im Viertel Italien zur Welt gekommen und habe 20 Jahre lang einen Lebensmittelladen im selben Wohnviertel betrieben.\u201c <\/span><\/p><\/blockquote>\n<p><span class=\"fontstyle2\">Nachdem sie ungl\u00fccklicherweise die Treppen heruntergest\u00fcrzt war, bevorzugte sie die Sicherheit im Senior*innenwohnheim. In ihren jungen Jahren liebte auch sie Tanzmusik und sorgte des \u00d6fteren mit ihrem Akkordeon bei Tanzveranstaltungen, unter anderem im Centre Hild f\u00fcr Stimmung.<\/span><\/p>\n<p>&#8211;<\/p>\n<p><span style=\"color: #ef4030;\"><strong><span class=\"fontstyle0\">Campagne de sensibilisation \/ <\/span><span class=\"fontstyle2\">Sensibilisierungskampagne\u00a0<\/span><\/strong><\/span><\/p>\n<p><span class=\"fontstyle0\">Le 17 juin la Ville de Dudelange avait organis\u00e9 une campagne de sensibilisation dans la zone Shared Space avec la Maison des a\u00een\u00e9\u00b7es Grand-Duc Jean. L\u2019objectif \u00e9tant que les automobilistes qui empruntent l\u2019avenue G-D. Charlotte, respectent la limitation de vitesse de 20 km\/h. Dans la cadre de l\u2019action \u00ab Escargot \u00bb, les senior\u00b7es, ensemble avec les services Circulation et F\u00eates et Manifestations de la Ville de Dudelange, ont distribu\u00e9 des flyers informatifs et des viennoiseries.<\/span><\/p>\n<div id=\"attachment_28467\" style=\"width: 810px\" class=\"wp-caption aligncenter\"><img decoding=\"async\" aria-describedby=\"caption-attachment-28467\" class=\"lazyload wp-image-28467\" src=\"data:image\/svg+xml,%3Csvg%20xmlns%3D%27http%3A%2F%2Fwww.w3.org%2F2000%2Fsvg%27%20width%3D%27800%27%20height%3D%27533%27%20viewBox%3D%270%200%20800%20533%27%3E%3Crect%20width%3D%27800%27%20height%3D%27533%27%20fill-opacity%3D%220%22%2F%3E%3C%2Fsvg%3E\" data-orig-src=\"https:\/\/sadudelangedata.blob.core.windows.net\/files\/2025\/07\/VdD_X_Servior_Sensibilisation_ZoneSharedSpace_2025_iNet72dpi\u00a9MichaelDias-standart-53.jpg\" width=\"800\" height=\"533\" \/><p id=\"caption-attachment-28467\" class=\"wp-caption-text\">Photo \u00a9 Michael Dias<\/p><\/div>\n<p><span class=\"fontstyle2\">[DE] <\/span><span class=\"fontstyle0\">Am 17. Juni organisierte die Stadt D\u00fcdelingen gemeinsam mit dem Senior*innenheim eine Sensibilisierungskampagne im Shared Space. Ziel war es, dass Autofahrer, die die Avenue G-D. Charlotte befahren, die Geschwindigkeitsbegrenzung von 20 km\/h einhalten. Im Rahmen der Aktion \u201eSchnecke\u201d verteilten die Senior*innen gemeinsam mit den Dienststellen f\u00fcr Verkehr und Feste und Veranstaltungen der Stadt D\u00fcdelingen Informationsflyer sowie s\u00fc\u00dfe \u201eSchnecken\u201c zum Verzehr.<\/span><\/p>\n<table style=\"border-collapse: collapse; width: 100%;\">\n<tbody>\n<tr>\n<td style=\"width: 25%;\"><img decoding=\"async\" class=\"lazyload size-full wp-image-28468 aligncenter\" src=\"data:image\/svg+xml,%3Csvg%20xmlns%3D%27http%3A%2F%2Fwww.w3.org%2F2000%2Fsvg%27%20width%3D%272048%27%20height%3D%271365%27%20viewBox%3D%270%200%202048%201365%27%3E%3Crect%20width%3D%272048%27%20height%3D%271365%27%20fill-opacity%3D%220%22%2F%3E%3C%2Fsvg%3E\" data-orig-src=\"https:\/\/sadudelangedata.blob.core.windows.net\/files\/2025\/07\/VdD_X_Servior_Sensibilisation_ZoneSharedSpace_2025_iNet72dpi\u00a9MichaelDias-standart-10.jpg\" alt=\"\" width=\"2048\" height=\"1365\" \/><\/td>\n<td style=\"width: 25%;\"><img decoding=\"async\" class=\"lazyload size-full wp-image-28469 aligncenter\" src=\"data:image\/svg+xml,%3Csvg%20xmlns%3D%27http%3A%2F%2Fwww.w3.org%2F2000%2Fsvg%27%20width%3D%272048%27%20height%3D%271365%27%20viewBox%3D%270%200%202048%201365%27%3E%3Crect%20width%3D%272048%27%20height%3D%271365%27%20fill-opacity%3D%220%22%2F%3E%3C%2Fsvg%3E\" data-orig-src=\"https:\/\/sadudelangedata.blob.core.windows.net\/files\/2025\/07\/VdD_X_Servior_Sensibilisation_ZoneSharedSpace_2025_iNet72dpi\u00a9MichaelDias-standart-13.jpg\" alt=\"\" width=\"2048\" height=\"1365\" \/><\/td>\n<td style=\"width: 25%;\"><img decoding=\"async\" class=\"lazyload size-full wp-image-28470 aligncenter\" src=\"data:image\/svg+xml,%3Csvg%20xmlns%3D%27http%3A%2F%2Fwww.w3.org%2F2000%2Fsvg%27%20width%3D%272048%27%20height%3D%271365%27%20viewBox%3D%270%200%202048%201365%27%3E%3Crect%20width%3D%272048%27%20height%3D%271365%27%20fill-opacity%3D%220%22%2F%3E%3C%2Fsvg%3E\" data-orig-src=\"https:\/\/sadudelangedata.blob.core.windows.net\/files\/2025\/07\/VdD_X_Servior_Sensibilisation_ZoneSharedSpace_2025_iNet72dpi\u00a9MichaelDias-standart-33.jpg\" alt=\"\" width=\"2048\" height=\"1365\" \/><\/td>\n<td style=\"width: 25%;\"><img decoding=\"async\" class=\"lazyload size-full wp-image-28471 aligncenter\" src=\"data:image\/svg+xml,%3Csvg%20xmlns%3D%27http%3A%2F%2Fwww.w3.org%2F2000%2Fsvg%27%20width%3D%272048%27%20height%3D%271365%27%20viewBox%3D%270%200%202048%201365%27%3E%3Crect%20width%3D%272048%27%20height%3D%271365%27%20fill-opacity%3D%220%22%2F%3E%3C%2Fsvg%3E\" data-orig-src=\"https:\/\/sadudelangedata.blob.core.windows.net\/files\/2025\/07\/VdD_X_Servior_Sensibilisation_ZoneSharedSpace_2025_iNet72dpi\u00a9MichaelDias-standart-14.jpg\" alt=\"\" width=\"2048\" height=\"1365\" \/><\/td>\n<\/tr>\n<\/tbody>\n<\/table>\n<p><em>Photos \u00a9 Michael Dias<\/em><\/p>\n<p>&nbsp;<\/p>\n<p><strong>Downloads:<\/strong><\/p>\n<p><strong>[PDF]\u00a0<\/strong><span style=\"color: #ef4030;\"> <a style=\"color: #ef4030; text-decoration: underline;\" href=\"https:\/\/sadudelangedata.blob.core.windows.net\/files\/2025\/07\/Servior.pdf\" target=\"_blank\" rel=\"noopener\">Article Meng Stad<\/a><\/span><\/p>\n<p><strong>[PDF]<\/strong> <span style=\"text-decoration: underline;\"><span style=\"color: #ef4030; text-decoration: underline;\"><a style=\"color: #ef4030; text-decoration: underline;\" href=\"https:\/\/sadudelangedata.blob.core.windows.net\/files\/2025\/07\/MengStad-2-2025-web.pdf\" target=\"_blank\" rel=\"noopener\">Meng Stad 2025 \/ n\u00b02<\/a><\/span><\/span><\/p>\n","protected":false},"excerpt":{"rendered":"<p>Portrait de la Maison des a\u00een\u00e9e\u00b7es \u00ab SERVIOR Grand-Duc Jean \u00bb<\/p>\n","protected":false},"featured_media":28454,"template":"","categories":[1],"class_list":["post-28453","actualites","type-actualites","status-publish","has-post-thumbnail","hentry","category-uncategorised"],"date_debut_affichage":"0000-00-00 00:00:00","date_fin_affichage":"0000-00-00 00:00:00","description_ecran":"","place_hotel_de_ville":"0","gare_dudelange_ville":"0","lycee_nic_biever":"0","preview":"0","visuel_prepare":false,"ordre_affichage_ecran":"0","featured_image_url":"https:\/\/sadudelangedata.blob.core.windows.net\/files\/2025\/07\/Cipa.jpg","publishpress_future_workflow_manual_trigger":{"enabledWorkflows":[]},"_links":{"self":[{"href":"https:\/\/www.dudelange.lu\/index.php\/wp-json\/wp\/v2\/actualites\/28453","targetHints":{"allow":["GET"]}}],"collection":[{"href":"https:\/\/www.dudelange.lu\/index.php\/wp-json\/wp\/v2\/actualites"}],"about":[{"href":"https:\/\/www.dudelange.lu\/index.php\/wp-json\/wp\/v2\/types\/actualites"}],"wp:featuredmedia":[{"embeddable":true,"href":"https:\/\/www.dudelange.lu\/index.php\/wp-json\/wp\/v2\/media\/28454"}],"wp:attachment":[{"href":"https:\/\/www.dudelange.lu\/index.php\/wp-json\/wp\/v2\/media?parent=28453"}],"wp:term":[{"taxonomy":"category","embeddable":true,"href":"https:\/\/www.dudelange.lu\/index.php\/wp-json\/wp\/v2\/categories?post=28453"}],"curies":[{"name":"wp","href":"https:\/\/api.w.org\/{rel}","templated":true}]}}