{"id":29373,"date":"2025-12-03T11:20:34","date_gmt":"2025-12-03T10:20:34","guid":{"rendered":"https:\/\/www.dudelange.lu\/?post_type=actualites&#038;p=29373"},"modified":"2025-12-04T14:58:15","modified_gmt":"2025-12-04T13:58:15","slug":"meng-stad-dudelange-vivez-comme-dans-le-sud","status":"publish","type":"actualites","link":"https:\/\/www.dudelange.lu\/index.php\/actualites\/meng-stad-dudelange-vivez-comme-dans-le-sud\/","title":{"rendered":"Meng Stad : Dudelange, vivez comme dans le sud"},"content":{"rendered":"<p><span class=\"fontstyle0\">Si Dudelange \u00e9tait une destination de vacances, ce serait Rhodes, Porto, la Provence, Bari ou Ibiza ? Pour r\u00e9pondre \u00e0 ces questions, la Ville de Dudelange a organis\u00e9 au printemps dernier un casting. Pr\u00e8s de 400 habitant\u00b7es de Dudelange ont r\u00e9pondu \u00e0 l\u2018appel. Au final, 18 candidat\u00b7es ont \u00e9t\u00e9 s\u00e9lectionn\u00e9\u00b7es. Les responsables communaux\u00b7ales tenaient \u00e0 ce que la nouvelle campagne soit incarn\u00e9e par des personnes de tous \u00e2ges.<\/span><\/p>\n<p><em>(F\u00fcr die deutsche Fassung des Artikels, scrollen Sie bitte runter)<\/em><\/p>\n<p><span class=\"fontstyle0\">Alexandra, Antonella, Carlo, Charel, Dany, Darlene, Dylan, Eliyah, Germain, Inoha, Kany, Mandy, Mara, Marco, Marie, Maylee, Max et Yann pr\u00e9sentent Dudelange de mani\u00e8re authentique et chaleureuse. Ils\u00b7Elles ont tous\u00b7tes pr\u00eat\u00e9 leur visage ou leur voix \u00e0 la campagne. Au cours des derni\u00e8res semaines, des affiches avec leurs portraits ont \u00e9t\u00e9 placard\u00e9es aux arr\u00eats de bus, sur les bus et les colonnes publicitaires. Des annonces ont \u00e9t\u00e9 publi\u00e9es dans les quotidiens et des courts-m\u00e9trages ont \u00e9t\u00e9 diffus\u00e9s sur les r\u00e9seaux sociaux de la commune. Notre ville a \u00e9t\u00e9 pr\u00e9sent\u00e9e comme une alternative agr\u00e9able et surprenante aux destinations touristiques populaires du sud de l\u2018Europe.<\/span><\/p>\n<table style=\"border-collapse: collapse; width: 100%;\">\n<tbody>\n<tr>\n<td style=\"width: 100%;\"><img decoding=\"async\" class=\"lazyload alignnone size-full wp-image-28770\" src=\"data:image\/svg+xml,%3Csvg%20xmlns%3D%27http%3A%2F%2Fwww.w3.org%2F2000%2Fsvg%27%20width%3D%272143%27%20height%3D%27595%27%20viewBox%3D%270%200%202143%20595%27%3E%3Crect%20width%3D%272143%27%20height%3D%27595%27%20fill-opacity%3D%220%22%2F%3E%3C%2Fsvg%3E\" data-orig-src=\"https:\/\/sadudelangedata.blob.core.windows.net\/files\/2025\/09\/Affiches-odls.jpg\" alt=\"\" width=\"2143\" height=\"595\" \/><\/td>\n<\/tr>\n<\/tbody>\n<\/table>\n<p>&nbsp;<\/p>\n<p><span class=\"fontstyle0\">La devise \u00ab On dirait le sud \u2013 Liewe w\u00e9i am S\u00fcden \u00bb accompagne notre ville depuis maintenant dix ans. Cette campagne d\u2018image avait vu le jour en 2015 et son slogan est toujours aussi actuel qu\u2018\u00e0 l\u2018\u00e9poque. Il d\u00e9crit parfaitement Dudelange : un endroit situ\u00e9 au sud du pays, o\u00f9 l\u2018atmosph\u00e8re est chaleureuse et accueillante et o\u00f9 r\u00e8gne une ambiance positive. Il symbolise une ville dynamique, aim\u00e9e de ses habitant\u00b7es, et refl\u00e8te sa qualit\u00e9 de vie in\u00e9galable tout comme ses nombreux atouts dans les domaines tels que la culture, le sport, les loisirs et la nature.\u00a0<\/span><\/p>\n<table style=\"border-collapse: collapse; width: 100%;\">\n<tbody>\n<tr>\n<td style=\"width: 33.3333%;\"><img decoding=\"async\" class=\"lazyload size-full wp-image-29374 aligncenter\" src=\"data:image\/svg+xml,%3Csvg%20xmlns%3D%27http%3A%2F%2Fwww.w3.org%2F2000%2Fsvg%27%20width%3D%274252%27%20height%3D%272835%27%20viewBox%3D%270%200%204252%202835%27%3E%3Crect%20width%3D%274252%27%20height%3D%272835%27%20fill-opacity%3D%220%22%2F%3E%3C%2Fsvg%3E\" data-orig-src=\"https:\/\/sadudelangedata.blob.core.windows.net\/files\/2025\/12\/20250911_DUDELANGE_147.jpg\" alt=\"\" width=\"4252\" height=\"2835\" \/><\/td>\n<td style=\"width: 33.3333%;\"><img decoding=\"async\" class=\"lazyload size-full wp-image-29375 aligncenter\" src=\"data:image\/svg+xml,%3Csvg%20xmlns%3D%27http%3A%2F%2Fwww.w3.org%2F2000%2Fsvg%27%20width%3D%274252%27%20height%3D%272835%27%20viewBox%3D%270%200%204252%202835%27%3E%3Crect%20width%3D%274252%27%20height%3D%272835%27%20fill-opacity%3D%220%22%2F%3E%3C%2Fsvg%3E\" data-orig-src=\"https:\/\/sadudelangedata.blob.core.windows.net\/files\/2025\/12\/20250911_DUDELANGE_186.jpg\" alt=\"\" width=\"4252\" height=\"2835\" \/><\/td>\n<td style=\"width: 33.3333%;\"><img decoding=\"async\" class=\"lazyload size-full wp-image-29376 aligncenter\" src=\"data:image\/svg+xml,%3Csvg%20xmlns%3D%27http%3A%2F%2Fwww.w3.org%2F2000%2Fsvg%27%20width%3D%274252%27%20height%3D%272835%27%20viewBox%3D%270%200%204252%202835%27%3E%3Crect%20width%3D%274252%27%20height%3D%272835%27%20fill-opacity%3D%220%22%2F%3E%3C%2Fsvg%3E\" data-orig-src=\"https:\/\/sadudelangedata.blob.core.windows.net\/files\/2025\/12\/20250911_DUDELANGE_099.jpg\" alt=\"\" width=\"4252\" height=\"2835\" \/><\/td>\n<\/tr>\n<tr>\n<td style=\"width: 33.3333%;\"><\/td>\n<td style=\"width: 33.3333%;\"><\/td>\n<td style=\"width: 33.3333%;\"><\/td>\n<\/tr>\n<\/tbody>\n<\/table>\n<table style=\"border-collapse: collapse; width: 100%;\">\n<tbody>\n<tr>\n<td style=\"width: 33.3333%;\"><img decoding=\"async\" class=\"lazyload size-full wp-image-29384 aligncenter\" src=\"data:image\/svg+xml,%3Csvg%20xmlns%3D%27http%3A%2F%2Fwww.w3.org%2F2000%2Fsvg%27%20width%3D%274252%27%20height%3D%272835%27%20viewBox%3D%270%200%204252%202835%27%3E%3Crect%20width%3D%274252%27%20height%3D%272835%27%20fill-opacity%3D%220%22%2F%3E%3C%2Fsvg%3E\" data-orig-src=\"https:\/\/sadudelangedata.blob.core.windows.net\/files\/2025\/12\/20250911_DUDELANGE_060.jpg\" alt=\"\" width=\"4252\" height=\"2835\" \/><\/td>\n<td style=\"width: 33.3333%;\"><img decoding=\"async\" class=\"lazyload size-full wp-image-29385 aligncenter\" src=\"data:image\/svg+xml,%3Csvg%20xmlns%3D%27http%3A%2F%2Fwww.w3.org%2F2000%2Fsvg%27%20width%3D%274252%27%20height%3D%272835%27%20viewBox%3D%270%200%204252%202835%27%3E%3Crect%20width%3D%274252%27%20height%3D%272835%27%20fill-opacity%3D%220%22%2F%3E%3C%2Fsvg%3E\" data-orig-src=\"https:\/\/sadudelangedata.blob.core.windows.net\/files\/2025\/12\/20250911_DUDELANGE_098.jpg\" alt=\"\" width=\"4252\" height=\"2835\" \/><\/td>\n<td style=\"width: 33.3333%;\"><img decoding=\"async\" class=\"lazyload size-full wp-image-29386 aligncenter\" src=\"data:image\/svg+xml,%3Csvg%20xmlns%3D%27http%3A%2F%2Fwww.w3.org%2F2000%2Fsvg%27%20width%3D%274252%27%20height%3D%272835%27%20viewBox%3D%270%200%204252%202835%27%3E%3Crect%20width%3D%274252%27%20height%3D%272835%27%20fill-opacity%3D%220%22%2F%3E%3C%2Fsvg%3E\" data-orig-src=\"https:\/\/sadudelangedata.blob.core.windows.net\/files\/2025\/12\/20250911_DUDELANGE_063.jpg\" alt=\"\" width=\"4252\" height=\"2835\" \/><\/td>\n<\/tr>\n<\/tbody>\n<\/table>\n<p>Photos \u00a9 David Laurent (Conf\u00e9rence de presse du 10.9.25)<\/p>\n<p>&#8211;<\/p>\n<p><span style=\"font-size: 18pt;\"><strong> <span class=\"fontstyle0\">D\u00fcdelingen, leben wie im S\u00fcden<\/span><\/strong><\/span><\/p>\n<p><span class=\"fontstyle0\">Wenn D\u00fcdelingen ein Urlaubsziel w\u00e4re, dann w\u00e4re es Rhodos, Porto, die Provence, Bari oder Ibiza? Um diese und weitere Fragen zu beantworten, hatte die Stadt D\u00fcdelingen im Fr\u00fchjahr dieses Jahres ein Casting organisiert. Fast 400 D\u00fcdelinger*innen folgten dem Aufruf. Am Ende wurden 18 Bewerber*innen ausgew\u00e4hlt. Den Gemeindeverantwortlichen war es wichtig, dass die neue Kampagne von Menschen jeden Alters verk\u00f6rpert wird.<\/span><\/p>\n<p><span class=\"fontstyle0\">Alexandra, Antonella, Carlo, Charel, Dany, Darlene, Dylan, Eliyah, Germain, Inoha, Kany, Mandy, Mara, Marco, Marie, Maylee, Max und Yann pr\u00e4sentieren D\u00fcdelingen auf ehrliche und herzliche Weise. Sie alle haben der Kampagne ihr Gesicht bzw. ihre Stimme geliehen. In den letzten Wochen hingen Plakate mit ihren Portr\u00e4ts in Bushaltestellen, auf Bussen und Litfa\u00dfs\u00e4ulen. In Tageszeitungen wurden Anzeigen geschaltet und in den sozialen Netzwerken der Gemeinde wurden Kurzfilme ver\u00f6ffentlicht. Unsere Stadt wurde als angenehme und \u00fcberraschende Alternative zu beliebten Reisezielen in S\u00fcdeuropa pr\u00e4sentiert.<\/span><\/p>\n<table style=\"border-collapse: collapse; width: 100%;\">\n<tbody>\n<tr>\n<td style=\"width: 33.3333%;\"><img decoding=\"async\" class=\"lazyload size-full wp-image-29377 aligncenter\" src=\"data:image\/svg+xml,%3Csvg%20xmlns%3D%27http%3A%2F%2Fwww.w3.org%2F2000%2Fsvg%27%20width%3D%271181%27%20height%3D%271575%27%20viewBox%3D%270%200%201181%201575%27%3E%3Crect%20width%3D%271181%27%20height%3D%271575%27%20fill-opacity%3D%220%22%2F%3E%3C%2Fsvg%3E\" data-orig-src=\"https:\/\/sadudelangedata.blob.core.windows.net\/files\/2025\/12\/Antonella-Natale.jpg\" alt=\"\" width=\"1181\" height=\"1575\" \/><\/td>\n<td style=\"width: 33.3333%;\"><img decoding=\"async\" class=\"lazyload size-full wp-image-29378 aligncenter\" src=\"data:image\/svg+xml,%3Csvg%20xmlns%3D%27http%3A%2F%2Fwww.w3.org%2F2000%2Fsvg%27%20width%3D%271181%27%20height%3D%271574%27%20viewBox%3D%270%200%201181%201574%27%3E%3Crect%20width%3D%271181%27%20height%3D%271574%27%20fill-opacity%3D%220%22%2F%3E%3C%2Fsvg%3E\" data-orig-src=\"https:\/\/sadudelangedata.blob.core.windows.net\/files\/2025\/12\/Carlo-Perrard.jpg\" alt=\"\" width=\"1181\" height=\"1574\" \/><\/td>\n<td style=\"width: 33.3333%;\"><img decoding=\"async\" class=\"lazyload size-full wp-image-29379 aligncenter\" src=\"data:image\/svg+xml,%3Csvg%20xmlns%3D%27http%3A%2F%2Fwww.w3.org%2F2000%2Fsvg%27%20width%3D%271181%27%20height%3D%271574%27%20viewBox%3D%270%200%201181%201574%27%3E%3Crect%20width%3D%271181%27%20height%3D%271574%27%20fill-opacity%3D%220%22%2F%3E%3C%2Fsvg%3E\" data-orig-src=\"https:\/\/sadudelangedata.blob.core.windows.net\/files\/2025\/12\/Kani-Toure.jpg\" alt=\"\" width=\"1181\" height=\"1574\" \/><\/td>\n<\/tr>\n<\/tbody>\n<\/table>\n<table style=\"border-collapse: collapse; width: 100%;\">\n<tbody>\n<tr>\n<td style=\"width: 50%;\"><img decoding=\"async\" class=\"lazyload alignnone size-full wp-image-29381\" src=\"data:image\/svg+xml,%3Csvg%20xmlns%3D%27http%3A%2F%2Fwww.w3.org%2F2000%2Fsvg%27%20width%3D%273024%27%20height%3D%274032%27%20viewBox%3D%270%200%203024%204032%27%3E%3Crect%20width%3D%273024%27%20height%3D%274032%27%20fill-opacity%3D%220%22%2F%3E%3C%2Fsvg%3E\" data-orig-src=\"https:\/\/sadudelangedata.blob.core.windows.net\/files\/2025\/12\/Marco-Rausch.jpg\" alt=\"\" width=\"3024\" height=\"4032\" \/><\/td>\n<td style=\"width: 50%;\"><img decoding=\"async\" class=\"lazyload alignnone size-full wp-image-29388\" src=\"data:image\/svg+xml,%3Csvg%20xmlns%3D%27http%3A%2F%2Fwww.w3.org%2F2000%2Fsvg%27%20width%3D%273000%27%20height%3D%274000%27%20viewBox%3D%270%200%203000%204000%27%3E%3Crect%20width%3D%273000%27%20height%3D%274000%27%20fill-opacity%3D%220%22%2F%3E%3C%2Fsvg%3E\" data-orig-src=\"https:\/\/sadudelangedata.blob.core.windows.net\/files\/2025\/12\/Mandy-Charlet-5.jpg\" alt=\"\" width=\"3000\" height=\"4000\" \/><\/td>\n<\/tr>\n<\/tbody>\n<\/table>\n<p>&nbsp;<\/p>\n<p>Das Motto \u201eOn dirait le sud \u2013 Liewe w\u00e9i am S\u00fcden\u201d begleitet unsere Stadt seit nunmehr zehn Jahren. 2015 war die Geburtsstunde der Imagekampagne und dieser Slogan ist heute genauso aktuell wie damals. Er beschreibt D\u00fcdelingen perfekt: einen Ort im S\u00fcden des Landes, an dem die Atmosph\u00e4re herzlich und einladend ist und eine positive Stimmung herrscht. Er steht f\u00fcr eine dynamische Stadt, die von ihren Einwohner*innen geliebt wird, und spiegelt ihre unvergleichliche Lebensqualit\u00e4t sowie die zahlreichen Vorz\u00fcge in den Bereichen Kultur, Sport, Freizeit und Natur wider.<\/p>\n<p>&nbsp;<\/p>\n<p><span style=\"font-size: 14pt;\"><strong>Vid\u00e9os Campagne On dirait le Sud<\/strong><\/span><\/p>\n<p><iframe src=\"\/\/www.youtube.com\/embed\/7YdTlv4ojg0?t=33s\" width=\"560\" height=\"314\" allowfullscreen=\"allowfullscreen\"><\/iframe><\/p>\n<p><iframe src=\"\/\/www.youtube.com\/embed\/j8IajbdTmbw\" width=\"560\" height=\"314\" allowfullscreen=\"allowfullscreen\"><\/iframe><\/p>\n<p><iframe src=\"\/\/www.youtube.com\/embed\/xA0xuftMuVQ\" width=\"560\" height=\"314\" allowfullscreen=\"allowfullscreen\"><\/iframe><\/p>\n<p><iframe src=\"\/\/www.youtube.com\/embed\/cO-o0hZgf8U?list=PLBAFo8tXOLYvFPy9GPU7X7GG00KgQBySq&amp;index=6\" width=\"560\" height=\"314\" allowfullscreen=\"allowfullscreen\"><\/iframe><\/p>\n<p><strong>Downloads:<\/strong><\/p>\n<p><strong>[PDF]<\/strong> <span style=\"text-decoration: underline;\"><strong><span style=\"color: #ef4030; text-decoration: underline;\"><a style=\"color: #ef4030; text-decoration: underline;\" href=\"https:\/\/sadudelangedata.blob.core.windows.net\/files\/2025\/12\/Campagne-On-dirait-le-Sud.pdf\" target=\"_blank\" rel=\"noopener\">Article Meng Stad_Campagne On dirait le Sud<\/a><\/span><\/strong><\/span><\/p>\n<p><strong>[PDF] <span style=\"text-decoration: underline;\"><span style=\"color: #ef4030;\"><a style=\"color: #ef4030; text-decoration: underline;\" title=\"Meng Stad Nr3\/2025\" href=\"https:\/\/sadudelangedata.blob.core.windows.net\/files\/2025\/12\/MengStad-3-2025-WEB.pdf\" target=\"_blank\" rel=\"noopener\">Meng Stad nr3\/2025<\/a><\/span><\/span><\/strong><\/p>\n","protected":false},"excerpt":{"rendered":"<p>La nouvelle campagne image de marque de notre ville.<\/p>\n","protected":false},"featured_media":29393,"template":"","categories":[],"class_list":["post-29373","actualites","type-actualites","status-publish","has-post-thumbnail","hentry"],"date_debut_affichage":"0000-00-00 00:00:00","date_fin_affichage":"0000-00-00 00:00:00","description_ecran":"","place_hotel_de_ville":"0","gare_dudelange_ville":"0","lycee_nic_biever":"0","preview":"0","visuel_prepare":false,"ordre_affichage_ecran":"0","featured_image_url":"https:\/\/sadudelangedata.blob.core.windows.net\/files\/2025\/12\/On-dirait-le-sud.jpg","publishpress_future_workflow_manual_trigger":{"enabledWorkflows":[]},"_links":{"self":[{"href":"https:\/\/www.dudelange.lu\/index.php\/wp-json\/wp\/v2\/actualites\/29373","targetHints":{"allow":["GET"]}}],"collection":[{"href":"https:\/\/www.dudelange.lu\/index.php\/wp-json\/wp\/v2\/actualites"}],"about":[{"href":"https:\/\/www.dudelange.lu\/index.php\/wp-json\/wp\/v2\/types\/actualites"}],"wp:featuredmedia":[{"embeddable":true,"href":"https:\/\/www.dudelange.lu\/index.php\/wp-json\/wp\/v2\/media\/29393"}],"wp:attachment":[{"href":"https:\/\/www.dudelange.lu\/index.php\/wp-json\/wp\/v2\/media?parent=29373"}],"wp:term":[{"taxonomy":"category","embeddable":true,"href":"https:\/\/www.dudelange.lu\/index.php\/wp-json\/wp\/v2\/categories?post=29373"}],"curies":[{"name":"wp","href":"https:\/\/api.w.org\/{rel}","templated":true}]}}