{"id":29411,"date":"2025-12-05T11:00:33","date_gmt":"2025-12-05T10:00:33","guid":{"rendered":"https:\/\/www.dudelange.lu\/?post_type=actualites&#038;p=29411"},"modified":"2025-12-05T11:50:01","modified_gmt":"2025-12-05T10:50:01","slug":"meng-stad-festival-des-cabanes","status":"publish","type":"actualites","link":"https:\/\/www.dudelange.lu\/index.php\/actualites\/meng-stad-festival-des-cabanes\/","title":{"rendered":"Meng Stad : Festival des Cabanes"},"content":{"rendered":"<p><span class=\"fontstyle0\">[FR] <\/span><span class=\"fontstyle2\">Cette ann\u00e9e, la Maison des jeunes de Dudelange s\u2018est port\u00e9e candidate au Festival des Cabanes dont la cinqui\u00e8me \u00e9dition s\u2018est d\u00e9roul\u00e9e dans le cadre de la LUGA 2025. \u00ab Choose your Way \u00bb est le nom de la cabane que Maeva Prumbaum, Alicia Mendo Priet, Klervi et Johann Lacroix ainsi que Jason Schwarz ont con\u00e7ue et construite avec leurs \u00e9ducateurs Emir Bandic et Xavier Millim.<\/span><\/p>\n<p><span class=\"fontstyle2\">Elle fait partie des onze cabanes qui ont remport\u00e9 le concours. Elle est con\u00e7ue comme un tunnel dans lequel un monde industriel sombre rencontre une nature lumineuse et durable. Les jeunes ont \u00e9t\u00e9 soutenu\u00b7es par diff\u00e9rents services de la Ville de Dudelange, le DKollektiv, l\u2019\u00e9cole en for\u00eat, le Creative Duo et le Club Aktiv+ Diddeleng.<\/span><\/p>\n<table style=\"border-collapse: collapse; width: 100%;\">\n<tbody>\n<tr>\n<td style=\"width: 33.3333%;\"><img decoding=\"async\" class=\"lazyload size-full wp-image-29413 aligncenter\" src=\"data:image\/svg+xml,%3Csvg%20xmlns%3D%27http%3A%2F%2Fwww.w3.org%2F2000%2Fsvg%27%20width%3D%272048%27%20height%3D%271365%27%20viewBox%3D%270%200%202048%201365%27%3E%3Crect%20width%3D%272048%27%20height%3D%271365%27%20fill-opacity%3D%220%22%2F%3E%3C%2Fsvg%3E\" data-orig-src=\"https:\/\/sadudelangedata.blob.core.windows.net\/files\/2025\/12\/VdD-Jugendhaus-FDC-VEWA_iNET-72dpi-\u00a9-Marc-Lazzarini-standart-25.jpg\" alt=\"\" width=\"2048\" height=\"1365\" \/><\/td>\n<td style=\"width: 33.3333%;\"><img decoding=\"async\" class=\"lazyload size-full wp-image-29414 aligncenter\" src=\"data:image\/svg+xml,%3Csvg%20xmlns%3D%27http%3A%2F%2Fwww.w3.org%2F2000%2Fsvg%27%20width%3D%272048%27%20height%3D%271365%27%20viewBox%3D%270%200%202048%201365%27%3E%3Crect%20width%3D%272048%27%20height%3D%271365%27%20fill-opacity%3D%220%22%2F%3E%3C%2Fsvg%3E\" data-orig-src=\"https:\/\/sadudelangedata.blob.core.windows.net\/files\/2025\/12\/VdD-Jugendhaus-FDC-VEWA_iNET-72dpi-\u00a9-Marc-Lazzarini-standart-10.jpg\" alt=\"\" width=\"2048\" height=\"1365\" \/><\/td>\n<td style=\"width: 33.3333%;\"><img decoding=\"async\" class=\"lazyload size-full wp-image-29415 aligncenter\" src=\"data:image\/svg+xml,%3Csvg%20xmlns%3D%27http%3A%2F%2Fwww.w3.org%2F2000%2Fsvg%27%20width%3D%272048%27%20height%3D%271365%27%20viewBox%3D%270%200%202048%201365%27%3E%3Crect%20width%3D%272048%27%20height%3D%271365%27%20fill-opacity%3D%220%22%2F%3E%3C%2Fsvg%3E\" data-orig-src=\"https:\/\/sadudelangedata.blob.core.windows.net\/files\/2025\/12\/VdD-Jugendhaus-FDC-VEWA_iNET-72dpi-\u00a9-Marc-Lazzarini-standart-24.jpg\" alt=\"\" width=\"2048\" height=\"1365\" \/><\/td>\n<\/tr>\n<\/tbody>\n<\/table>\n<p>Photos \u00a9 Marc Lazzarini<\/p>\n<p><span class=\"fontstyle2\">Le coup d\u2018envoi du Festival des Cabanes a \u00e9t\u00e9 donn\u00e9 le 18 juillet dans le parc municipal de la ville de Luxembourg o\u00f9 le ministre de l\u2018\u00c9ducation, Claude Meisch, a rendu visite aux jeunes de Dudelange et \u00e0 leur cabane. Vous pourrez \u00e0 votre tour bient\u00f4t admirer la cabane \u00ab Choose your Way \u00bb dans le parc Emile Mayrisch \u00e0 Dudelange.<\/span><\/p>\n<p><span class=\"fontstyle2\">L\u2018objectif principal du concours organis\u00e9 par le SNJ (Service national de la Jeunesse) et l\u2018OAI (Ordre des Architectes et des Ing\u00e9nieurs-Conseils) est de r\u00e9unir des jeunes autour d\u2018un projet commun, de leur donner l\u2018occasion de s\u2018exprimer de mani\u00e8re cr\u00e9ative et d\u2018acqu\u00e9rir de nouvelles exp\u00e9riences.<\/span><\/p>\n<table style=\"border-collapse: collapse; width: 100%;\">\n<tbody>\n<tr>\n<td style=\"width: 33.3333%;\"><img decoding=\"async\" class=\"lazyload size-full wp-image-29416 aligncenter\" src=\"data:image\/svg+xml,%3Csvg%20xmlns%3D%27http%3A%2F%2Fwww.w3.org%2F2000%2Fsvg%27%20width%3D%272048%27%20height%3D%271365%27%20viewBox%3D%270%200%202048%201365%27%3E%3Crect%20width%3D%272048%27%20height%3D%271365%27%20fill-opacity%3D%220%22%2F%3E%3C%2Fsvg%3E\" data-orig-src=\"https:\/\/sadudelangedata.blob.core.windows.net\/files\/2025\/12\/SNJ_FestivalDesCabanes_Vernissage_2025_iNet72dpi\u00a9MichaelDias-standart-7.jpg\" alt=\"\" width=\"2048\" height=\"1365\" \/><\/td>\n<td style=\"width: 33.3333%;\"><img decoding=\"async\" class=\"lazyload size-full wp-image-29417 aligncenter\" src=\"data:image\/svg+xml,%3Csvg%20xmlns%3D%27http%3A%2F%2Fwww.w3.org%2F2000%2Fsvg%27%20width%3D%272048%27%20height%3D%271365%27%20viewBox%3D%270%200%202048%201365%27%3E%3Crect%20width%3D%272048%27%20height%3D%271365%27%20fill-opacity%3D%220%22%2F%3E%3C%2Fsvg%3E\" data-orig-src=\"https:\/\/sadudelangedata.blob.core.windows.net\/files\/2025\/12\/SNJ_FestivalDesCabanes_Vernissage_2025_iNet72dpi\u00a9MichaelDias-standart-12.jpg\" alt=\"\" width=\"2048\" height=\"1365\" \/><\/td>\n<td style=\"width: 33.3333%;\"><img decoding=\"async\" class=\"lazyload size-full wp-image-29418 aligncenter\" src=\"data:image\/svg+xml,%3Csvg%20xmlns%3D%27http%3A%2F%2Fwww.w3.org%2F2000%2Fsvg%27%20width%3D%272048%27%20height%3D%271365%27%20viewBox%3D%270%200%202048%201365%27%3E%3Crect%20width%3D%272048%27%20height%3D%271365%27%20fill-opacity%3D%220%22%2F%3E%3C%2Fsvg%3E\" data-orig-src=\"https:\/\/sadudelangedata.blob.core.windows.net\/files\/2025\/12\/SNJ_FestivalDesCabanes_Vernissage_2025_iNet72dpi\u00a9MichaelDias-standart-9.jpg\" alt=\"\" width=\"2048\" height=\"1365\" \/><\/td>\n<\/tr>\n<tr>\n<td style=\"width: 33.3333%;\"><img decoding=\"async\" class=\"lazyload size-full wp-image-29419 aligncenter\" src=\"data:image\/svg+xml,%3Csvg%20xmlns%3D%27http%3A%2F%2Fwww.w3.org%2F2000%2Fsvg%27%20width%3D%271365%27%20height%3D%272048%27%20viewBox%3D%270%200%201365%202048%27%3E%3Crect%20width%3D%271365%27%20height%3D%272048%27%20fill-opacity%3D%220%22%2F%3E%3C%2Fsvg%3E\" data-orig-src=\"https:\/\/sadudelangedata.blob.core.windows.net\/files\/2025\/12\/SNJ_FestivalDesCabanes_Vernissage_2025_iNet72dpi\u00a9MichaelDias-standart-6.jpg\" alt=\"\" width=\"1365\" height=\"2048\" \/><\/td>\n<td style=\"width: 33.3333%;\"><img decoding=\"async\" class=\"lazyload size-full wp-image-29420 aligncenter\" src=\"data:image\/svg+xml,%3Csvg%20xmlns%3D%27http%3A%2F%2Fwww.w3.org%2F2000%2Fsvg%27%20width%3D%271365%27%20height%3D%272048%27%20viewBox%3D%270%200%201365%202048%27%3E%3Crect%20width%3D%271365%27%20height%3D%272048%27%20fill-opacity%3D%220%22%2F%3E%3C%2Fsvg%3E\" data-orig-src=\"https:\/\/sadudelangedata.blob.core.windows.net\/files\/2025\/12\/SNJ_FestivalDesCabanes_Vernissage_2025_iNet72dpi\u00a9MichaelDias-standart-10.jpg\" alt=\"\" width=\"1365\" height=\"2048\" \/><\/td>\n<td style=\"width: 33.3333%;\"><img decoding=\"async\" class=\"lazyload size-full wp-image-29421 aligncenter\" src=\"data:image\/svg+xml,%3Csvg%20xmlns%3D%27http%3A%2F%2Fwww.w3.org%2F2000%2Fsvg%27%20width%3D%271365%27%20height%3D%272048%27%20viewBox%3D%270%200%201365%202048%27%3E%3Crect%20width%3D%271365%27%20height%3D%272048%27%20fill-opacity%3D%220%22%2F%3E%3C%2Fsvg%3E\" data-orig-src=\"https:\/\/sadudelangedata.blob.core.windows.net\/files\/2025\/12\/SNJ_FestivalDesCabanes_Vernissage_2025_iNet72dpi\u00a9MichaelDias-standart-200.jpg\" alt=\"\" width=\"1365\" height=\"2048\" \/><\/td>\n<\/tr>\n<\/tbody>\n<\/table>\n<p>Photos \u00a9 Michael Dias<\/p>\n<p>&#8211;<\/p>\n<p><span class=\"fontstyle0\">[DE] <\/span><span class=\"fontstyle2\">Das D\u00fcdelinger Jugendhaus hatte sich dieses Jahr beim Festival des Cabanes beworben. Die f\u00fcnfte Ausgabe des Festivals fand im Rahmen der LUGA 2025 statt. \u201eChoose your Way\u201c lautet der Name der H\u00fctte, die Maeva Prumbaum, Alicia Mendo Priet, Klervi und Johann Lacroix sowie Jason Schwarz gemeinsam mit ihren Erziehern Emir Bandic und Xavier Millim entworfen und zusammengebaut haben.<\/span><\/p>\n<p><span class=\"fontstyle2\">Sie war eine von elf H\u00fctten, die sich beim Wettbewerb durchsetzen konnten. Sie ist wie ein Tunnel konzipiert, in dem eine dunkle, industrielle Welt auf eine helle, nachhaltige Natur trifft. Die Jugendlichen wurden dabei von verschiedenen Dienststellen der Stadt D\u00fcdelingen, dem DKollektiv, der Waldschule, dem Creative Duo und dem Club Aktiv+ Diddeleng unterst\u00fctzt.<\/span><\/p>\n<p><span class=\"fontstyle2\">Am 18. Juli fiel der Startschuss f\u00fcr das Festival des Cabanes im Stadtpark der Stadt Luxemburg. Bildungsminister Claude Meisch stattete der D\u00fcdelinger H\u00fctte und den Jugendlichen einen Besuch ab. Demn\u00e4chst k\u00f6nnen Sie die H\u00fctte \u201eChoose your Way\u201c im Park Emile Mayrisch in D\u00fcdelingen bestaunen.<\/span><\/p>\n<p><span class=\"fontstyle2\">Das Hauptziel des vom SNJ (Service national de la Jeunesse) und dem OAI (Ordre des Architectes et des Ing\u00e9nieurs-Conseils) organisierten Wettbewerbs, ist es, junge Menschen f\u00fcr ein gemeinsames Projekt zusammenzubringen und ihnen die M\u00f6glichkeit zu geben, sich kreativ auszudr\u00fccken und neue Erfahrungen zu sammeln.<\/span><\/p>\n<table style=\"border-collapse: collapse; width: 100%;\">\n<tbody>\n<tr>\n<td style=\"width: 33.3333%;\"><img decoding=\"async\" class=\"lazyload size-full wp-image-29422 aligncenter\" src=\"data:image\/svg+xml,%3Csvg%20xmlns%3D%27http%3A%2F%2Fwww.w3.org%2F2000%2Fsvg%27%20width%3D%272048%27%20height%3D%271365%27%20viewBox%3D%270%200%202048%201365%27%3E%3Crect%20width%3D%272048%27%20height%3D%271365%27%20fill-opacity%3D%220%22%2F%3E%3C%2Fsvg%3E\" data-orig-src=\"https:\/\/sadudelangedata.blob.core.windows.net\/files\/2025\/12\/SNJ_FestivalDesCabanes_Vernissage_2025_iNet72dpi\u00a9MichaelDias-standart-201.jpg\" alt=\"\" width=\"2048\" height=\"1365\" \/><\/td>\n<td style=\"width: 33.3333%;\"><img decoding=\"async\" class=\"lazyload size-full wp-image-29423 aligncenter\" src=\"data:image\/svg+xml,%3Csvg%20xmlns%3D%27http%3A%2F%2Fwww.w3.org%2F2000%2Fsvg%27%20width%3D%272048%27%20height%3D%271365%27%20viewBox%3D%270%200%202048%201365%27%3E%3Crect%20width%3D%272048%27%20height%3D%271365%27%20fill-opacity%3D%220%22%2F%3E%3C%2Fsvg%3E\" data-orig-src=\"https:\/\/sadudelangedata.blob.core.windows.net\/files\/2025\/12\/SNJ_FestivalDesCabanes_Vernissage_2025_iNet72dpi\u00a9MichaelDias-standart-207.jpg\" alt=\"\" width=\"2048\" height=\"1365\" \/><\/td>\n<td style=\"width: 33.3333%;\"><img decoding=\"async\" class=\"lazyload size-full wp-image-29424 aligncenter\" src=\"data:image\/svg+xml,%3Csvg%20xmlns%3D%27http%3A%2F%2Fwww.w3.org%2F2000%2Fsvg%27%20width%3D%272048%27%20height%3D%271365%27%20viewBox%3D%270%200%202048%201365%27%3E%3Crect%20width%3D%272048%27%20height%3D%271365%27%20fill-opacity%3D%220%22%2F%3E%3C%2Fsvg%3E\" data-orig-src=\"https:\/\/sadudelangedata.blob.core.windows.net\/files\/2025\/12\/SNJ_FestivalDesCabanes_Vernissage_2025_iNet72dpi\u00a9MichaelDias-standart-242.jpg\" alt=\"\" width=\"2048\" height=\"1365\" \/><\/td>\n<\/tr>\n<\/tbody>\n<\/table>\n<p>Photos \u00a9 Michael Dias<\/p>\n<p><strong>Downloads:<\/strong><\/p>\n<p><strong>[PDF] <span style=\"text-decoration: underline;\"><span style=\"color: #ef4030;\"><a style=\"color: #ef4030; text-decoration: underline;\" href=\"https:\/\/sadudelangedata.blob.core.windows.net\/files\/2025\/12\/Festival-des-Cabanes.pdf\" target=\"_blank\" rel=\"noopener\">Article Meng Stad_Festival des Cabanes<\/a><\/span><\/span><\/strong><\/p>\n<p><strong>[PDF] <span style=\"text-decoration: underline;\"><span style=\"color: #ef4030;\"><a style=\"color: #ef4030; text-decoration: underline;\" title=\"Meng Stad Nr3\/2025\" href=\"https:\/\/sadudelangedata.blob.core.windows.net\/files\/2025\/12\/MengStad-3-2025-WEB.pdf\" target=\"_blank\" rel=\"noopener\">Meng Stad nr3\/2025<\/a><\/span><\/span><\/strong><\/p>\n","protected":false},"excerpt":{"rendered":"<p>Un projet de la Maison des jeunes Dudelange<\/p>\n","protected":false},"featured_media":29412,"template":"","categories":[],"class_list":["post-29411","actualites","type-actualites","status-publish","has-post-thumbnail","hentry"],"date_debut_affichage":"0000-00-00 00:00:00","date_fin_affichage":"0000-00-00 00:00:00","description_ecran":"","place_hotel_de_ville":"0","gare_dudelange_ville":"0","lycee_nic_biever":"0","preview":"0","visuel_prepare":false,"ordre_affichage_ecran":"0","featured_image_url":"https:\/\/sadudelangedata.blob.core.windows.net\/files\/2025\/12\/Festival-des-Cabanes.jpg","publishpress_future_workflow_manual_trigger":{"enabledWorkflows":[]},"_links":{"self":[{"href":"https:\/\/www.dudelange.lu\/index.php\/wp-json\/wp\/v2\/actualites\/29411","targetHints":{"allow":["GET"]}}],"collection":[{"href":"https:\/\/www.dudelange.lu\/index.php\/wp-json\/wp\/v2\/actualites"}],"about":[{"href":"https:\/\/www.dudelange.lu\/index.php\/wp-json\/wp\/v2\/types\/actualites"}],"wp:featuredmedia":[{"embeddable":true,"href":"https:\/\/www.dudelange.lu\/index.php\/wp-json\/wp\/v2\/media\/29412"}],"wp:attachment":[{"href":"https:\/\/www.dudelange.lu\/index.php\/wp-json\/wp\/v2\/media?parent=29411"}],"wp:term":[{"taxonomy":"category","embeddable":true,"href":"https:\/\/www.dudelange.lu\/index.php\/wp-json\/wp\/v2\/categories?post=29411"}],"curies":[{"name":"wp","href":"https:\/\/api.w.org\/{rel}","templated":true}]}}