{"id":29429,"date":"2025-12-04T14:00:24","date_gmt":"2025-12-04T13:00:24","guid":{"rendered":"https:\/\/www.dudelange.lu\/?post_type=actualites&#038;p=29429"},"modified":"2025-12-04T14:00:24","modified_gmt":"2025-12-04T13:00:24","slug":"meng-stad-lartisanat-a-dudelange","status":"publish","type":"actualites","link":"https:\/\/www.dudelange.lu\/index.php\/actualites\/meng-stad-lartisanat-a-dudelange\/","title":{"rendered":"Meng Stad : L\u2018artisanat \u00e0 Dudelange"},"content":{"rendered":"<p><span class=\"fontstyle0\">Qu\u2018il s\u2018agisse du ch\u00e2teau d\u2018eau de Dudelange en chocolat, d\u2018un bijou cr\u00e9\u00e9 avec l\u2019amour du d\u00e9tail ou d\u2018un bouquet de fleurs compos\u00e9 de bougies faites maison, tous ces objets exceptionnels ne sont disponibles qu\u2019\u00e0 Dudelange. Dans les pages qui suivent, nous vous pr\u00e9sentons trois jeunes entrepreneur\u00b7ses engag\u00e9\u00b7es qui se sont install\u00e9\u00b7es \u00e0 Dudelange.<\/span><\/p>\n<p>&#8211;<\/p>\n<p><span style=\"font-size: 14pt;\"><strong>Das Handwerk in D\u00fcdelingen<\/strong><\/span><\/p>\n<p><span class=\"fontstyle0\">Ob der D\u00fcdelinger Wasserturm aus Schokolade, ein mit viel Liebe zum Detail kreiertes Schmuckst\u00fcck oder ein Blumenstrau\u00df aus selbst hergestellten Kerzen \u2013 all diese au\u00dfergew\u00f6hnlichen Objekte erhalten Sie nur in D\u00fcdelingen. Auf den folgenden Seiten stellen wir Ihnen drei junge, engagierte Unternehmer*innen vor, die sich in D\u00fcdelingen niedergelassen haben.<\/span><\/p>\n<p><em>(F\u00fcr die deutsche Fassung des Artikels, scrollen Sie bitte runter)<\/em><\/p>\n<table style=\"border-collapse: collapse; width: 100%;\">\n<tbody>\n<tr>\n<td style=\"width: 33.3333%;\"><img decoding=\"async\" class=\"lazyload size-full wp-image-29433 aligncenter\" src=\"data:image\/svg+xml,%3Csvg%20xmlns%3D%27http%3A%2F%2Fwww.w3.org%2F2000%2Fsvg%27%20width%3D%272048%27%20height%3D%271365%27%20viewBox%3D%270%200%202048%201365%27%3E%3Crect%20width%3D%272048%27%20height%3D%271365%27%20fill-opacity%3D%220%22%2F%3E%3C%2Fsvg%3E\" data-orig-src=\"https:\/\/sadudelangedata.blob.core.windows.net\/files\/2025\/12\/VdD_Lorendena_iNET-72dpi-\u00a9-Marc-Lazzarini-standart-14.jpg\" alt=\"\" width=\"2048\" height=\"1365\" \/><\/td>\n<td style=\"width: 33.3333%;\"><img decoding=\"async\" class=\"lazyload size-full wp-image-29432 aligncenter\" src=\"data:image\/svg+xml,%3Csvg%20xmlns%3D%27http%3A%2F%2Fwww.w3.org%2F2000%2Fsvg%27%20width%3D%272048%27%20height%3D%271365%27%20viewBox%3D%270%200%202048%201365%27%3E%3Crect%20width%3D%272048%27%20height%3D%271365%27%20fill-opacity%3D%220%22%2F%3E%3C%2Fsvg%3E\" data-orig-src=\"https:\/\/sadudelangedata.blob.core.windows.net\/files\/2025\/12\/VdD_MengStad_Absithia_iNET-72dpi-\u00a9-Marc-Lazzarini-standart-14.jpg\" alt=\"\" width=\"2048\" height=\"1365\" \/><\/td>\n<td style=\"width: 33.3333%;\"><img decoding=\"async\" class=\"lazyload size-full wp-image-29434 aligncenter\" src=\"data:image\/svg+xml,%3Csvg%20xmlns%3D%27http%3A%2F%2Fwww.w3.org%2F2000%2Fsvg%27%20width%3D%272048%27%20height%3D%271365%27%20viewBox%3D%270%200%202048%201365%27%3E%3Crect%20width%3D%272048%27%20height%3D%271365%27%20fill-opacity%3D%220%22%2F%3E%3C%2Fsvg%3E\" data-orig-src=\"https:\/\/sadudelangedata.blob.core.windows.net\/files\/2025\/12\/VdD_RGChocolat_iNET-72dpi-\u00a9-Marc-Lazzarini-standart-11.jpg\" alt=\"\" width=\"2048\" height=\"1365\" \/><\/td>\n<\/tr>\n<\/tbody>\n<\/table>\n<p>Photos \u00a9 Marc Lazzarini<\/p>\n<p>&nbsp;<\/p>\n<p><strong><span class=\"fontstyle0\">Le chocolatier, Gabriel Mjahed<\/span><\/strong><\/p>\n<p><span class=\"fontstyle2\">Depuis septembre 2023, Gabriel nous s\u00e9duit avec ses cr\u00e9ations sucr\u00e9es. Dans son atelier de Dudelange, le jeune chocolatier cr\u00e9e r\u00e9guli\u00e8rement de nouvelles \u0153uvres d\u2018art en chocolat. Apr\u00e8s avoir r\u00e9alis\u00e9 la G\u00eblle Fra sous forme de sculpture en chocolat dor\u00e9, il s\u2018est attaqu\u00e9 \u00e0 l\u2018embl\u00e8me de Dudelange : le ch\u00e2teau d\u2018eau. \u00ab Au d\u00e9part, il y avait l\u2018id\u00e9e d\u2018un projet commun avec la Ville de Dudelange, le Centre National de l\u2018Audiovisuel (CNA) et le minist\u00e8re de la Culture \u00bb, nous raconte Gabriel Mjahed.<\/span><\/p>\n<p><span class=\"fontstyle2\">L\u2018un des plus grands d\u00e9fis a \u00e9t\u00e9 la fabrication du moule. \u00ab Il a d\u2018abord fallu d\u00e9terminer la hauteur de la tour en chocolat, puis de nombreux croquis ont \u00e9t\u00e9 r\u00e9alis\u00e9s jusqu\u2018\u00e0 ce que nous nous mettions d\u2018accord sur un mod\u00e8le d\u00e9finitif. L\u2018\u00e9tape suivante a consist\u00e9 \u00e0 cr\u00e9er l\u2018emballage. L\u2018ensemble du processus a dur\u00e9 pr\u00e8s d\u2018un an \u00bb. <\/span><span class=\"fontstyle2\">Le ch\u00e2teau d\u2018eau, qui mesure \u00e0 l\u2018origine 56 m\u00e8tres de haut, a finalement \u00e9t\u00e9 r\u00e9duit \u00e0 une gourmandise en chocolat de <span class=\"fontstyle0\">15 centim\u00e8tres de haut et ce, juste \u00e0 temps pour les c\u00e9l\u00e9brations d\u2019accession au tr\u00f4ne \u00e0 Dudelange le 4 octobre. Il existe actuellement deux variantes : l\u2018une en chocolat au lait et l\u2018autre en chocolat noir, chacune fourr\u00e9e \u00e0 la vanille et \u00e0 la guimauve. Il devrait toutefois bient\u00f4t exister en versions au nougat et au caramel.<\/span><\/span><\/p>\n<p><span class=\"fontstyle2\"><span class=\"fontstyle0\">La skyline de Luxembourg et la G\u00eblle Fra ont inaugur\u00e9 une collection consacr\u00e9e au Luxembourg. Apr\u00e8s le ch\u00e2teau d\u2018eau de Dudelange, Gabriel travaille d\u00e9j\u00e0 \u00e0 de nouvelles id\u00e9es. La vall\u00e9e des sept ch\u00e2teaux et le fort Th\u00fcngen dans le parc Dr\u00e4i Eechelen \u00e0 Luxembourg-Ville sont les prochains sur la liste. Le chocolatier pr\u00e9voit \u00e9galement un autre projet avec la Ville de Dudelange, qui portera sur notre pass\u00e9 industriel. <\/span><\/span><span class=\"fontstyle2\"><span class=\"fontstyle0\">En 2023, Gabriel Mjahed a r\u00e9alis\u00e9 le r\u00eave de sa vie en ouvrant son propre atelier de chocolat \u00ab Chocolaterie RG \u00bb \u00e0 Dudelange, \u00e0 seulement 25 ans. RG signifie d\u2018ailleurs \u00ab Les r\u00eaves de Gabriel \u00bb. Sa plus grande passion est de voyager \u00e0 travers le monde et de d\u00e9couvrir les f\u00e8ves de cacao les plus exceptionnelles, qu\u2018il transforme ensuite en d\u00e9lices raffin\u00e9s dans son atelier de Dudelange. La Chocolaterie RG fait en outre son entr\u00e9e au c\u00e9l\u00e8bre guide gastronomique Gault&amp;- Millaut \u00e9dition 2026.<\/span>\u00a0<\/span><\/p>\n<table style=\"border-collapse: collapse; width: 100%;\">\n<tbody>\n<tr>\n<td style=\"width: 33.3333%;\"><img decoding=\"async\" class=\"lazyload size-full wp-image-29437 aligncenter\" src=\"data:image\/svg+xml,%3Csvg%20xmlns%3D%27http%3A%2F%2Fwww.w3.org%2F2000%2Fsvg%27%20width%3D%271365%27%20height%3D%272048%27%20viewBox%3D%270%200%201365%202048%27%3E%3Crect%20width%3D%271365%27%20height%3D%272048%27%20fill-opacity%3D%220%22%2F%3E%3C%2Fsvg%3E\" data-orig-src=\"https:\/\/sadudelangedata.blob.core.windows.net\/files\/2025\/12\/VdD_RGChocolat_iNET-72dpi-\u00a9-Marc-Lazzarini-standart-12.jpg\" alt=\"\" width=\"1365\" height=\"2048\" \/><\/td>\n<td style=\"width: 33.3333%;\"><img decoding=\"async\" class=\"lazyload size-full wp-image-29436 aligncenter\" src=\"data:image\/svg+xml,%3Csvg%20xmlns%3D%27http%3A%2F%2Fwww.w3.org%2F2000%2Fsvg%27%20width%3D%271365%27%20height%3D%272048%27%20viewBox%3D%270%200%201365%202048%27%3E%3Crect%20width%3D%271365%27%20height%3D%272048%27%20fill-opacity%3D%220%22%2F%3E%3C%2Fsvg%3E\" data-orig-src=\"https:\/\/sadudelangedata.blob.core.windows.net\/files\/2025\/12\/VdD_RGChocolat_iNET-72dpi-\u00a9-Marc-Lazzarini-standart-3.jpg\" alt=\"\" width=\"1365\" height=\"2048\" \/><\/td>\n<td style=\"width: 33.3333%;\"><img decoding=\"async\" class=\"lazyload alignnone size-full wp-image-29446\" src=\"data:image\/svg+xml,%3Csvg%20xmlns%3D%27http%3A%2F%2Fwww.w3.org%2F2000%2Fsvg%27%20width%3D%271365%27%20height%3D%272048%27%20viewBox%3D%270%200%201365%202048%27%3E%3Crect%20width%3D%271365%27%20height%3D%272048%27%20fill-opacity%3D%220%22%2F%3E%3C%2Fsvg%3E\" data-orig-src=\"https:\/\/sadudelangedata.blob.core.windows.net\/files\/2025\/12\/VdD_RGChocolat_iNET-72dpi-\u00a9-Marc-Lazzarini-standart-8.jpg\" alt=\"\" width=\"1365\" height=\"2048\" \/><\/td>\n<\/tr>\n<\/tbody>\n<\/table>\n<p>Photos \u00a9 Marc Lazzarini<\/p>\n<p><strong>Chocolaterie RG<br \/>\n<\/strong><span class=\"fontstyle0\">98 Av. G.-D. Charlotte<br \/>\n<\/span><span class=\"fontstyle0\">L-3440 Dudelange<\/span><\/p>\n<p><span style=\"text-decoration: underline; color: #ef4030;\"><a style=\"color: #ef4030;\" href=\"http:\/\/www.chocolaterie-rg.lu\" target=\"_blank\" rel=\"noopener\"><span class=\"fontstyle0\">www.chocolaterie-rg.lu<\/span><\/a><br \/>\n<\/span>Facebook: <span style=\"text-decoration: underline;\"><span style=\"color: #ef4030; text-decoration: underline;\"><a style=\"color: #ef4030; text-decoration: underline;\" href=\"https:\/\/www.facebook.com\/chocolaterieRG\" target=\"_blank\" rel=\"noopener\">Chocolaterie<\/a><\/span><\/span><span style=\"color: #ef4030;\"><a style=\"color: #ef4030; text-decoration: underline;\" href=\"https:\/\/www.facebook.com\/chocolaterieRG\" target=\"_blank\" rel=\"noopener\"> RG<\/a><br \/>\n<span style=\"color: #000000;\">Instagram: <span style=\"text-decoration: underline;\"><span style=\"color: #ef4030; text-decoration: underline;\"><a style=\"color: #ef4030; text-decoration: underline;\" href=\"https:\/\/www.instagram.com\/chocolaterie_rg\/\" target=\"_blank\" rel=\"noopener\">chocolaterie_rg<\/a><\/span><\/span><\/span><\/span><\/p>\n<p>&#8211;<\/p>\n<p><strong> <span class=\"fontstyle0\">L\u2018orf\u00e8vre, Cassandra Vindevogel<\/span><\/strong><\/p>\n<p><span class=\"fontstyle0\">\u00ab Une boutique qui invite \u00e0 la r\u00eaverie \u00bb : c\u2018est ainsi que Cassandra Vindevogel d\u00e9crit son cabinet de curiosit\u00e9s \u00ab Absynthia, Merveilles &amp; Curiosit\u00e9s \u00bb, qu\u2018elle a ouvert cet \u00e9t\u00e9 \u00e0 Dudelange. On y trouve diff\u00e9rents univers artistiques. L\u2018offre s\u2018\u00e9tend de la peinture aux meubles anciens en passant par l\u2018artisanat et les bijoux.<\/span><\/p>\n<table style=\"border-collapse: collapse; width: 100%;\">\n<tbody>\n<tr>\n<td style=\"width: 100%;\"><img decoding=\"async\" class=\"lazyload  wp-image-29439 aligncenter\" src=\"data:image\/svg+xml,%3Csvg%20xmlns%3D%27http%3A%2F%2Fwww.w3.org%2F2000%2Fsvg%27%20width%3D%271115%27%20height%3D%27743%27%20viewBox%3D%270%200%201115%20743%27%3E%3Crect%20width%3D%271115%27%20height%3D%27743%27%20fill-opacity%3D%220%22%2F%3E%3C%2Fsvg%3E\" data-orig-src=\"https:\/\/sadudelangedata.blob.core.windows.net\/files\/2025\/12\/VdD_MengStad_Absithia_iNET-72dpi-\u00a9-Marc-Lazzarini-standart-1.jpg\" alt=\"\" width=\"1115\" height=\"743\" \/><\/td>\n<\/tr>\n<\/tbody>\n<\/table>\n<p>Photo \u00a9 Marc Lazzarini<\/p>\n<p><span class=\"fontstyle0\">\u00ab Notre objectif est de donner une nouvelle vie \u00e0 ces diff\u00e9rents courants artistiques. Je suis persuad\u00e9e qu\u2019ils s\u2018harmonisent parfaitement entre eux \u00bb, explique Cassandra Vindevogel. Elle est elle-m\u00eame propri\u00e9taire de la boutique situ\u00e9e en face de l\u2019h\u00f4tel de ville. Orf\u00e8vre de formation, elle cr\u00e9e des bijoux exceptionnels et travaille avec de nombreux mat\u00e9riaux diff\u00e9rents tels que l\u2018argent massif, l\u2018argent plaqu\u00e9 or, les pierres pr\u00e9cieuses et m\u00eame les fossiles. Chaque bijou a sa propre histoire. Cassandra Vindevogel accorde une grande importance \u00e0 la qualit\u00e9 et au commerce \u00e9quitable des mat\u00e9riaux. Elle fabrique \u00e9galement des bijoux personnalis\u00e9s sur commande. Avant d\u2018ouvrir sa propre boutique, elle faisait partie de Let\u2018z Hug, avenue G.-D. Charlotte.<\/span><\/p>\n<p><span class=\"fontstyle0\">Mais elle n\u2018est pas la seule \u00e0 incarner le concept d\u2018Absynthia. \u00ab Cela n\u2018a jamais \u00e9t\u00e9 mon objectif \u00bb, souligne la jeune entrepreneuse. La peintre Ramona Bernucci, la cr\u00e9atrice de sacs \u00e0 main Dasa et la brocanteuse Lena compl\u00e8tent cette \u00e9quipe cr\u00e9ative de femmes. Elles sont toutes autodidactes, ayant acquis leurs connaissances et leurs comp\u00e9tences par elles-m\u00eames.<\/span><\/p>\n<p><span class=\"fontstyle0\">Dasa allie l\u2018art du crochet \u00e0 un style contemporain pour les amateurs de mode. Elle a cr\u00e9\u00e9 la marque DS Creabags. Chaque mod\u00e8le est unique et fabriqu\u00e9 \u00e0 la main avec un grand souci du d\u00e9tail. <\/span><span class=\"fontstyle0\">Lena est la propri\u00e9taire de BATZ. Elle s\u2018est sp\u00e9cialis\u00e9e dans les objets modernes et anciens d\u2018occasion. \u00ab Lena et son partenaire Dan proposent de v\u00e9ritables tr\u00e9sors dans notre boutique \u00bb, explique Cassandra. Le concept d\u2018Absynthia est compl\u00e9t\u00e9 par les \u0153uvres d\u2018art de Ramona Bernucci. Elle utilise diff\u00e9rentes techniques de peinture. De la sarbacane au bois en passant par la feuille d\u2018or, chaque \u0153uvre est unique.<\/span><\/p>\n<p><span class=\"fontstyle0\">L\u2018int\u00e9rieur de la boutique Absynthia change r\u00e9guli\u00e8rement. Toutes les quelques semaines, de nouvelles cr\u00e9ations vous attendent. Vous avez \u00e9galement la possibilit\u00e9 de participer \u00e0 des ateliers propos\u00e9s par Cassandra et ses coll\u00e8gues.<\/span><\/p>\n<table style=\"border-collapse: collapse; width: 100%;\">\n<tbody>\n<tr>\n<td style=\"width: 50%;\"><img decoding=\"async\" class=\"lazyload size-full wp-image-29440 aligncenter\" src=\"data:image\/svg+xml,%3Csvg%20xmlns%3D%27http%3A%2F%2Fwww.w3.org%2F2000%2Fsvg%27%20width%3D%272048%27%20height%3D%271365%27%20viewBox%3D%270%200%202048%201365%27%3E%3Crect%20width%3D%272048%27%20height%3D%271365%27%20fill-opacity%3D%220%22%2F%3E%3C%2Fsvg%3E\" data-orig-src=\"https:\/\/sadudelangedata.blob.core.windows.net\/files\/2025\/12\/VdD_MengStad_Absithia_iNET-72dpi-\u00a9-Marc-Lazzarini-standart-10.jpg\" alt=\"\" width=\"2048\" height=\"1365\" \/><\/td>\n<td style=\"width: 50%;\"><img decoding=\"async\" class=\"lazyload size-full wp-image-29441 aligncenter\" src=\"data:image\/svg+xml,%3Csvg%20xmlns%3D%27http%3A%2F%2Fwww.w3.org%2F2000%2Fsvg%27%20width%3D%272048%27%20height%3D%271365%27%20viewBox%3D%270%200%202048%201365%27%3E%3Crect%20width%3D%272048%27%20height%3D%271365%27%20fill-opacity%3D%220%22%2F%3E%3C%2Fsvg%3E\" data-orig-src=\"https:\/\/sadudelangedata.blob.core.windows.net\/files\/2025\/12\/VdD_MengStad_Absithia_iNET-72dpi-\u00a9-Marc-Lazzarini-standart-12.jpg\" alt=\"\" width=\"2048\" height=\"1365\" \/><\/td>\n<\/tr>\n<\/tbody>\n<\/table>\n<p>Photos \u00a9 Marc Lazzarini<\/p>\n<p><strong> <span class=\"fontstyle0\">Absynthia, Merveilles &amp; Curiosit\u00e9s<\/span><\/strong><br \/>\n<span class=\"fontstyle0\">15 Place de l\u2019H\u00f4tel de Ville<br \/>\nL-3590 Dudelange<\/span><\/p>\n<p>Facebook: <span style=\"text-decoration: underline;\"><span style=\"color: #ef4030; text-decoration: underline;\"><a style=\"color: #ef4030; text-decoration: underline;\" href=\"https:\/\/www.facebook.com\/coiffesabsynthia\" target=\"_blank\" rel=\"noopener\">Absynthia<\/a><\/span><\/span><br \/>\nInstagram: <span style=\"text-decoration: underline;\"><span style=\"color: #ef4030; text-decoration: underline;\"><a style=\"color: #ef4030; text-decoration: underline;\" href=\"https:\/\/www.instagram.com\/absynthiacreations\/\" target=\"_blank\" rel=\"noopener\">absynthiacreations<\/a><\/span><\/span><\/p>\n<p>&#8211;<\/p>\n<p><strong><span class=\"fontstyle0\">La fabricante de bougies, Loredana Di Cino<\/span><\/strong><\/p>\n<p><span class=\"fontstyle2\">\u00ab Tout a commenc\u00e9 il y a quelques ann\u00e9es avec une bougie et un s\u00e8che-cheveux dans notre cave \u00bb, nous raconte Loredana Di Cino au sujet des d\u00e9buts de sa grande passion, la fabrication de bougies. Aujourd\u2019hui, vous trouverez chez Loredana Candles &amp; Co. plusieurs centaines de magnifiques bougies fabriqu\u00e9es \u00e0 la main. <\/span><span class=\"fontstyle2\">\u00ab Je suis autodidacte. Au fil des ans, j\u2019ai acquis de nombreuses techniques diff\u00e9rentes. Bien s\u00fbr, au d\u00e9but, je ne r\u00e9ussissais pas toutes mes nouvelles cr\u00e9ations du premier coup. Il y a des jours o\u00f9 je passe jusqu\u2019\u00e0 15 heures dans mon atelier. Mais, comme on le sait, c\u2019est en forgeant qu\u2019on devient forgeron, ou dans ce cas-ci, forgeronne \u00bb, souligne Loredana.<\/span><\/p>\n<p><span class=\"fontstyle2\">\u00ab Il faut bien r\u00e9fl\u00e9chir avant de se lancer dans une activit\u00e9 ind\u00e9pendante \u00bb, admet-elle. \u00ab Mais avant tout, il faut faire quelque chose qui vous pla\u00eet vraiment. \u00bb Il est \u00e9vident que pour Loredana, c\u2019est la conception et la fabrication de bougies, comme on s\u2019en rend compte en entrant dans son paradis des bougies dans l\u2019avenue G.-D. Charlotte. Il n\u2019\u00e9tait pas question d\u2019ouvrir le magasin ailleurs, souligne la native de Dudelange. <\/span><span class=\"fontstyle2\">Ses bougies sont toutes vegan : elles sont fabriqu\u00e9es \u00e0 partir de cire de soja europ\u00e9enne et de parfums naturels. Pour que les bougies sentent bon et ne pr\u00e9sentent aucun danger pour la sant\u00e9, Loredana commande ses parfums aupr\u00e8s de parfumeur\u00b7ses de Grasse. Cette ville du sud de la France est connue de longue date pour son industrie du parfum.<\/span><\/p>\n<p><span class=\"fontstyle2\">La jeune entrepreneuse imagine sans cesse de nouvelles cr\u00e9ations adapt\u00e9es \u00e0 chaque saison. \u00c0 l\u2019automne, elle proposait des citrouilles et des noix et pour Halloween de petits fant\u00f4mes. \u00c0 No\u00ebl, des lutins, des casse-noisettes, des sapins et des boules de No\u00ebl prennent vie, d\u00e9gageant entre autres des parfums de pain d\u2019\u00e9pices et de vin chaud. Loredana fabrique elle-m\u00eame une partie des diff\u00e9rents moules en silicone de ses bougies avec l\u2019aide de son mari Gino. Les magnifiques bouquets compos\u00e9s exclusivement de bougies sont particuli\u00e8rement appr\u00e9ci\u00e9s de la client\u00e8le. \u00ab Nos bouquets sont r\u00e9alis\u00e9s avec beaucoup d\u2019amour du d\u00e9tail et ils ne se fanent pas \u00bb, explique Loredana avec un clin d\u2019\u0153il.<\/span><\/p>\n<p><span class=\"fontstyle2\">Loredana aime \u00e9galement transmettre sa passion et son savoir-faire. Elle propose r\u00e9guli\u00e8rement des ateliers d\u2019environ deux heures au cours desquels les participant\u00b7es fabriquent leur propre bougie. Vous pouvez \u00e9galement commander des bougies chez Loredana Candles &amp; Co. comme cadeaux d\u2019entreprise ou pour des f\u00eates de famille comme les mariages, les anniversaires et les bapt\u00eames.<\/span><\/p>\n<table style=\"border-collapse: collapse; width: 100%;\">\n<tbody>\n<tr>\n<td style=\"width: 100%;\"><img decoding=\"async\" class=\"lazyload aligncenter wp-image-29442\" src=\"data:image\/svg+xml,%3Csvg%20xmlns%3D%27http%3A%2F%2Fwww.w3.org%2F2000%2Fsvg%27%20width%3D%271115%27%20height%3D%27743%27%20viewBox%3D%270%200%201115%20743%27%3E%3Crect%20width%3D%271115%27%20height%3D%27743%27%20fill-opacity%3D%220%22%2F%3E%3C%2Fsvg%3E\" data-orig-src=\"https:\/\/sadudelangedata.blob.core.windows.net\/files\/2025\/12\/VdD_Lorendena_iNET-72dpi-\u00a9-Marc-Lazzarini-standart-1.jpg\" width=\"1115\" height=\"743\" \/><\/td>\n<\/tr>\n<\/tbody>\n<\/table>\n<table style=\"border-collapse: collapse; width: 100%;\">\n<tbody>\n<tr>\n<td style=\"width: 33.3333%;\"><img decoding=\"async\" class=\"lazyload size-full wp-image-29443 aligncenter\" src=\"data:image\/svg+xml,%3Csvg%20xmlns%3D%27http%3A%2F%2Fwww.w3.org%2F2000%2Fsvg%27%20width%3D%272048%27%20height%3D%271365%27%20viewBox%3D%270%200%202048%201365%27%3E%3Crect%20width%3D%272048%27%20height%3D%271365%27%20fill-opacity%3D%220%22%2F%3E%3C%2Fsvg%3E\" data-orig-src=\"https:\/\/sadudelangedata.blob.core.windows.net\/files\/2025\/12\/VdD_Lorendena_iNET-72dpi-\u00a9-Marc-Lazzarini-standart-18.jpg\" alt=\"\" width=\"2048\" height=\"1365\" \/><\/td>\n<td style=\"width: 33.3333%;\"><img decoding=\"async\" class=\"lazyload size-full wp-image-29444 aligncenter\" src=\"data:image\/svg+xml,%3Csvg%20xmlns%3D%27http%3A%2F%2Fwww.w3.org%2F2000%2Fsvg%27%20width%3D%272048%27%20height%3D%271365%27%20viewBox%3D%270%200%202048%201365%27%3E%3Crect%20width%3D%272048%27%20height%3D%271365%27%20fill-opacity%3D%220%22%2F%3E%3C%2Fsvg%3E\" data-orig-src=\"https:\/\/sadudelangedata.blob.core.windows.net\/files\/2025\/12\/VdD_Lorendena_iNET-72dpi-\u00a9-Marc-Lazzarini-standart-6.jpg\" alt=\"\" width=\"2048\" height=\"1365\" \/><\/td>\n<td style=\"width: 33.3333%;\"><img decoding=\"async\" class=\"lazyload size-full wp-image-29445 aligncenter\" src=\"data:image\/svg+xml,%3Csvg%20xmlns%3D%27http%3A%2F%2Fwww.w3.org%2F2000%2Fsvg%27%20width%3D%272048%27%20height%3D%271365%27%20viewBox%3D%270%200%202048%201365%27%3E%3Crect%20width%3D%272048%27%20height%3D%271365%27%20fill-opacity%3D%220%22%2F%3E%3C%2Fsvg%3E\" data-orig-src=\"https:\/\/sadudelangedata.blob.core.windows.net\/files\/2025\/12\/VdD_Lorendena_iNET-72dpi-\u00a9-Marc-Lazzarini-standart-15.jpg\" alt=\"\" width=\"2048\" height=\"1365\" \/><\/td>\n<\/tr>\n<\/tbody>\n<\/table>\n<p>Photos \u00a9 Marc Lazzarini<\/p>\n<p>&nbsp;<\/p>\n<p><span class=\"fontstyle2\"><strong>Loredana Candles &amp; Co.<\/strong><br \/>\n<\/span><span class=\"fontstyle0\">65 Avenue G.-D. Charlotte<br \/>\n<\/span><span class=\"fontstyle0\">L-3440 Dudelange<\/span><\/p>\n<p><span style=\"text-decoration: underline;\"><span style=\"color: #ef4030; text-decoration: underline;\"><a style=\"color: #ef4030; text-decoration: underline;\" href=\"https:\/\/loredanacandlesco.myshopify.com\/en?fbclid=IwY2xjawOeRP9leHRuA2FlbQIxMABicmlkETFsNjN4WjhOUGI3eFkxQ0JOc3J0YwZhcHBfaWQQMjIyMDM5MTc4ODIwMDg5MgABHtC-wGVW1IYsvpF774sXauOeQNlanlLaWOePZ_pmManMa4oVYlf2ON4PSpUa_aem_eSDi_XcV5mbvl5Qx1fxMDQ\" target=\"_blank\" rel=\"noopener\"><span class=\"fontstyle0\">www.loredanacandlesco.myshopify.com<\/span><\/a><\/span><\/span><\/p>\n<p>Facebook: <span style=\"text-decoration: underline;\"><span style=\"color: #ef4030; text-decoration: underline;\"><a style=\"color: #ef4030; text-decoration: underline;\" href=\"https:\/\/www.facebook.com\/profile.php?id=100083225025774\" target=\"_blank\" rel=\"noopener\">Candles_byloredana<\/a><br \/>\n<\/span><\/span><span style=\"color: #000000;\">Instagram: <span style=\"text-decoration: underline;\"><span style=\"color: #ef4030; text-decoration: underline;\"><a style=\"color: #ef4030; text-decoration: underline;\" href=\"https:\/\/www.instagram.com\/candles_byloredana\/\" target=\"_blank\" rel=\"noopener\">candles_byloredana<\/a><\/span><\/span><\/span><\/p>\n<p>&#8211;<\/p>\n<p><span style=\"font-size: 18pt;\"><strong>Das Handwerk in D\u00fcdelingen<\/strong><\/span><\/p>\n<p><span style=\"text-decoration: underline;\"><strong><span class=\"fontstyle0\">Der Chocolatier: Gabriel Mjahed<\/span><\/strong><\/span><\/p>\n<p><span class=\"fontstyle2\">Seit September 2023 verf\u00fchrt Gabriel uns mit seinen s\u00fc\u00dfen Kreationen. In seinem Atelier in D\u00fcdelingen erschafft der junge Chocolatier regelm\u00e4\u00dfig neue Kunstwerke aus Schokolade. Nachdem er die G\u00eblle Fra als goldene Schokoladenskulptur umgesetzt hatte, war nun das Wahrzeichen von D\u00fcdelingen an der Reihe: der Wasserturm. \u201eAm Anfang stand die Idee eines gemeinsamen Projekts mit der Stadt D\u00fcdelingen, dem Centre National de l\u2019Audiovisuel (CNA) und dem Kulturministerium\u201c, erz\u00e4hlt Gabriel Mjahed uns.<\/span><\/p>\n<p><span class=\"fontstyle2\">Eine der gr\u00f6\u00dften Herausforderungen war die Herstellung der Form. \u201eZuerst musste die H\u00f6he des Schokoladenturms festgelegt werden, anschlie\u00dfend wurden zahlreiche Skizzen angefertigt, bis wir uns auf ein definitives Modell einigten. In einem n\u00e4chsten Schritt wurde die Verpackung kreiert. Der gesamte Prozess zog sich \u00fcber fast ein Jahr.\u201c P\u00fcnktlich zu den Feierlichkeiten des Thronwechsels am 4. Oktober in D\u00fcdelingen, war der urspr\u00fcnglich 56 Meter hohe Wasserturm schlie\u00dflich zu einem 15 Zentimeter hohen Schokoladenwasserturm geschrumpft.<\/span><\/p>\n<p><span class=\"fontstyle2\">Aktuell gibt es zwei Varianten: eine aus Milchschokolade und eine aus Zartbitterschokolade, mit jeweils einer Vanille-Marshmallow-F\u00fcllung. Geplant sind jedoch auch andere F\u00fcllungen, beispielsweise aus Nugat und Karamell. Die Skyline von Luxemburg und die G\u00eblle Fra l\u00e4uteten eine Kollektion ein, die sich rund um Luxemburg dreht. Nach dem D\u00fcdelinger Wasserturm arbeitet Gabriel bereits an neuen s\u00fc\u00dfen Kreationen. Als N\u00e4chstes stehen das Tal der sieben Schl\u00f6sser und das Fort Th\u00fcngen im Park Dr\u00e4i Eechelen in Luxemburg Stadt auf dem Programm. Au\u00dferdem plant der Chocolatier ein weiteres Projekt mit der Stadt D\u00fcdelingen, das sich mit unserer industriellen Vergangenheit befasst.<\/span><\/p>\n<p><span class=\"fontstyle0\">2023 erf\u00fcllte sich Gabriel Mjahed mit der Er\u00f6ffnung seines <\/span><span class=\"fontstyle0\">eigenen Schokoladenateliers \u201eChocolaterie RG\u201c in D\u00fcdelingen seinen Lebenstraum \u2013 und das mit gerade einmal 25 <\/span><span class=\"fontstyle0\">Jahren. RG steht \u00fcbrigens f\u00fcr \u201eLes r\u00eaves de Gabriel\u201c. Seine <\/span><span class=\"fontstyle0\">gr\u00f6\u00dfte Leidenschaft ist es, um die Welt zu reisen und die <\/span><span class=\"fontstyle0\">au\u00dfergew\u00f6hnlichsten Schokoladenbohnen zu entdecken, <\/span><span class=\"fontstyle0\">die er in seinem Atelier in D\u00fcdelingen in die sch\u00f6nsten und <\/span><span class=\"fontstyle0\">edelsten K\u00f6stlichkeiten verwandelt. Die Chocolaterie RG <\/span><span class=\"fontstyle0\">wurde zudem in den renommierten Gastronomief\u00fchrer <\/span><span class=\"fontstyle0\">Gault&amp;Millaut, Ausgabe 2026, aufgenommen.<\/span><\/p>\n<p>&#8211;<\/p>\n<p><span style=\"text-decoration: underline;\"><strong><span class=\"fontstyle0\">Die Goldschmiedin: Cassandra Vindevogel<\/span><\/strong><\/span><\/p>\n<p><span class=\"fontstyle2\">\u201eEin Laden, der zum Tr\u00e4umen einl\u00e4dt\u201c: So beschreibt Cassandra Vindevogel ihr sogenanntes Kuriosit\u00e4tenkabinett \u201eAbsynthia, Merveilles &amp; Curiosit\u00e9s\u201c, das sie im Sommer dieses Jahres in D\u00fcdelingen er\u00f6ffnet hat. Hier finden sich unterschiedliche Kunstrichtungen. Das Angebot reicht von Malerei, \u00fcber antike M\u00f6bel bis hin zu Handkunstwerken und Schmuck.<\/span><\/p>\n<p><span class=\"fontstyle2\">\u201eUnser Ziel ist es, diesen verschiedenen Kunstrichtungen ein neues Leben zu geben. Sie harmonieren meiner Meinung nach hervorragend miteinander\u201c, erkl\u00e4rt Cassandra Vindevogel. Sie selbst ist die Inhaberin des Gesch\u00e4ftes gegen\u00fcber dem Rathaus. Die gelernte Goldschmiedin stellt au\u00dfergew\u00f6hnlichen Schmuck her und arbeitet mit vielen verschiedenen Materialien wie massivem Silber, vergoldetem Silber, Edelsteinen und sogar Fossilien. Jedes Schmuckst\u00fcck hat seine eigene und faszinierende Geschichte. Cassandra Vindevogel legt gro\u00dfen Wert auf hochwertige und fair gehandelte Materialien. Sie fertigt auch individuelle Schmuckst\u00fccke auf Bestellung an. Bis zur Er\u00f6ffnung ihres eigenen Gesch\u00e4ftes, war sie Teil von Let\u2019z Hug in der Avenue G.-D. Charlotte.<\/span><\/p>\n<p><span class=\"fontstyle2\">Das Konzept von Absynthia lebt sie jedoch nicht allein. \u201eDas war auch nie mein Ziel\u201c, betont die junge Unternehmerin. Die Malerin Ramona Bernucci, die Handtaschendesignerin Dasa und die Altwarenh\u00e4ndlerin Lena komplettieren das <\/span><span class=\"fontstyle2\">kreative Frauengespann. Sie alle sind Autodidakten, sie haben sich ihr Wissen und K\u00f6nnen selbst beigebracht. <\/span><span class=\"fontstyle2\">Dasa verbindet H\u00e4kelkunst mit zeitgen\u00f6ssischem Stil f\u00fcr moderne Modeliebhaber*innen. Sie hat das Label DS Creabags entworfen. Jedes Modell ist einzigartig gestaltet und mit viel Liebe zum Detail handgefertigt.<\/span><\/p>\n<p><span class=\"fontstyle2\">Lena ist die Inhaberin von BATZ. Sie hat sich auf moderne und antike Secondhand-Objekte spezialisiert. \u201eEs sind wahre Sch\u00e4tze, die Lena und ihr Partner Dan bei uns im Gesch\u00e4ft anbieten\u201c, erkl\u00e4rt Cassandra. Das Konzept von Absynthia wird durch die Kunstwerke von Ramona Bernucci vervollst\u00e4ndigt. Sie wendet verschiedene Maltechniken an. Vom Blasrohr \u00fcber Holz hin zu Blattgold ist jedes Werk ein Unikat. <\/span><span class=\"fontstyle2\">Das Interieur von Absynthia ver\u00e4ndert sich \u00fcbrigens regelm\u00e4\u00dfig. Alle paar Wochen erwarten Sie neue Kreationen. Zudem haben Sie die M\u00f6glichkeit, an Ateliers teilzunehmen, die von Cassandra und ihren Kolleginnen angeboten werden.<\/span><\/p>\n<p>&#8211;<\/p>\n<p><span style=\"text-decoration: underline;\"><strong><span class=\"fontstyle0\">Die Kerzenherstellerin : Loredana Di Cino<\/span><\/strong><\/span><\/p>\n<p><span class=\"fontstyle2\">\u201eAlles hat vor einigen Jahren mit einer Kerze und einem Haartrockner in unserem Keller zu Hause begonnen\u201c, erz\u00e4hlt Loredana Di Cino uns \u00fcber die Anf\u00e4nge ihrer gro\u00dfen Leidenschaft, dem Kerzengie\u00dfen. Heute finden Sie bei Loredana Candles &amp; Co. einige hundert wundersch\u00f6ne, selbst hergestellte Kerzen. \u201eIch bin Autodidaktin. Im Laufe der Jahre habe ich mir viele verschiedene Techniken angeeignet. Nat\u00fcrlich gelingt mir am Anfang nicht jede neue Kreation auf Anhieb. Es gibt Tage, an denen ich bis zu 15 Stunden in meinem Atelier verbringe. Aber, \u00dcbung macht bekanntlich den Meister, in diesem Fall die Meisterin\u201c, betont Loredana.<\/span><\/p>\n<p><span class=\"fontstyle2\">\u201eDen Sprung in die Selbstst\u00e4ndigkeit sollte man sich gut \u00fcberlegen\u201c, gibt sie zu. \u201eVor allem aber sollte man etwas machen, das einem wirklich Spa\u00df bereitet\u201c. Dass dies f\u00fcr Loredana der Entwurf und die Herstellung von Kerzen sind, ist nicht zu \u00fcbersehen, wenn man ihr Kerzenparadies in der Niddeschgaass betritt. Es stand auch au\u00dfer Frage, das Gesch\u00e4ft woanders zu er\u00f6ffnen, betont die geb\u00fcrtige D\u00fcdelingerin. Ihre Kerzen sind alle vegan, das hei\u00dft, sie werden mit europ\u00e4ischem Sojawachs und nat\u00fcrlichen D\u00fcften hergestellt. Damit die Kerzen gut riechen und keine Gesundheitsgefahr darstellen, bestellt Loredana ihre D\u00fcfte bei Parfumh\u00e4ndler*innen in Grasse. Die s\u00fcdfranz\u00f6sische Stadt ist f\u00fcr ihre alteingesessene Parf\u00fcmindustrie bekannt.<\/span><\/p>\n<p><span class=\"fontstyle2\">Passend zu jeder Saison l\u00e4sst sich die junge Unternehmerin immer wieder neue Kreationen einfallen. Im Herbst hatte sie K\u00fcrbisse, N\u00fcsse und passend zu Halloween kleine Geister im Angebot. Zu Weihnachten erwachen Wichtel, Nussknacker, Weihnachtsb\u00e4ume und -kugeln zum Leben, die unter anderem nach Lebkuchen und Gl\u00fchwein duften. Die verschiedenen Silikonformen ihrer Kerzen stellt Loredana mithilfe ihres Mannes Gino teilweise selbst her. <\/span><span class=\"fontstyle2\">Ein besonderes Highlight, sind die wundersch\u00f6nen Blumenstr\u00e4u\u00dfe, die ausschlie\u00dflich aus Kerzen bestehen und bei der Kundschaft besonders beliebt sind. \u201eUnsere Str\u00e4u\u00dfe sind mit viel Liebe zum Detail gemacht und sie verwelken nicht\u201c, erkl\u00e4rt Loredana mit einem Augenzwinkern. Ihre Passion und ihr K\u00f6nnen vermittelt Loredana auch gerne weiter. Sie bietet deshalb regelm\u00e4\u00dfig Ateliers an, die ungef\u00e4hr zwei Stunden dauern und w\u00e4hrend derer die Teilnehmer*innen ihre ganz eigene Kerze herstellen. Au\u00dferdem k\u00f6nnen Sie bei Loredana Candles &amp; Co. Kerzen als Firmengeschenke oder f\u00fcr Familienfeiern wie Hochzeiten, Geburtstage und Taufen bestellen.<\/span><\/p>\n<p>&nbsp;<\/p>\n<p><strong>Downloads:<\/strong><\/p>\n<p><strong>[PDF] <span style=\"text-decoration: underline;\"><span style=\"color: #ef4030; text-decoration: underline;\"><a style=\"color: #ef4030; text-decoration: underline;\" href=\"https:\/\/sadudelangedata.blob.core.windows.net\/files\/2025\/12\/Artisanat-a-Dudelange.pdf\" target=\"_blank\" rel=\"noopener\">Article Meng Stad_L&rsquo;artisanat \u00e0 Dudelange<\/a><\/span><\/span><\/strong><\/p>\n<p><strong>[PDF] <span style=\"text-decoration: underline;\"><span style=\"color: #ef4030;\"><a style=\"color: #ef4030; text-decoration: underline;\" title=\"Meng Stad Nr3\/2025\" href=\"https:\/\/sadudelangedata.blob.core.windows.net\/files\/2025\/12\/MengStad-3-2025-WEB.pdf\" target=\"_blank\" rel=\"noopener\">Meng Stad nr3\/2025<\/a><\/span><\/span><\/strong><\/p>\n","protected":false},"excerpt":{"rendered":"<p>Chocolaterie RG, Absynthia &#8211; Merveilles &#038; Curiosit\u00e9s, Loredana Candles &#038; Co<\/p>\n","protected":false},"featured_media":29430,"template":"","categories":[],"class_list":["post-29429","actualites","type-actualites","status-publish","has-post-thumbnail","hentry"],"date_debut_affichage":"0000-00-00 00:00:00","date_fin_affichage":"0000-00-00 00:00:00","description_ecran":"","place_hotel_de_ville":"0","gare_dudelange_ville":"0","lycee_nic_biever":"0","preview":"0","visuel_prepare":false,"ordre_affichage_ecran":"0","featured_image_url":"https:\/\/sadudelangedata.blob.core.windows.net\/files\/2025\/12\/Chocolatier.jpg","publishpress_future_workflow_manual_trigger":{"enabledWorkflows":[]},"_links":{"self":[{"href":"https:\/\/www.dudelange.lu\/index.php\/wp-json\/wp\/v2\/actualites\/29429","targetHints":{"allow":["GET"]}}],"collection":[{"href":"https:\/\/www.dudelange.lu\/index.php\/wp-json\/wp\/v2\/actualites"}],"about":[{"href":"https:\/\/www.dudelange.lu\/index.php\/wp-json\/wp\/v2\/types\/actualites"}],"wp:featuredmedia":[{"embeddable":true,"href":"https:\/\/www.dudelange.lu\/index.php\/wp-json\/wp\/v2\/media\/29430"}],"wp:attachment":[{"href":"https:\/\/www.dudelange.lu\/index.php\/wp-json\/wp\/v2\/media?parent=29429"}],"wp:term":[{"taxonomy":"category","embeddable":true,"href":"https:\/\/www.dudelange.lu\/index.php\/wp-json\/wp\/v2\/categories?post=29429"}],"curies":[{"name":"wp","href":"https:\/\/api.w.org\/{rel}","templated":true}]}}