{"id":29448,"date":"2025-12-04T12:00:33","date_gmt":"2025-12-04T11:00:33","guid":{"rendered":"https:\/\/www.dudelange.lu\/?post_type=actualites&#038;p=29448"},"modified":"2025-12-04T15:11:30","modified_gmt":"2025-12-04T14:11:30","slug":"meng-stad-epicerie-ronny-chiara","status":"publish","type":"actualites","link":"https:\/\/www.dudelange.lu\/index.php\/actualites\/meng-stad-epicerie-ronny-chiara\/","title":{"rendered":"Meng Stad : \u00c9picerie Ronny &#038; Chiara"},"content":{"rendered":"<p><span class=\"fontstyle0\">[FR] <\/span><span class=\"fontstyle2\">\u00ab La Bella Italia \u00bb, c\u2019est Ronny et Chiara. Tous deux vous plongent dans l\u2019atmosph\u00e8re d\u2019une authentique \u00e9picerie fine italienne. Laissez-vous s\u00e9duire par les produits de petit\u00b7es producteur\u00b7rices italien\u00b7nes ! \u00ab Nous sommes constamment \u00e0 la recherche de nouveaut\u00e9s provenant de notre pays natal \u00bb, souligne Ronny. Outre de nombreuses vari\u00e9t\u00e9s de charcuteries et de fromages, vous trouverez \u00e9galement des plats italiens typiques, notamment des p\u00e2tes fra\u00eeches comme chez la \u00ab Nonna \u00bb, ainsi que des produits sans gluten et sans lactose. Sur demande, Ronny et Chiara composent \u00e9galement des plateaux et des paniers cadeaux avec un large choix de charcuteries, viandes s\u00e9- ch\u00e9es, fromages italiens et antipasti.<\/span><\/p>\n<p><em>(F\u00fcr die deutsche Fassung des Artikels, scrollen Sie bitte runter)<\/em><\/p>\n<table style=\"border-collapse: collapse; width: 100%;\">\n<tbody>\n<tr>\n<td style=\"width: 50%;\"><img decoding=\"async\" class=\"lazyload size-full wp-image-29450 aligncenter\" src=\"data:image\/svg+xml,%3Csvg%20xmlns%3D%27http%3A%2F%2Fwww.w3.org%2F2000%2Fsvg%27%20width%3D%272048%27%20height%3D%271365%27%20viewBox%3D%270%200%202048%201365%27%3E%3Crect%20width%3D%272048%27%20height%3D%271365%27%20fill-opacity%3D%220%22%2F%3E%3C%2Fsvg%3E\" data-orig-src=\"https:\/\/sadudelangedata.blob.core.windows.net\/files\/2025\/12\/VdD_MengStad_RonnyChiara_2025_iNet72dpi\u00a9MichaelDias-standart-4.jpg\" alt=\"\" width=\"2048\" height=\"1365\" \/><\/td>\n<td style=\"width: 50%;\"><img decoding=\"async\" class=\"lazyload size-full wp-image-29451 aligncenter\" src=\"data:image\/svg+xml,%3Csvg%20xmlns%3D%27http%3A%2F%2Fwww.w3.org%2F2000%2Fsvg%27%20width%3D%272048%27%20height%3D%271365%27%20viewBox%3D%270%200%202048%201365%27%3E%3Crect%20width%3D%272048%27%20height%3D%271365%27%20fill-opacity%3D%220%22%2F%3E%3C%2Fsvg%3E\" data-orig-src=\"https:\/\/sadudelangedata.blob.core.windows.net\/files\/2025\/12\/VdD_MengStad_RonnyChiara_2025_iNet72dpi\u00a9MichaelDias-standart-12.jpg\" alt=\"\" width=\"2048\" height=\"1365\" \/><\/td>\n<\/tr>\n<\/tbody>\n<\/table>\n<p>Photos \u00a9 Michael Dias<\/p>\n<p><span class=\"fontstyle2\">Il y a six ans, le couple et leurs deux fils ont quitt\u00e9 la r\u00e9gion de Bergame pour s\u2019installer au Luxembourg. En 2021, ils ont ouvert leur premier magasin \u00e0 Dudelange. Apr\u00e8s un bref passage \u00e0 Luxembourg-Ville, ils sont revenus \u00e0 Dudelange, o\u00f9 ils ont ouvert leur nouveau magasin le 12 mars. \u00ab C\u2019est ici que nous sommes chez nous, c\u2019est ici que nos enfants vont \u00e0 l\u2019\u00e9cole et font du sport, et c\u2019est ici que nous avons nos amis \u00bb, explique Ronny, qui travaille dans le secteur de la gastronomie depuis 25 ans. \u00ab De plus, nous entretenons d\u2019excellentes relations avec nos client\u00b7es. Beaucoup d\u2019entre eux\u00b7elles sont devenu\u00b7es de bon\u00b7nes ami\u00b7es ! \u00bb<\/span><\/p>\n<p><span class=\"fontstyle2\">Petit conseil ! Ronny et Chiara vous informent r\u00e9guli\u00e8rement des nouveaut\u00e9s de leur \u00e9tablissement dans de petites vid\u00e9os amusantes sur Facebook et Instagram (@squisitamente.lu).<\/span><\/p>\n<p>.<\/p>\n<p><span class=\"fontstyle0\">\u201eLa Bella Italia\u201c \u2013 das sind Ronny und Chiara. Die beiden entf\u00fchren Sie in die Atmosph\u00e4re eines authentischen italienischen Feinkostgesch\u00e4fts. Tauchen Sie ein in den Genuss von Produkten kleiner italienischer Produzent*innen! \u201eWir sind st\u00e4ndig auf der Suche nach Neuheiten aus unserem Heimatland\u201c, betont Ronny. Neben zahlreichen Wurst- und K\u00e4sesorten erwarten Sie auch typische italienische Gerichte, darunter frische Pasta wie bei Nonna zu Hause, sowie gluten- und laktosefreie Produkte. Auf Wunsch stellen Ronny und Chiara au\u00dferdem Vorspeisenplatten und Geschenkk\u00f6rbe mit einer gro\u00dfen Auswahl an Wurstwaren, Trockenfleisch, italienischem K\u00e4se und Antipasti zusammen.<\/span><\/p>\n<table style=\"border-collapse: collapse; width: 100%;\">\n<tbody>\n<tr>\n<td style=\"width: 33.3333%;\"><img decoding=\"async\" class=\"lazyload size-full wp-image-29452 aligncenter\" src=\"data:image\/svg+xml,%3Csvg%20xmlns%3D%27http%3A%2F%2Fwww.w3.org%2F2000%2Fsvg%27%20width%3D%272048%27%20height%3D%271365%27%20viewBox%3D%270%200%202048%201365%27%3E%3Crect%20width%3D%272048%27%20height%3D%271365%27%20fill-opacity%3D%220%22%2F%3E%3C%2Fsvg%3E\" data-orig-src=\"https:\/\/sadudelangedata.blob.core.windows.net\/files\/2025\/12\/VdD_MengStad_RonnyChiara_2025_iNet72dpi\u00a9MichaelDias-standart-9.jpg\" alt=\"\" width=\"2048\" height=\"1365\" \/><\/td>\n<td style=\"width: 33.3333%;\"><img decoding=\"async\" class=\"lazyload size-full wp-image-29453 aligncenter\" src=\"data:image\/svg+xml,%3Csvg%20xmlns%3D%27http%3A%2F%2Fwww.w3.org%2F2000%2Fsvg%27%20width%3D%272048%27%20height%3D%271365%27%20viewBox%3D%270%200%202048%201365%27%3E%3Crect%20width%3D%272048%27%20height%3D%271365%27%20fill-opacity%3D%220%22%2F%3E%3C%2Fsvg%3E\" data-orig-src=\"https:\/\/sadudelangedata.blob.core.windows.net\/files\/2025\/12\/VdD_MengStad_RonnyChiara_2025_iNet72dpi\u00a9MichaelDias-standart-7.jpg\" alt=\"\" width=\"2048\" height=\"1365\" \/><\/td>\n<td style=\"width: 33.3333%;\"><img decoding=\"async\" class=\"lazyload size-full wp-image-29454 aligncenter\" src=\"data:image\/svg+xml,%3Csvg%20xmlns%3D%27http%3A%2F%2Fwww.w3.org%2F2000%2Fsvg%27%20width%3D%272048%27%20height%3D%271365%27%20viewBox%3D%270%200%202048%201365%27%3E%3Crect%20width%3D%272048%27%20height%3D%271365%27%20fill-opacity%3D%220%22%2F%3E%3C%2Fsvg%3E\" data-orig-src=\"https:\/\/sadudelangedata.blob.core.windows.net\/files\/2025\/12\/VdD_MengStad_RonnyChiara_2025_iNet72dpi\u00a9MichaelDias-standart-1.jpg\" alt=\"\" width=\"2048\" height=\"1365\" \/><\/td>\n<\/tr>\n<\/tbody>\n<\/table>\n<p>Photos \u00a9 Michael Dias<\/p>\n<p><span class=\"fontstyle0\">Vor sechs Jahren zog das Ehepaar mit seinen beiden S\u00f6hnen aus der Region von Bergamo nach Luxemburg. 2021 er\u00f6ffneten sie ihr erstes Gesch\u00e4ft in D\u00fcdelingen. Nach einem kurzen Abstecher nach Luxemburg-Stadt zog es sie jedoch wieder zur\u00fcck nach D\u00fcdelingen, wo sie am 12. M\u00e4rz ihr neues Gesch\u00e4ft er\u00f6ffneten. \u201eHier sind wir zu Hause, hier gehen unsere Kinder zur Schule und sind im Sportverein, und hier haben wir unsere Freunde\u201c, erz\u00e4hlt Ronny, der seit 25 Jahren im Gastronomiebereich t\u00e4tig ist. \u201eDar\u00fcber hinaus pflegen wir hervorragende Kontakte zu unserer Kundschaft. Viele von ihnen sind inzwischen zu guten Freunden geworden!\u201c<\/span><\/p>\n<p><span class=\"fontstyle0\">Ein kleiner Tipp! Ronny und Chiara informieren Sie auf Facebook und Instagram regelm\u00e4\u00dfig in kleinen, witzigen Videos \u00fcber die Neuigkeiten bei ihnen (@squisitamente.lu).<\/span><\/p>\n<p><strong>\u00c9picerie Ronny &amp; Chiara<\/strong><br \/>\n<span class=\"fontstyle0\">17 Rue Jean Jaur\u00e8s<br \/>\nL-3490 Dudelange<br \/>\n<\/span><\/p>\n<p><span style=\"text-decoration: underline; color: #ef4030;\"><a style=\"color: #ef4030;\" href=\"http:\/\/www.squisitamente.lu\" target=\"_blank\" rel=\"noopener\"><span class=\"fontstyle0\">www.squisitamente.lu<\/span><\/a><\/span><br \/>\nFacebook: <span style=\"text-decoration: underline;\"><span style=\"color: #ef4030;\"><a style=\"color: #ef4030; text-decoration: underline;\" href=\"https:\/\/www.facebook.com\/squisitamente.lu\" target=\"_blank\" rel=\"noopener\">Squisitamente Luxembourg<\/a><br \/>\n<\/span><\/span><span style=\"color: #000000;\">Instagram: <span style=\"text-decoration: underline;\"><span style=\"color: #ef4030; text-decoration: underline;\"><a style=\"color: #ef4030; text-decoration: underline;\" href=\"https:\/\/www.instagram.com\/squisitamente.lu\/?hl=de\" target=\"_blank\" rel=\"noopener\">squisitamente.lu<\/a><\/span><\/span><\/span><\/p>\n<p><strong>Downloads:<\/strong><\/p>\n<p><strong>[PDF]<\/strong> <span style=\"text-decoration: underline;\"><span style=\"color: #ef4030; text-decoration: underline;\"><a style=\"color: #ef4030; text-decoration: underline;\" href=\"https:\/\/sadudelangedata.blob.core.windows.net\/files\/2025\/12\/picerie-Ronny-Chiara.pdf\" target=\"_blank\" rel=\"noopener\"><strong>Article Meng Stad_\u00c9picerie Ronny &amp; Chiara<\/strong><\/a><\/span><\/span><\/p>\n<p><strong>[PDF] <span style=\"text-decoration: underline;\"><span style=\"color: #ef4030;\"><a style=\"color: #ef4030; text-decoration: underline;\" title=\"Meng Stad Nr3\/2025\" href=\"https:\/\/sadudelangedata.blob.core.windows.net\/files\/2025\/12\/MengStad-3-2025-WEB.pdf\" target=\"_blank\" rel=\"noopener\">Meng Stad nr3\/2025<\/a><\/span><\/span><\/strong><\/p>\n","protected":false},"excerpt":{"rendered":"<p>Nos commerces et entreprises<\/p>\n","protected":false},"featured_media":29449,"template":"","categories":[],"class_list":["post-29448","actualites","type-actualites","status-publish","has-post-thumbnail","hentry"],"date_debut_affichage":"0000-00-00 00:00:00","date_fin_affichage":"0000-00-00 00:00:00","description_ecran":"","place_hotel_de_ville":"0","gare_dudelange_ville":"0","lycee_nic_biever":"0","preview":"0","visuel_prepare":false,"ordre_affichage_ecran":"0","featured_image_url":"https:\/\/sadudelangedata.blob.core.windows.net\/files\/2025\/12\/Ronny-Chiara.jpg","publishpress_future_workflow_manual_trigger":{"enabledWorkflows":[]},"_links":{"self":[{"href":"https:\/\/www.dudelange.lu\/index.php\/wp-json\/wp\/v2\/actualites\/29448","targetHints":{"allow":["GET"]}}],"collection":[{"href":"https:\/\/www.dudelange.lu\/index.php\/wp-json\/wp\/v2\/actualites"}],"about":[{"href":"https:\/\/www.dudelange.lu\/index.php\/wp-json\/wp\/v2\/types\/actualites"}],"wp:featuredmedia":[{"embeddable":true,"href":"https:\/\/www.dudelange.lu\/index.php\/wp-json\/wp\/v2\/media\/29449"}],"wp:attachment":[{"href":"https:\/\/www.dudelange.lu\/index.php\/wp-json\/wp\/v2\/media?parent=29448"}],"wp:term":[{"taxonomy":"category","embeddable":true,"href":"https:\/\/www.dudelange.lu\/index.php\/wp-json\/wp\/v2\/categories?post=29448"}],"curies":[{"name":"wp","href":"https:\/\/api.w.org\/{rel}","templated":true}]}}