{"id":29537,"date":"2025-12-16T14:17:20","date_gmt":"2025-12-16T13:17:20","guid":{"rendered":"https:\/\/www.dudelange.lu\/?post_type=actualites&#038;p=29537"},"modified":"2025-12-16T14:18:20","modified_gmt":"2025-12-16T13:18:20","slug":"meng-stad-en-visite-chez-les-amis-darganil","status":"publish","type":"actualites","link":"https:\/\/www.dudelange.lu\/index.php\/actualites\/meng-stad-en-visite-chez-les-amis-darganil\/","title":{"rendered":"Meng Stad : En visite chez les amis d\u2019Arganil"},"content":{"rendered":"<p><span class=\"fontstyle0\">Depuis l\u2018ann\u00e9e 2000, une relation \u00e9troite existe entre Dudelange et la ville portugaise d\u2018Arganil. Il y a 25 ans fut scell\u00e9 le jumelage officiel entre nos deux communes.<\/span><\/p>\n<p><span class=\"fontstyle0\">Du 5 au 7 septembre dernier, une d\u00e9l\u00e9gation de Dudelange, conduite par notre bourgmestre Dan Biancalana, \u00e9tait en visite \u00e0 Arganil. Ce weekend \u00e9tait \u00e9galement marqu\u00e9 par la \u00ab Feriado Municipal \u00bb, la f\u00eate municipale. Il s\u2018agit d\u2018un \u00e9v\u00e9- nement important pour les habitant\u00b7es d\u2018Arganil, qui leur permet de c\u00e9l\u00e9brer les traditions locales et leur identit\u00e9. Avec pour slogan \u00ab Dudelange : hier, aujourd\u2018hui, demain \u00bb, une exposition de photos sur notre ville \u00e9tait \u00e9galement inaugur\u00e9e \u00e0 Arganil durant ce weekend.<\/span><\/p>\n<p><em>(F\u00fcr die deutsche Fassung des Artikels, scrollen Sie bitte runter)<\/em><\/p>\n<table style=\"border-collapse: collapse; width: 100%;\">\n<tbody>\n<tr>\n<td style=\"width: 33.3333%;\"><img decoding=\"async\" class=\"lazyload size-full wp-image-29539 aligncenter\" src=\"data:image\/svg+xml,%3Csvg%20xmlns%3D%27http%3A%2F%2Fwww.w3.org%2F2000%2Fsvg%27%20width%3D%272362%27%20height%3D%271330%27%20viewBox%3D%270%200%202362%201330%27%3E%3Crect%20width%3D%272362%27%20height%3D%271330%27%20fill-opacity%3D%220%22%2F%3E%3C%2Fsvg%3E\" data-orig-src=\"https:\/\/sadudelangedata.blob.core.windows.net\/files\/2025\/12\/20250906_125150.jpg\" alt=\"\" width=\"2362\" height=\"1330\" \/><\/td>\n<td style=\"width: 33.3333%;\"><img decoding=\"async\" class=\"lazyload size-full wp-image-29540 aligncenter\" src=\"data:image\/svg+xml,%3Csvg%20xmlns%3D%27http%3A%2F%2Fwww.w3.org%2F2000%2Fsvg%27%20width%3D%271772%27%20height%3D%27997%27%20viewBox%3D%270%200%201772%20997%27%3E%3Crect%20width%3D%271772%27%20height%3D%27997%27%20fill-opacity%3D%220%22%2F%3E%3C%2Fsvg%3E\" data-orig-src=\"https:\/\/sadudelangedata.blob.core.windows.net\/files\/2025\/12\/20250906_111206.jpg\" alt=\"\" width=\"1772\" height=\"997\" \/><\/td>\n<td style=\"width: 33.3333%;\"><img decoding=\"async\" class=\"lazyload size-full wp-image-29541 aligncenter\" src=\"data:image\/svg+xml,%3Csvg%20xmlns%3D%27http%3A%2F%2Fwww.w3.org%2F2000%2Fsvg%27%20width%3D%271600%27%20height%3D%27900%27%20viewBox%3D%270%200%201600%20900%27%3E%3Crect%20width%3D%271600%27%20height%3D%27900%27%20fill-opacity%3D%220%22%2F%3E%3C%2Fsvg%3E\" data-orig-src=\"https:\/\/sadudelangedata.blob.core.windows.net\/files\/2025\/12\/IMG-20250907-WA0018.jpg\" alt=\"\" width=\"1600\" height=\"900\" \/><\/td>\n<\/tr>\n<\/tbody>\n<\/table>\n<p>Photos \u00a9 <span class=\"fontstyle0\">C. Castanheira<\/span><\/p>\n<p><span class=\"fontstyle0\">La communaut\u00e9 portugaise est la deuxi\u00e8me plus grande communaut\u00e9 au Luxembourg, et en particulier \u00e0 Dudelange. Sur nos plus de 22 000 habitant\u00b7es, pr\u00e8s de 4 000 sont d\u2018origine portugaise. Plus de 70 Portugais\u00b7es vivant \u00e0 Dudelange sont originaires du district d\u2018Arganil, qui fait partie de la r\u00e9gion de Coimbra.<\/span><\/p>\n<p><span class=\"fontstyle0\">Dans son discours, le maire d\u2018Arganil, Lu\u00eds Paulo Costa, a \u00e9voqu\u00e9 les liens \u00e9troits qui unissent les deux villes : \u00ab Que cette rencontre soit un pas suppl\u00e9mentaire vers un partenariat encore plus \u00e9troit et un renforcement de nos communaut\u00e9s, et qu\u2018elle continue d\u2018inspirer des projets et des exp\u00e9riences communs entre nos r\u00e9gions. \u00bb<\/span><\/p>\n<p><span class=\"fontstyle0\">Peu avant cette visite, la ville d\u2018Arganil avait \u00e9t\u00e9 victime de graves incendies de for\u00eat. Des personnes ont perdu la vie, beaucoup ont perdu leur maison. Le bourgmestre de Dudelange a assur\u00e9 nos ami\u00b7es portugais\u00b7es de notre soutien : \u00ab Les ami\u00b7es sont l\u00e0 pour s\u2018entraider. Je tiens \u00e0 exprimer notre profonde sympathie et notre solidarit\u00e9 aux familles touch\u00e9es. Nous voulons offrir notre aide partout o\u00f9 elle est n\u00e9cessaire. Vous pouvez compter sur nous ! \u00bb. <\/span><span class=\"fontstyle0\">La d\u00e9l\u00e9gation de Dudelange a \u00e9t\u00e9 impressionn\u00e9e par l\u2018hospitalit\u00e9 qui lui a \u00e9t\u00e9 r\u00e9serv\u00e9e \u00e0 Arganil. C\u2018\u00e9tait sa premi\u00e8re visite, mais certainement pas la derni\u00e8re. Notre d\u00e9l\u00e9gation est revenue avec de merveilleux souvenirs. Dan Biancalana a \u00e9galement transmis, au nom de la Ville de Dudelange, une invitation \u00e0 son homologue portugais pour l\u2018ann\u00e9e prochaine.<\/span><\/p>\n<p><span class=\"fontstyle0\">La Ville de Dudelange entretient au total six jumelages : Arganil (Portugal), Lauenburg (Allemagne), Manom (France), L\u0119bork (Pologne), Feltre (Italie) et Berane (Mont\u00e9n\u00e9gro).<\/span><\/p>\n<p>&#8211;<\/p>\n<p><span style=\"font-size: 14pt;\"><strong> <span class=\"fontstyle0\">Zu Gast bei Freunden in Arganil<\/span><\/strong><\/span><\/p>\n<p><span class=\"fontstyle0\">Seit dem Jahr 2000 besteht eine enge Verbindung zwischen D\u00fcdelingen und der portugiesischen Stadt Arganil. Vor genau 25 Jahren wurde die offizielle St\u00e4dtepartnerschaft zwischen unseren Gemeinden besiegelt.<\/span><\/p>\n<p><span class=\"fontstyle0\">Vom 5. bis zum 7. September dieses Jahres war eine Delegation aus D\u00fcdelingen unter der Leitung unseres B\u00fcrgermeisters Dan Biancalana zu Besuch in Arganil. An diesem Wochenende fand au\u00dferdem der st\u00e4dtische Feiertag \u201eFeriado Municipal\u201c statt. Es handelt sich um einen wichtigen Termin f\u00fcr die Einwohner*innen von Arganil, um die lokalen Traditionen und die Identit\u00e4t zu feiern. Unter dem Motto \u201eD\u00fcdelingen: Gestern \u2013 Heute \u2013 Morgen\u201c wurde zudem eine Fotoausstellung \u00fcber unsere Stadt in der Gemeinde von Arganil er\u00f6ffnet.<\/span><\/p>\n<table style=\"border-collapse: collapse; width: 100%;\">\n<tbody>\n<tr>\n<td style=\"width: 50%;\"><img decoding=\"async\" class=\"lazyload size-full wp-image-29542 aligncenter\" src=\"data:image\/svg+xml,%3Csvg%20xmlns%3D%27http%3A%2F%2Fwww.w3.org%2F2000%2Fsvg%27%20width%3D%275949%27%20height%3D%273966%27%20viewBox%3D%270%200%205949%203966%27%3E%3Crect%20width%3D%275949%27%20height%3D%273966%27%20fill-opacity%3D%220%22%2F%3E%3C%2Fsvg%3E\" data-orig-src=\"https:\/\/sadudelangedata.blob.core.windows.net\/files\/2025\/12\/Rececao-comitiva-Dudelange22.jpg\" alt=\"\" width=\"5949\" height=\"3966\" \/><img decoding=\"async\" class=\"lazyload size-full wp-image-29545 aligncenter\" src=\"data:image\/svg+xml,%3Csvg%20xmlns%3D%27http%3A%2F%2Fwww.w3.org%2F2000%2Fsvg%27%20width%3D%275787%27%20height%3D%273858%27%20viewBox%3D%270%200%205787%203858%27%3E%3Crect%20width%3D%275787%27%20height%3D%273858%27%20fill-opacity%3D%220%22%2F%3E%3C%2Fsvg%3E\" data-orig-src=\"https:\/\/sadudelangedata.blob.core.windows.net\/files\/2025\/12\/Rececao-comitiva-Dudelange43.jpg\" alt=\"\" width=\"5787\" height=\"3858\" \/><\/td>\n<td style=\"width: 50%;\"><img decoding=\"async\" class=\"lazyload size-full wp-image-29544 aligncenter\" src=\"data:image\/svg+xml,%3Csvg%20xmlns%3D%27http%3A%2F%2Fwww.w3.org%2F2000%2Fsvg%27%20width%3D%276011%27%20height%3D%274007%27%20viewBox%3D%270%200%206011%204007%27%3E%3Crect%20width%3D%276011%27%20height%3D%274007%27%20fill-opacity%3D%220%22%2F%3E%3C%2Fsvg%3E\" data-orig-src=\"https:\/\/sadudelangedata.blob.core.windows.net\/files\/2025\/12\/Rececao-comitiva-Dudelange36.jpg\" alt=\"\" width=\"6011\" height=\"4007\" \/><img decoding=\"async\" class=\"lazyload size-full wp-image-29543 aligncenter\" src=\"data:image\/svg+xml,%3Csvg%20xmlns%3D%27http%3A%2F%2Fwww.w3.org%2F2000%2Fsvg%27%20width%3D%276156%27%20height%3D%274104%27%20viewBox%3D%270%200%206156%204104%27%3E%3Crect%20width%3D%276156%27%20height%3D%274104%27%20fill-opacity%3D%220%22%2F%3E%3C%2Fsvg%3E\" data-orig-src=\"https:\/\/sadudelangedata.blob.core.windows.net\/files\/2025\/12\/Rececao-comitiva-Dudelange28.jpg\" alt=\"\" width=\"6156\" height=\"4104\" \/><\/td>\n<\/tr>\n<\/tbody>\n<\/table>\n<table style=\"border-collapse: collapse; width: 100%;\">\n<tbody>\n<tr>\n<td style=\"width: 50%;\"><\/td>\n<td style=\"width: 50%;\"><\/td>\n<\/tr>\n<\/tbody>\n<\/table>\n<p>Photos \u00a9 <span class=\"fontstyle0\">C. Castanheira<\/span><\/p>\n<p><span class=\"fontstyle0\">Die portugiesische Gemeinschaft ist die zweitgr\u00f6\u00dfte in Luxemburg und insbesondere in D\u00fcdelingen. Von unseren \u00fcber 22 000 Einwohner*innen sind fast 4.000 portugiesischer Abstammung. Mehr als 70 in D\u00fcdelingen lebende Portugies*innen stammen aus dem Kreis Arganil, der zum Bezirk Coimbra geh\u00f6rt. In seiner Rede ging der B\u00fcrgermeister von Arganil, Lu\u00eds Paulo Costa, auf die starken Beziehungen ein, die beide St\u00e4dte verbinden. \u201eM\u00f6ge dieses Treffen ein weiterer Schritt hin zu einer noch engeren Partnerschaft und einer St\u00e4rkung unserer Gemeinden sein und weiterhin gemeinsame Projekte und Erfahrungen zwischen unseren Regionen inspirieren.\u201c<\/span><\/p>\n<p><span class=\"fontstyle0\">Kurz vor diesem Besuch war die Stadt Arganil Opfer schlimmer Waldbr\u00e4nde geworden. Menschen haben ihr Leben verloren, viele ihr Zuhause. Der D\u00fcdelinger B\u00fcrgermeister versicherte unseren portugiesischen Freunden: \u201eFreunde sind da, um einander zu helfen. Ich m\u00f6chte den betroffenen Familien unser tiefstes Mitgef\u00fchl und unsere Solidarit\u00e4t aussprechen. Wir m\u00f6chten unsere Hilfe anbieten, wo immer sie gebraucht wird. Sie k\u00f6nnen auf uns z\u00e4hlen!\u201c<\/span><\/p>\n<p><span class=\"fontstyle0\">Die D\u00fcdelinger Delegation war \u00fcberw\u00e4ltigt von der Gastfreundschaft, die ihr in Arganil entgegengebracht wurde. Es war ihr erster Besuch, aber mit Sicherheit nicht ihr letzter. Unsere Delegation kehrte mit wunderbaren Erinnerungen zur\u00fcck. Dan Biancalana \u00fcbermittelte au\u00dferdem im Namen der Stadt D\u00fcdelingen eine Einladung f\u00fcr das n\u00e4chste Jahr an seinen portugiesischen Amtskollegen.<\/span><\/p>\n<table style=\"border-collapse: collapse; width: 100%;\">\n<tbody>\n<tr>\n<td style=\"width: 50%;\"><img decoding=\"async\" class=\"lazyload size-full wp-image-29546 aligncenter\" src=\"data:image\/svg+xml,%3Csvg%20xmlns%3D%27http%3A%2F%2Fwww.w3.org%2F2000%2Fsvg%27%20width%3D%274896%27%20height%3D%273672%27%20viewBox%3D%270%200%204896%203672%27%3E%3Crect%20width%3D%274896%27%20height%3D%273672%27%20fill-opacity%3D%220%22%2F%3E%3C%2Fsvg%3E\" data-orig-src=\"https:\/\/sadudelangedata.blob.core.windows.net\/files\/2025\/12\/DSC05952.jpg\" alt=\"\" width=\"4896\" height=\"3672\" \/><\/td>\n<td style=\"width: 50%;\"><img decoding=\"async\" class=\"lazyload size-full wp-image-29547 aligncenter\" src=\"data:image\/svg+xml,%3Csvg%20xmlns%3D%27http%3A%2F%2Fwww.w3.org%2F2000%2Fsvg%27%20width%3D%274896%27%20height%3D%273672%27%20viewBox%3D%270%200%204896%203672%27%3E%3Crect%20width%3D%274896%27%20height%3D%273672%27%20fill-opacity%3D%220%22%2F%3E%3C%2Fsvg%3E\" data-orig-src=\"https:\/\/sadudelangedata.blob.core.windows.net\/files\/2025\/12\/DSC06018.jpg\" alt=\"\" width=\"4896\" height=\"3672\" \/><\/td>\n<\/tr>\n<\/tbody>\n<\/table>\n<p>&nbsp;<\/p>\n<p><span class=\"fontstyle0\">Die Stadt D\u00fcdelingen unterh\u00e4lt insgesamt sechs St\u00e4dtepartnerschaften: mit Arganil (Portugal), Lauenburg (Deutschland), Manom (Frankreich), L\u0119bork (Polen), Feltre (Italien) und Berane (Montenegro).<\/span><\/p>\n<p>&nbsp;<\/p>\n<p><strong>Downloads:<\/strong><\/p>\n<p><strong>[PDF] <span style=\"text-decoration: underline;\"><span style=\"color: #ef4030; text-decoration: underline;\"><a style=\"color: #ef4030; text-decoration: underline;\" href=\"https:\/\/sadudelangedata.blob.core.windows.net\/files\/2025\/12\/Visite-Arganil.pdf\" target=\"_blank\" rel=\"noopener\">Article Meng Stad_En visite chez les amis d\u2019Arganil<\/a><\/span><\/span><\/strong><\/p>\n<p><strong>[PDF]\u00a0<span style=\"text-decoration: underline;\"><span style=\"color: #ef4030;\"><a style=\"color: #ef4030; text-decoration: underline;\" title=\"Meng Stad Nr3\/2025\" href=\"https:\/\/sadudelangedata.blob.core.windows.net\/files\/2025\/12\/MengStad-3-2025-WEB.pdf\" target=\"_blank\" rel=\"noopener\">Meng Stad nr3\/2025<\/a><\/span><\/span><\/strong><\/p>\n","protected":false},"excerpt":{"rendered":"<p>Il y a 25 ans fut scell\u00e9 le jumelage officiel entre nos deux communes.<\/p>\n","protected":false},"featured_media":29538,"template":"","categories":[],"class_list":["post-29537","actualites","type-actualites","status-publish","has-post-thumbnail","hentry"],"date_debut_affichage":"0000-00-00 00:00:00","date_fin_affichage":"0000-00-00 00:00:00","description_ecran":"","place_hotel_de_ville":"0","gare_dudelange_ville":"0","lycee_nic_biever":"0","preview":"0","visuel_prepare":false,"ordre_affichage_ecran":"0","featured_image_url":"https:\/\/sadudelangedata.blob.core.windows.net\/files\/2025\/12\/Visite-Arganil.jpg","publishpress_future_workflow_manual_trigger":{"enabledWorkflows":[]},"_links":{"self":[{"href":"https:\/\/www.dudelange.lu\/index.php\/wp-json\/wp\/v2\/actualites\/29537","targetHints":{"allow":["GET"]}}],"collection":[{"href":"https:\/\/www.dudelange.lu\/index.php\/wp-json\/wp\/v2\/actualites"}],"about":[{"href":"https:\/\/www.dudelange.lu\/index.php\/wp-json\/wp\/v2\/types\/actualites"}],"wp:featuredmedia":[{"embeddable":true,"href":"https:\/\/www.dudelange.lu\/index.php\/wp-json\/wp\/v2\/media\/29538"}],"wp:attachment":[{"href":"https:\/\/www.dudelange.lu\/index.php\/wp-json\/wp\/v2\/media?parent=29537"}],"wp:term":[{"taxonomy":"category","embeddable":true,"href":"https:\/\/www.dudelange.lu\/index.php\/wp-json\/wp\/v2\/categories?post=29537"}],"curies":[{"name":"wp","href":"https:\/\/api.w.org\/{rel}","templated":true}]}}