{"id":30583,"date":"2026-04-17T10:19:30","date_gmt":"2026-04-17T08:19:30","guid":{"rendered":"https:\/\/www.dudelange.lu\/?post_type=actualites&#038;p=30583"},"modified":"2026-04-17T11:24:12","modified_gmt":"2026-04-17T09:24:12","slug":"fundamentals-team-letzebuerg","status":"publish","type":"actualites","link":"https:\/\/www.dudelange.lu\/index.php\/actualites\/fundamentals-team-letzebuerg\/","title":{"rendered":"FUNdamentals Team L\u00ebtzebuerg"},"content":{"rendered":"<p><strong><span class=\"fontstyle0\">Les enfants de Dudelange d\u00e9couvrent diff\u00e9rents sports<\/span><\/strong><\/p>\n<p><span class=\"fontstyle2\">[FR] Le projet <\/span><span class=\"fontstyle3\">\u00ab\u202fFUNdamentals Team L\u00ebtzebuerg\u202f\u00bb <\/span><span class=\"fontstyle2\">vise \u00e0 faire bouger les enfants et \u00e0 leur donner envie de d\u00e9couvrir de nouveaux sports.<\/span><\/p>\n<p><span class=\"fontstyle2\">Au cours de plusieurs semaines, \u00e0 la fin de l\u2019ann\u00e9e derni\u00e8re et au d\u00e9but de cette ann\u00e9e, ont \u00e9t\u00e9 organis\u00e9es diff\u00e9rentes activit\u00e9s sportives. De nombreux enfants des Maisons relais de Dudelange y ont particip\u00e9. Il s\u2019agit d\u2019une initiative de l\u2019Institut national de l\u2019activit\u00e9 physique et des sports (INAPS) et de l\u2019Agence pour le d\u00e9veloppement de la Qualit\u00e9 dans les secteurs de l\u2019Enfance et de la Jeunesse.<\/span><\/p>\n<p><span class=\"fontstyle2\">Ces activit\u00e9s sportives ont \u00e9t\u00e9 propos\u00e9es en \u00e9troite collaboration avec diff\u00e9rents clubs sportifs de Dudelange, notamment le club de handball HBD, le club de Judo et de Ju-jitsu Dudelange, le club de tennis de table et le Cercle Athl\u00e9tique CAD.<\/span><\/p>\n<p><span class=\"fontstyle2\">L\u2019objectif de ce projet est de transmettre aux enfants le plaisir de bouger et de leur faciliter l\u2019acc\u00e8s aux clubs sportifs de Dudelange. La motricit\u00e9 est un \u00e9l\u00e9ment essentiel du d\u00e9veloppement de l\u2019enfant et constitue \u00e9galement un objectif important de l\u2019\u00e9ducation non formelle. <\/span><\/p>\n<p><span class=\"fontstyle2\">Nous tenons \u00e0 remercier les clubs et les entra\u00eeneur\u00b7ses pour leur engagement. Ils\u00b7Elles ont transmis aux enfants leur amour du sport et leur ont donn\u00e9 le go\u00fbt de l\u2019activit\u00e9 physique et de la sant\u00e9.<\/span><\/p>\n<table style=\"border-collapse: collapse; width: 100%;\">\n<tbody>\n<tr>\n<td style=\"width: 25%;\"><img decoding=\"async\" class=\"lazyload size-full wp-image-30585 aligncenter\" src=\"data:image\/svg+xml,%3Csvg%20xmlns%3D%27http%3A%2F%2Fwww.w3.org%2F2000%2Fsvg%27%20width%3D%272048%27%20height%3D%271365%27%20viewBox%3D%270%200%202048%201365%27%3E%3Crect%20width%3D%272048%27%20height%3D%271365%27%20fill-opacity%3D%220%22%2F%3E%3C%2Fsvg%3E\" data-orig-src=\"https:\/\/sadudelangedata.blob.core.windows.net\/files\/2026\/04\/VdD_SEA_CAD_Brill_iNET-72dpi-\u00a9-Marc-Lazzarini-standart-16.jpg\" alt=\"\" width=\"2048\" height=\"1365\" \/><\/td>\n<td style=\"width: 25%;\"><img decoding=\"async\" class=\"lazyload size-full wp-image-30587 aligncenter\" src=\"data:image\/svg+xml,%3Csvg%20xmlns%3D%27http%3A%2F%2Fwww.w3.org%2F2000%2Fsvg%27%20width%3D%272048%27%20height%3D%271365%27%20viewBox%3D%270%200%202048%201365%27%3E%3Crect%20width%3D%272048%27%20height%3D%271365%27%20fill-opacity%3D%220%22%2F%3E%3C%2Fsvg%3E\" data-orig-src=\"https:\/\/sadudelangedata.blob.core.windows.net\/files\/2026\/04\/VdD_SEA_CAD_Brill_iNET-72dpi-\u00a9-Marc-Lazzarini-standart-14.jpg\" alt=\"\" width=\"2048\" height=\"1365\" \/><\/td>\n<td style=\"width: 25%;\"><img decoding=\"async\" class=\"lazyload size-full wp-image-30588 aligncenter\" src=\"data:image\/svg+xml,%3Csvg%20xmlns%3D%27http%3A%2F%2Fwww.w3.org%2F2000%2Fsvg%27%20width%3D%272048%27%20height%3D%271365%27%20viewBox%3D%270%200%202048%201365%27%3E%3Crect%20width%3D%272048%27%20height%3D%271365%27%20fill-opacity%3D%220%22%2F%3E%3C%2Fsvg%3E\" data-orig-src=\"https:\/\/sadudelangedata.blob.core.windows.net\/files\/2026\/04\/VdD_SEA_Brill__Handball_Sporthal_2025_iNet72dpi\u00a9MichaelDias-standart-1.jpg\" alt=\"\" width=\"2048\" height=\"1365\" \/><\/td>\n<td style=\"width: 25%;\"><img decoding=\"async\" class=\"lazyload size-full wp-image-30589 aligncenter\" src=\"data:image\/svg+xml,%3Csvg%20xmlns%3D%27http%3A%2F%2Fwww.w3.org%2F2000%2Fsvg%27%20width%3D%272048%27%20height%3D%271365%27%20viewBox%3D%270%200%202048%201365%27%3E%3Crect%20width%3D%272048%27%20height%3D%271365%27%20fill-opacity%3D%220%22%2F%3E%3C%2Fsvg%3E\" data-orig-src=\"https:\/\/sadudelangedata.blob.core.windows.net\/files\/2026\/04\/VdD_SEA_Brill__Handball_Sporthal_2025_iNet72dpi\u00a9MichaelDias-standart-3.jpg\" alt=\"\" width=\"2048\" height=\"1365\" \/><\/td>\n<\/tr>\n<tr>\n<td style=\"width: 25%;\"><img decoding=\"async\" class=\"lazyload size-full wp-image-30590 aligncenter\" src=\"data:image\/svg+xml,%3Csvg%20xmlns%3D%27http%3A%2F%2Fwww.w3.org%2F2000%2Fsvg%27%20width%3D%272048%27%20height%3D%271365%27%20viewBox%3D%270%200%202048%201365%27%3E%3Crect%20width%3D%272048%27%20height%3D%271365%27%20fill-opacity%3D%220%22%2F%3E%3C%2Fsvg%3E\" data-orig-src=\"https:\/\/sadudelangedata.blob.core.windows.net\/files\/2026\/04\/VdD_SEA_Brill__Handball_Sporthal_2025_iNet72dpi\u00a9MichaelDias-standart-14.jpg\" alt=\"\" width=\"2048\" height=\"1365\" \/><\/td>\n<td style=\"width: 25%;\"><img decoding=\"async\" class=\"lazyload size-full wp-image-30591 aligncenter\" src=\"data:image\/svg+xml,%3Csvg%20xmlns%3D%27http%3A%2F%2Fwww.w3.org%2F2000%2Fsvg%27%20width%3D%272048%27%20height%3D%271365%27%20viewBox%3D%270%200%202048%201365%27%3E%3Crect%20width%3D%272048%27%20height%3D%271365%27%20fill-opacity%3D%220%22%2F%3E%3C%2Fsvg%3E\" data-orig-src=\"https:\/\/sadudelangedata.blob.core.windows.net\/files\/2026\/04\/VdD_SEA_Judo_MR-Ribeschpont_iNET-72dpi-\u00a9-Marc-Lazzarini-standart-2.jpg\" alt=\"\" width=\"2048\" height=\"1365\" \/><\/td>\n<td style=\"width: 25%;\"><img decoding=\"async\" class=\"lazyload size-full wp-image-30592 aligncenter\" src=\"data:image\/svg+xml,%3Csvg%20xmlns%3D%27http%3A%2F%2Fwww.w3.org%2F2000%2Fsvg%27%20width%3D%272048%27%20height%3D%271365%27%20viewBox%3D%270%200%202048%201365%27%3E%3Crect%20width%3D%272048%27%20height%3D%271365%27%20fill-opacity%3D%220%22%2F%3E%3C%2Fsvg%3E\" data-orig-src=\"https:\/\/sadudelangedata.blob.core.windows.net\/files\/2026\/04\/VdD_SEA_Judo_MR-Ribeschpont_iNET-72dpi-\u00a9-Marc-Lazzarini-standart-20.jpg\" alt=\"\" width=\"2048\" height=\"1365\" \/><\/td>\n<td style=\"width: 25%;\"><img decoding=\"async\" class=\"lazyload size-full wp-image-30594 aligncenter\" src=\"data:image\/svg+xml,%3Csvg%20xmlns%3D%27http%3A%2F%2Fwww.w3.org%2F2000%2Fsvg%27%20width%3D%272048%27%20height%3D%271364%27%20viewBox%3D%270%200%202048%201364%27%3E%3Crect%20width%3D%272048%27%20height%3D%271364%27%20fill-opacity%3D%220%22%2F%3E%3C%2Fsvg%3E\" data-orig-src=\"https:\/\/sadudelangedata.blob.core.windows.net\/files\/2026\/04\/VdD_SEA_TischTennis_Strutzbierg_2026_iNet72dpi\u00a9MichaelDias-standart-8.jpg\" alt=\"\" width=\"2048\" height=\"1364\" \/><\/td>\n<\/tr>\n<\/tbody>\n<\/table>\n<p>Photos \u00a9 Marc Lazzarini\/Michael Dias<\/p>\n<p>&nbsp;<\/p>\n<p><strong><span class=\"fontstyle0\">Kinder aus D\u00fcdelingen lernen verschiedene Sportarten kennen<\/span><\/strong><\/p>\n<p><span class=\"fontstyle0\">[DE] <\/span><span class=\"fontstyle2\">Das Projekt <\/span><span class=\"fontstyle3\">\u201eFUNdamentals Team L\u00ebtzebuerg\u201c <\/span><span class=\"fontstyle2\">m\u00f6chte Kinder in Bewegung bringen und f\u00fcr neue Sportarten begeistern.<\/span><\/p>\n<p><span class=\"fontstyle2\">\u00dcber mehrere Wochen wurden letztes und Anfang dieses Jahres unterschiedliche Sportaktivit\u00e4ten organisiert. Viele Kinder aus den Maisons Relais in D\u00fcdelingen haben mitgemacht. Es handelt sich um eine Initiative des Institut national de l\u2019activit\u00e9 physique et des sports (INAPS) und der Agence pour le d\u00e9veloppement de la Qualit\u00e9 dans les secteurs de l\u2019Enfance et de la Jeunesse.<\/span><\/p>\n<p><span class=\"fontstyle2\">In enger Zusammenarbeit mit verschiedenen D\u00fcdelinger Sportvereinen \u2013 darunter dem Handballclub HBD, dem Judo- und Ju-Jitsu-Verein Diddeleng, dem Tischtennisverein und dem Cercle Athl\u00e9tique CAD \u2013 wurden Sportaktivit\u00e4ten angeboten.<\/span><\/p>\n<p><span class=\"fontstyle2\">Ziel dieses Projekts ist es, den Kindern Spa\u00df an Bewegung zu vermitteln und ihnen den Zugang zu den D\u00fcdelinger Sportvereinen zu erleichtern. Die Motorik ist ein wichtiger Bestandteil in der Entwicklung eines Kindes und ebenfalls ein wichtiges Ziel non-formaler Bildung.<\/span><\/p>\n<p><span class=\"fontstyle2\">Wir m\u00f6chten uns bei den Vereinen und Trainer*innen f\u00fcr Ihr Engagement bedanken. Sie haben den Kindern ihre Liebe zum Sport vermittelt und sie f\u00fcr Bewegung und Gesundheit begeistert.<\/span><\/p>\n<table style=\"border-collapse: collapse; width: 100%;\">\n<tbody>\n<tr>\n<td style=\"width: 25%;\"><img decoding=\"async\" class=\"lazyload size-full wp-image-30595 aligncenter\" src=\"data:image\/svg+xml,%3Csvg%20xmlns%3D%27http%3A%2F%2Fwww.w3.org%2F2000%2Fsvg%27%20width%3D%271364%27%20height%3D%272048%27%20viewBox%3D%270%200%201364%202048%27%3E%3Crect%20width%3D%271364%27%20height%3D%272048%27%20fill-opacity%3D%220%22%2F%3E%3C%2Fsvg%3E\" data-orig-src=\"https:\/\/sadudelangedata.blob.core.windows.net\/files\/2026\/04\/VdD_SEA_TischTennis_Strutzbierg_2026_iNet72dpi\u00a9MichaelDias-standart-5.jpg\" alt=\"\" width=\"1364\" height=\"2048\" \/><\/td>\n<td style=\"width: 25%;\"><img decoding=\"async\" class=\"lazyload size-full wp-image-30596 aligncenter\" src=\"data:image\/svg+xml,%3Csvg%20xmlns%3D%27http%3A%2F%2Fwww.w3.org%2F2000%2Fsvg%27%20width%3D%271365%27%20height%3D%272048%27%20viewBox%3D%270%200%201365%202048%27%3E%3Crect%20width%3D%271365%27%20height%3D%272048%27%20fill-opacity%3D%220%22%2F%3E%3C%2Fsvg%3E\" data-orig-src=\"https:\/\/sadudelangedata.blob.core.windows.net\/files\/2026\/04\/VdD_SEA_Judo_MR-Ribeschpont_iNET-72dpi-\u00a9-Marc-Lazzarini-standart-8.jpg\" alt=\"\" width=\"1365\" height=\"2048\" \/><\/td>\n<td style=\"width: 25%;\"><img decoding=\"async\" class=\"lazyload size-full wp-image-30597 aligncenter\" src=\"data:image\/svg+xml,%3Csvg%20xmlns%3D%27http%3A%2F%2Fwww.w3.org%2F2000%2Fsvg%27%20width%3D%271365%27%20height%3D%272048%27%20viewBox%3D%270%200%201365%202048%27%3E%3Crect%20width%3D%271365%27%20height%3D%272048%27%20fill-opacity%3D%220%22%2F%3E%3C%2Fsvg%3E\" data-orig-src=\"https:\/\/sadudelangedata.blob.core.windows.net\/files\/2026\/04\/VdD_SEA_Brill__Handball_Sporthal_2025_iNet72dpi\u00a9MichaelDias-standart-11.jpg\" alt=\"\" width=\"1365\" height=\"2048\" \/><\/td>\n<td style=\"width: 25%;\"><img decoding=\"async\" class=\"lazyload size-full wp-image-30599 aligncenter\" src=\"data:image\/svg+xml,%3Csvg%20xmlns%3D%27http%3A%2F%2Fwww.w3.org%2F2000%2Fsvg%27%20width%3D%271365%27%20height%3D%272048%27%20viewBox%3D%270%200%201365%202048%27%3E%3Crect%20width%3D%271365%27%20height%3D%272048%27%20fill-opacity%3D%220%22%2F%3E%3C%2Fsvg%3E\" data-orig-src=\"https:\/\/sadudelangedata.blob.core.windows.net\/files\/2026\/04\/VdD_SEA_CAD_Brill_iNET-72dpi-\u00a9-Marc-Lazzarini-standart-26.jpg\" alt=\"\" width=\"1365\" height=\"2048\" \/><\/td>\n<\/tr>\n<tr>\n<td style=\"width: 25%;\"><\/td>\n<td style=\"width: 25%;\"><\/td>\n<td style=\"width: 25%;\"><\/td>\n<td style=\"width: 25%;\"><\/td>\n<\/tr>\n<\/tbody>\n<\/table>\n<p>Photos \u00a9 Marc Lazzarini\/Michael Dias<\/p>\n<p>____<\/p>\n<p>&nbsp;<\/p>\n<p><span style=\"font-size: 14pt; color: #ef4030;\"><strong><span class=\"fontstyle0\">Nouvelle aide pour les activit\u00e9s sportives des jeunes<\/span><\/strong><\/span><\/p>\n<p><span class=\"fontstyle0\">[FR] <\/span><span class=\"fontstyle2\">Chers parents et tuteur\u00b7rices l\u00e9gaux\u00b7ales, nous tenons \u00e0 vous informer que la Ville de Dudelange et l\u2019Office social, avec le soutien de l\u2019\u0152uvre Nationale, proposent une nouvelle aide destin\u00e9e \u00e0 permettre aux enfants et aux jeunes issus de familles \u00e0 faibles revenus de pratiquer un sport. <\/span><strong><span class=\"fontstyle3\">Cette aide prend en charge une partie des frais d\u2019inscription dans un club sportif local officiellement enregistr\u00e9, \u00e0 hauteur de 150 euros maximum par an et par enfant.<\/span><\/strong><\/p>\n<p><span style=\"color: #ef4030; font-size: 14pt;\"><strong><span class=\"fontstyle0\">Neue Beihilfe f\u00fcr sportliche Aktivit\u00e4ten von Jugendlichen<\/span><\/strong><\/span><\/p>\n<p><span class=\"fontstyle0\">[DE] <\/span><span class=\"fontstyle2\">Liebe Eltern und Erziehungsberechtigte, wir m\u00f6chten Sie darauf aufmerksam machen, dass die Stadt D\u00fcdelingen und das Sozialamt, mit Unterst\u00fctzung der \u0152uvre Nationale, eine neue Beihilfe anbieten, die Kindern und Jugendlichen aus einkommensschwachen Familien die Teilnahme am Sport erm\u00f6glichen soll. <\/span><strong><span class=\"fontstyle3\">Die Beihilfe \u00fcbernimmt einen Teil der Kosten f\u00fcr die Anmeldung in einem offiziell registrierten lokalen Sportverein in H\u00f6he von maximal 150 Euro pro Jahr und Kind.<\/span><\/strong><\/p>\n<p><strong>Infos &gt;<\/strong> <span style=\"text-decoration: underline;\"><span style=\"color: #ef4030; text-decoration: underline;\"><a style=\"color: #ef4030; text-decoration: underline;\" href=\"https:\/\/www.dudelange.lu\/index.php\/demarches-administratives\/subside-pour-les-activites-sportives-des-jeunes\/\" target=\"_blank\" rel=\"noopener\">https:\/\/www.dudelange.lu\/index.php\/demarches-administratives\/subside-pour-les-activites-sportives-des-jeunes\/<\/a><\/span><\/span><\/p>\n","protected":false},"excerpt":{"rendered":"<p>Les enfants de Dudelange d\u00e9couvrent diff\u00e9rents sports.<\/p>\n","protected":false},"featured_media":30621,"template":"","categories":[],"class_list":["post-30583","actualites","type-actualites","status-publish","has-post-thumbnail","hentry"],"date_debut_affichage":"0000-00-00 00:00:00","date_fin_affichage":"0000-00-00 00:00:00","description_ecran":"","place_hotel_de_ville":"0","gare_dudelange_ville":"0","lycee_nic_biever":"0","preview":"0","visuel_prepare":false,"ordre_affichage_ecran":"0","featured_image_url":"https:\/\/sadudelangedata.blob.core.windows.net\/files\/2026\/04\/Strutzbierg-69e1fc22680fc.jpg","publishpress_future_workflow_manual_trigger":{"enabledWorkflows":[]},"_links":{"self":[{"href":"https:\/\/www.dudelange.lu\/index.php\/wp-json\/wp\/v2\/actualites\/30583","targetHints":{"allow":["GET"]}}],"collection":[{"href":"https:\/\/www.dudelange.lu\/index.php\/wp-json\/wp\/v2\/actualites"}],"about":[{"href":"https:\/\/www.dudelange.lu\/index.php\/wp-json\/wp\/v2\/types\/actualites"}],"wp:featuredmedia":[{"embeddable":true,"href":"https:\/\/www.dudelange.lu\/index.php\/wp-json\/wp\/v2\/media\/30621"}],"wp:attachment":[{"href":"https:\/\/www.dudelange.lu\/index.php\/wp-json\/wp\/v2\/media?parent=30583"}],"wp:term":[{"taxonomy":"category","embeddable":true,"href":"https:\/\/www.dudelange.lu\/index.php\/wp-json\/wp\/v2\/categories?post=30583"}],"curies":[{"name":"wp","href":"https:\/\/api.w.org\/{rel}","templated":true}]}}