{"id":20548,"date":"2023-05-10T15:12:30","date_gmt":"2023-05-10T13:12:30","guid":{"rendered":"https:\/\/www.dudelange.lu\/?post_type=presse&#038;p=20548"},"modified":"2023-05-10T15:12:30","modified_gmt":"2023-05-10T13:12:30","slug":"lecture-et-presentation-du-plan-daction-communal-a-legalite","status":"publish","type":"presse","link":"https:\/\/www.dudelange.lu\/index.php\/presse\/lecture-et-presentation-du-plan-daction-communal-a-legalite\/","title":{"rendered":"Lecture et pr\u00e9sentation du Plan d&rsquo;action communal \u00e0 l&rsquo;\u00e9galit\u00e9"},"featured_media":20552,"template":"","tags":[],"class_list":["post-20548","presse","type-presse","status-publish","has-post-thumbnail","hentry"],"publishpress_future_action":{"enabled":false,"date":"2026-05-07 15:10:27","action":"change-status","newStatus":"trash","terms":[],"taxonomy":"post_tag","extraData":[]},"publishpress_future_workflow_manual_trigger":{"enabledWorkflows":[]},"_links":{"self":[{"href":"https:\/\/www.dudelange.lu\/index.php\/wp-json\/wp\/v2\/presse\/20548","targetHints":{"allow":["GET"]}}],"collection":[{"href":"https:\/\/www.dudelange.lu\/index.php\/wp-json\/wp\/v2\/presse"}],"about":[{"href":"https:\/\/www.dudelange.lu\/index.php\/wp-json\/wp\/v2\/types\/presse"}],"wp:featuredmedia":[{"embeddable":true,"href":"https:\/\/www.dudelange.lu\/index.php\/wp-json\/wp\/v2\/media\/20552"}],"wp:attachment":[{"href":"https:\/\/www.dudelange.lu\/index.php\/wp-json\/wp\/v2\/media?parent=20548"}],"wp:term":[{"taxonomy":"post_tag","embeddable":true,"href":"https:\/\/www.dudelange.lu\/index.php\/wp-json\/wp\/v2\/tags?post=20548"}],"curies":[{"name":"wp","href":"https:\/\/api.w.org\/{rel}","templated":true}]}}