{"id":21833,"date":"2023-09-14T12:34:04","date_gmt":"2023-09-14T10:34:04","guid":{"rendered":"https:\/\/www.dudelange.lu\/?post_type=presse&#038;p=21833"},"modified":"2023-09-14T12:43:04","modified_gmt":"2023-09-14T10:43:04","slug":"inauguration-du-batiment-provisoire-a-ecole-brill","status":"publish","type":"presse","link":"https:\/\/www.dudelange.lu\/index.php\/presse\/inauguration-du-batiment-provisoire-a-ecole-brill\/","title":{"rendered":"Inauguration du b\u00e2timent provisoire \u00e0 \u00e9cole Brill"},"featured_media":21845,"template":"","tags":[],"class_list":["post-21833","presse","type-presse","status-publish","has-post-thumbnail","hentry"],"publishpress_future_action":{"enabled":false,"date":"2026-05-08 00:33:29","action":"change-status","newStatus":"trash","terms":[],"taxonomy":"post_tag","extraData":[]},"publishpress_future_workflow_manual_trigger":{"enabledWorkflows":[]},"_links":{"self":[{"href":"https:\/\/www.dudelange.lu\/index.php\/wp-json\/wp\/v2\/presse\/21833","targetHints":{"allow":["GET"]}}],"collection":[{"href":"https:\/\/www.dudelange.lu\/index.php\/wp-json\/wp\/v2\/presse"}],"about":[{"href":"https:\/\/www.dudelange.lu\/index.php\/wp-json\/wp\/v2\/types\/presse"}],"wp:featuredmedia":[{"embeddable":true,"href":"https:\/\/www.dudelange.lu\/index.php\/wp-json\/wp\/v2\/media\/21845"}],"wp:attachment":[{"href":"https:\/\/www.dudelange.lu\/index.php\/wp-json\/wp\/v2\/media?parent=21833"}],"wp:term":[{"taxonomy":"post_tag","embeddable":true,"href":"https:\/\/www.dudelange.lu\/index.php\/wp-json\/wp\/v2\/tags?post=21833"}],"curies":[{"name":"wp","href":"https:\/\/api.w.org\/{rel}","templated":true}]}}